{"id":38460,"date":"2026-03-13T19:59:00","date_gmt":"2026-03-13T22:59:00","guid":{"rendered":"https:\/\/diariodocomercio.com.br\/mix\/?p=38460"},"modified":"2026-03-13T19:57:28","modified_gmt":"2026-03-13T22:57:28","slug":"brasileiros-recebem-banho-de-agua-fria-e-ate-quem-recebe-pouco-precisara-pagar-imposto-de-renda-em-2026","status":"publish","type":"post","link":"https:\/\/diariodocomercio.com.br\/mix\/brasileiros-recebem-banho-de-agua-fria-e-ate-quem-recebe-pouco-precisara-pagar-imposto-de-renda-em-2026\/","title":{"rendered":"Brasileiros recebem banho de \u00e1gua fria e at\u00e9 quem recebe pouco precisar\u00e1 pagar Imposto de Renda em 2026"},"content":{"rendered":"\n<p>Desde janeiro de 2026, uma nova legisla\u00e7\u00e3o do Imposto de Renda no Brasil isenta contribuintes com rendimentos mensais de <strong>at\u00e9 R$ 5 mil.<\/strong> A medida busca aliviar a carga tribut\u00e1ria, mas seus efeitos financeiros s\u00f3 ser\u00e3o percept\u00edveis na declara\u00e7\u00e3o de <strong>2027<\/strong>.<\/p>\n\n\n\n<p>Trabalhadores e aposentados com sal\u00e1rio de at\u00e9 R$ 5 mil por m\u00eas se beneficiam diretamente da isen\u00e7\u00e3o. Contudo, para aqueles que ganham entre R$ 5.000,01 e R$ 7.350,00, haver\u00e1 um desconto progressivo no imposto, com redu\u00e7\u00e3o m\u00e1xima de at\u00e9 R$ 978,62, conforme a renda. Essa mudan\u00e7a representa um al\u00edvio significativo para muitos brasileiros.<\/p>\n\n\n\n<p>Implementada desde janeiro de 2026, a isen\u00e7\u00e3o impacta os sal\u00e1rios a partir de fevereiro. O benef\u00edcio ser\u00e1 confirmado apenas na declara\u00e7\u00e3o de 2027. Contribuintes devem planejar suas finan\u00e7as para aproveitar ao m\u00e1ximo as novas regras.<\/p>\n\n\n\n<h2 class=\"wp-block-heading\">Alternativas fiscais e mudan\u00e7as nas al\u00edquotas<\/h2>\n\n\n\n<p>As faixas de al\u00edquota do Imposto de Renda permanecem inalteradas, variando entre 7,5% e 27,5%. Contudo, a introdu\u00e7\u00e3o de dedu\u00e7\u00f5es fiscais pretende simplificar o processo de c\u00e1lculo.<\/p>\n\n\n\n<p>A Receita Federal divulgou em novembro de 2025 as normas finais para a implementa\u00e7\u00e3o, com a Lei n\u00ba 15.270\/2025 sancionada pelo presidente Lula.<\/p>\n\n\n\n<p>Os contribuintes precisam se atentar \u00e0s novas regras para evitar mal-entendidos e garantir que a declara\u00e7\u00e3o esteja precisa.<\/p>\n\n\n\n<h2 class=\"wp-block-heading\">Declara\u00e7\u00f5es&nbsp;<\/h2>\n\n\n\n<p>Mesmo beneficiados pela isen\u00e7\u00e3o, contribuintes com bens de alto valor ou outros rendimentos isentos devem declarar ao Fisco. A n\u00e3o entrega das declara\u00e7\u00f5es pode resultar em multas.<\/p>\n\n\n\n<p>A utiliza\u00e7\u00e3o da declara\u00e7\u00e3o pr\u00e9-preenchida \u00e9 recomendada para evitar erros e garantir a precis\u00e3o das informa\u00e7\u00f5es.<\/p>\n\n\n\n<p>A introdu\u00e7\u00e3o das novas normas \u00e9 um passo no processo de desburocratiza\u00e7\u00e3o do sistema tribut\u00e1rio, mas exige aten\u00e7\u00e3o e preparo dos brasileiros.<\/p>\n","protected":false},"excerpt":{"rendered":"<p>Contribuintes precisam se atentar \u00e0s novas regras para evitar mal-entendidos.<\/p>\n","protected":false},"author":12,"featured_media":11800,"comment_status":"closed","ping_status":"closed","sticky":false,"template":"","format":"standard","meta":{"jnews-multi-image_gallery":[],"jnews_single_post":{"format":"standard"},"jnews_primary_category":[],"jnews_social_meta":[],"jnews_override_counter":[],"jnews_post_split":[],"footnotes":""},"categories":[1],"tags":[],"class_list":["post-38460","post","type-post","status-publish","format-standard","has-post-thumbnail","hentry","category-geral"],"_referencia":"","_links":{"self":[{"href":"https:\/\/diariodocomercio.com.br\/mix\/wp-json\/wp\/v2\/posts\/38460","targetHints":{"allow":["GET"]}}],"collection":[{"href":"https:\/\/diariodocomercio.com.br\/mix\/wp-json\/wp\/v2\/posts"}],"about":[{"href":"https:\/\/diariodocomercio.com.br\/mix\/wp-json\/wp\/v2\/types\/post"}],"author":[{"embeddable":true,"href":"https:\/\/diariodocomercio.com.br\/mix\/wp-json\/wp\/v2\/users\/12"}],"replies":[{"embeddable":true,"href":"https:\/\/diariodocomercio.com.br\/mix\/wp-json\/wp\/v2\/comments?post=38460"}],"version-history":[{"count":1,"href":"https:\/\/diariodocomercio.com.br\/mix\/wp-json\/wp\/v2\/posts\/38460\/revisions"}],"predecessor-version":[{"id":38461,"href":"https:\/\/diariodocomercio.com.br\/mix\/wp-json\/wp\/v2\/posts\/38460\/revisions\/38461"}],"wp:featuredmedia":[{"embeddable":true,"href":"https:\/\/diariodocomercio.com.br\/mix\/wp-json\/wp\/v2\/media\/11800"}],"wp:attachment":[{"href":"https:\/\/diariodocomercio.com.br\/mix\/wp-json\/wp\/v2\/media?parent=38460"}],"wp:term":[{"taxonomy":"category","embeddable":true,"href":"https:\/\/diariodocomercio.com.br\/mix\/wp-json\/wp\/v2\/categories?post=38460"},{"taxonomy":"post_tag","embeddable":true,"href":"https:\/\/diariodocomercio.com.br\/mix\/wp-json\/wp\/v2\/tags?post=38460"}],"curies":[{"name":"wp","href":"https:\/\/api.w.org\/{rel}","templated":true}]}}