{"id":38462,"date":"2026-03-13T20:22:00","date_gmt":"2026-03-13T23:22:00","guid":{"rendered":"https:\/\/diariodocomercio.com.br\/mix\/?p=38462"},"modified":"2026-03-13T20:10:38","modified_gmt":"2026-03-13T23:10:38","slug":"primeiro-caso-de-prisao-de-robo-e-registrado-no-mundo","status":"publish","type":"post","link":"https:\/\/diariodocomercio.com.br\/mix\/primeiro-caso-de-prisao-de-robo-e-registrado-no-mundo\/","title":{"rendered":"Primeiro caso de pris\u00e3o de rob\u00f4 \u00e9 registrado no mundo"},"content":{"rendered":"\n<p>Um <strong>rob\u00f4 human\u00f3ide <\/strong>causou um alvoro\u00e7o em Macau, <strong>China<\/strong>, na noite de 5 de mar\u00e7o de 2026. O incidente ocorreu quando a m\u00e1quina, operada por um centro educacional local, assustou uma idosa ao se aproximar inesperadamente enquanto ela usava o celular.<\/p>\n\n\n\n<p>A idosa se sentiu mal ap\u00f3s perceber a presen\u00e7a do rob\u00f4, que operava em atividades promocionais. Ela foi levada ao hospital e liberada sem les\u00f5es f\u00edsicas. Autoridades locais recolheram o rob\u00f4 e orientaram o operador, um homem na casa dos cinquenta anos, sobre o uso cauteloso do equipamento em locais p\u00fablicos.<\/p>\n\n\n\n<h2 class=\"wp-block-heading\">Impacto nas redes sociais<\/h2>\n\n\n\n<p>O incidente gerou diversas rea\u00e7\u00f5es nas plataformas digitais. Muitos internautas questionaram a utilidade e seguran\u00e7a dos rob\u00f4s humanoides em locais movimentados.<\/p>\n\n\n\n<p>Compartilhamentos e discuss\u00f5es sobre protocolos de intera\u00e7\u00e3o com esses dispositivos tornaram-se comuns. Este epis\u00f3dio destaca a crescente presen\u00e7a de rob\u00f4s humanoides na sociedade contempor\u00e2nea.\u00a0<\/p>\n\n\n\n<p>Os rob\u00f4s humanoides surgiram da combina\u00e7\u00e3o entre a imagina\u00e7\u00e3o da fic\u00e7\u00e3o cient\u00edfica, o desejo humano de criar vida artificial (aut\u00f4matos) e o avan\u00e7o da engenharia no s\u00e9culo XX. Eles evolu\u00edram de figuras mec\u00e2nicas simples para m\u00e1quinas complexas, com o objetivo de imitar a forma e as fun\u00e7\u00f5es humanas para operar em ambientes projetados para pessoas.<\/p>\n\n\n\n<p>A China lidera de forma absoluta a produ\u00e7\u00e3o e uso de rob\u00f4s humanoides, respondendo por cerca de 90% das vendas globais em 2025 e dominando o mercado com empresas como Unitree, AgiBot e UBTech.&nbsp;<\/p>\n","protected":false},"excerpt":{"rendered":"<p>Autoridades locais recolheram o rob\u00f4 e orientaram o operador, um homem na casa dos cinquenta anos.<\/p>\n","protected":false},"author":12,"featured_media":38463,"comment_status":"closed","ping_status":"closed","sticky":false,"template":"","format":"standard","meta":{"jnews-multi-image_gallery":[],"jnews_single_post":{"format":"standard"},"jnews_primary_category":[],"jnews_social_meta":[],"jnews_override_counter":[],"jnews_post_split":[],"footnotes":""},"categories":[1],"tags":[],"class_list":["post-38462","post","type-post","status-publish","format-standard","has-post-thumbnail","hentry","category-geral"],"_referencia":"","_links":{"self":[{"href":"https:\/\/diariodocomercio.com.br\/mix\/wp-json\/wp\/v2\/posts\/38462","targetHints":{"allow":["GET"]}}],"collection":[{"href":"https:\/\/diariodocomercio.com.br\/mix\/wp-json\/wp\/v2\/posts"}],"about":[{"href":"https:\/\/diariodocomercio.com.br\/mix\/wp-json\/wp\/v2\/types\/post"}],"author":[{"embeddable":true,"href":"https:\/\/diariodocomercio.com.br\/mix\/wp-json\/wp\/v2\/users\/12"}],"replies":[{"embeddable":true,"href":"https:\/\/diariodocomercio.com.br\/mix\/wp-json\/wp\/v2\/comments?post=38462"}],"version-history":[{"count":1,"href":"https:\/\/diariodocomercio.com.br\/mix\/wp-json\/wp\/v2\/posts\/38462\/revisions"}],"predecessor-version":[{"id":38466,"href":"https:\/\/diariodocomercio.com.br\/mix\/wp-json\/wp\/v2\/posts\/38462\/revisions\/38466"}],"wp:featuredmedia":[{"embeddable":true,"href":"https:\/\/diariodocomercio.com.br\/mix\/wp-json\/wp\/v2\/media\/38463"}],"wp:attachment":[{"href":"https:\/\/diariodocomercio.com.br\/mix\/wp-json\/wp\/v2\/media?parent=38462"}],"wp:term":[{"taxonomy":"category","embeddable":true,"href":"https:\/\/diariodocomercio.com.br\/mix\/wp-json\/wp\/v2\/categories?post=38462"},{"taxonomy":"post_tag","embeddable":true,"href":"https:\/\/diariodocomercio.com.br\/mix\/wp-json\/wp\/v2\/tags?post=38462"}],"curies":[{"name":"wp","href":"https:\/\/api.w.org\/{rel}","templated":true}]}}