{"id":38464,"date":"2026-03-15T15:53:00","date_gmt":"2026-03-15T18:53:00","guid":{"rendered":"https:\/\/diariodocomercio.com.br\/mix\/?p=38464"},"modified":"2026-03-13T20:05:03","modified_gmt":"2026-03-13T23:05:03","slug":"medicamento-famoso-entre-jovens-pode-causar-avc-infarto-e-ate-perda-da-visao","status":"publish","type":"post","link":"https:\/\/diariodocomercio.com.br\/mix\/medicamento-famoso-entre-jovens-pode-causar-avc-infarto-e-ate-perda-da-visao\/","title":{"rendered":"Medicamento famoso entre jovens pode causar AVC, infarto e at\u00e9 perda da vis\u00e3o"},"content":{"rendered":"\n<p>O uso recreativo de <strong>tadalafila <\/strong>entre jovens brasileiros em 2026 levanta preocupa\u00e7\u00f5es s\u00e9rias devido aos riscos de sa\u00fade envolvidos. Originalmente destinado ao tratamento da disfun\u00e7\u00e3o er\u00e9til em homens adultos, o medicamento est\u00e1 sendo utilizado sem prescri\u00e7\u00e3o m\u00e9dica por jovens buscando melhorar o desempenho sexual e muscular.<\/p>\n\n\n\n<p>Essa pr\u00e1tica tem se tornado comum principalmente devido \u00e0 influ\u00eancia das redes sociais, que promovem o medicamento de forma equivocada.<\/p>\n\n\n\n<p>O consumo de tadalafila sem indica\u00e7\u00e3o m\u00e9dica \u00e9 alimentado por press\u00f5es sociais e psicol\u00f3gicas. Jovens buscam o f\u00e1rmaco como uma solu\u00e7\u00e3o para inseguran\u00e7as e para aumentar a confian\u00e7a antes do sexo.<\/p>\n\n\n\n<p>No entanto, n\u00e3o h\u00e1 comprova\u00e7\u00e3o cient\u00edfica de que a tadalafila ofere\u00e7a benef\u00edcios f\u00edsicos a indiv\u00edduos sem disfun\u00e7\u00e3o er\u00e9til, sugerindo que quaisquer melhoras percebidas sejam de natureza psicol\u00f3gica.<\/p>\n\n\n\n<h2 class=\"wp-block-heading\">Efeitos colaterais e riscos<\/h2>\n\n\n\n<p>Usar inibidores de fosfodiesterase tipo 5 como a tadalafila irresponsavelmente pode gerar efeitos colaterais significativos. Entre os riscos, est\u00e3o vasodilata\u00e7\u00e3o sist\u00eamica, resultando em rubor facial, congest\u00e3o nasal e, potencialmente, complica\u00e7\u00f5es mais graves como taquicardia.<\/p>\n\n\n\n<p>O uso indevido do medicamento tamb\u00e9m pode causar AVC, perda da vis\u00e3o e infarto.<\/p>\n\n\n\n<p>A combina\u00e7\u00e3o com \u00e1lcool agrava esses perigos, podendo levar a problemas cardiovasculares s\u00e9rios.<\/p>\n\n\n\n<p>O acesso ao medicamento sem receita m\u00e9dica facilita seu uso indevido, expondo ainda mais jovens a riscos. Esse cen\u00e1rio \u00e9 agravado pela falta de regulamenta\u00e7\u00e3o r\u00edgida e por campanhas publicit\u00e1rias informais nas redes sociais.<\/p>\n\n\n\n<p>Campanhas de conscientiza\u00e7\u00e3o s\u00e3o realizadas para educar a popula\u00e7\u00e3o jovem sobre os perigos dessa pr\u00e1tica. A Anvisa emitiu alertas sobre os riscos associados ao consumo desenfreado de subst\u00e2ncias prescritas como a tadalafila sem necessidade m\u00e9dica.&nbsp;<\/p>\n","protected":false},"excerpt":{"rendered":"<p>Pr\u00e1tica tem se tornado comum principalmente devido \u00e0 influ\u00eancia das redes sociais.<\/p>\n","protected":false},"author":12,"featured_media":14679,"comment_status":"closed","ping_status":"closed","sticky":false,"template":"","format":"standard","meta":{"jnews-multi-image_gallery":[],"jnews_single_post":{"format":"standard"},"jnews_primary_category":[],"jnews_social_meta":[],"jnews_override_counter":[],"jnews_post_split":[],"footnotes":""},"categories":[1],"tags":[],"class_list":["post-38464","post","type-post","status-publish","format-standard","has-post-thumbnail","hentry","category-geral"],"_referencia":"","_links":{"self":[{"href":"https:\/\/diariodocomercio.com.br\/mix\/wp-json\/wp\/v2\/posts\/38464","targetHints":{"allow":["GET"]}}],"collection":[{"href":"https:\/\/diariodocomercio.com.br\/mix\/wp-json\/wp\/v2\/posts"}],"about":[{"href":"https:\/\/diariodocomercio.com.br\/mix\/wp-json\/wp\/v2\/types\/post"}],"author":[{"embeddable":true,"href":"https:\/\/diariodocomercio.com.br\/mix\/wp-json\/wp\/v2\/users\/12"}],"replies":[{"embeddable":true,"href":"https:\/\/diariodocomercio.com.br\/mix\/wp-json\/wp\/v2\/comments?post=38464"}],"version-history":[{"count":1,"href":"https:\/\/diariodocomercio.com.br\/mix\/wp-json\/wp\/v2\/posts\/38464\/revisions"}],"predecessor-version":[{"id":38465,"href":"https:\/\/diariodocomercio.com.br\/mix\/wp-json\/wp\/v2\/posts\/38464\/revisions\/38465"}],"wp:featuredmedia":[{"embeddable":true,"href":"https:\/\/diariodocomercio.com.br\/mix\/wp-json\/wp\/v2\/media\/14679"}],"wp:attachment":[{"href":"https:\/\/diariodocomercio.com.br\/mix\/wp-json\/wp\/v2\/media?parent=38464"}],"wp:term":[{"taxonomy":"category","embeddable":true,"href":"https:\/\/diariodocomercio.com.br\/mix\/wp-json\/wp\/v2\/categories?post=38464"},{"taxonomy":"post_tag","embeddable":true,"href":"https:\/\/diariodocomercio.com.br\/mix\/wp-json\/wp\/v2\/tags?post=38464"}],"curies":[{"name":"wp","href":"https:\/\/api.w.org\/{rel}","templated":true}]}}