{"id":38468,"date":"2026-03-16T08:39:40","date_gmt":"2026-03-16T11:39:40","guid":{"rendered":"https:\/\/diariodocomercio.com.br\/mix\/?p=38468"},"modified":"2026-03-16T08:39:42","modified_gmt":"2026-03-16T11:39:42","slug":"adeus-roupas-de-grife-gucci-surpreendeu-e-criou-carro-para-revolucionar-o-mercado","status":"publish","type":"post","link":"https:\/\/diariodocomercio.com.br\/mix\/adeus-roupas-de-grife-gucci-surpreendeu-e-criou-carro-para-revolucionar-o-mercado\/","title":{"rendered":"Adeus, roupas de grife: Gucci surpreendeu e criou carro para revolucionar o mercado"},"content":{"rendered":"\n<p>Muito antes de colabora\u00e7\u00f5es entre marcas de luxo e montadoras se tornarem comuns, a <strong>Gucci<\/strong> surpreendeu o mercado ao participar da cria\u00e7\u00e3o de um carro exclusivo em parceria com a <strong>Cadillac<\/strong>. O resultado foi o <strong>Cadillac Seville Designed by Gucci<\/strong>, uma edi\u00e7\u00e3o especial lan\u00e7ada em <strong>1978<\/strong> que trouxe a alta moda e engenharia automotiva em sintonia.<\/p>\n\n\n\n<p>O modelo foi apresentado no <strong>Fontainebleau Miami Beach<\/strong>, nos Estados Unidos, com a presen\u00e7a de membros da pr\u00f3pria fam\u00edlia Gucci. Na \u00e9poca, o ve\u00edculo chamava aten\u00e7\u00e3o n\u00e3o apenas pelo visual sofisticado, mas tamb\u00e9m pelo pre\u00e7o elevado: cerca de <strong>US$ 19.900<\/strong>, valor significativamente superior ao de carros convencionais vendidos naquele ano.<\/p>\n\n\n\n<p>A colabora\u00e7\u00e3o partiu de <strong>Aldo Gucci<\/strong>, um dos herdeiros da famosa marca italiana. A ideia era fortalecer a presen\u00e7a da grife no mercado norte-americano e criar um produto que representasse o luxo caracter\u00edstico da marca tamb\u00e9m fora do mundo da moda.<\/p>\n\n\n\n<p>O carro incorporava diversos elementos da identidade visual da Gucci. Entre os destaques estavam <strong>faixas externas nas cores tradicionais vermelho e verde<\/strong>, acabamento com detalhes dourados e um <strong>teto de vinil decorado com o famoso padr\u00e3o \u201cDouble G\u201d<\/strong>, s\u00edmbolo cl\u00e1ssico da marca.<\/p>\n\n\n\n<p>No interior, o luxo continuava com <strong>placas com o nome Gucci no volante e no porta-luvas<\/strong>, bancos de couro personalizados e tecidos com as cores da grife em encostos de cabe\u00e7a, apoios de bra\u00e7o e at\u00e9 nos tapetes.<\/p>\n\n\n\n<figure class=\"wp-block-gallery has-nested-images columns-default is-cropped wp-block-gallery-1 is-layout-flex wp-block-gallery-is-layout-flex\">\n<figure class=\"wp-block-image size-large\"><img decoding=\"async\" width=\"1034\" height=\"1200\" data-id=\"38471\" src=\"https:\/\/diariodocomercio.com.br\/mix\/wp-content\/uploads\/2026\/03\/image-119-1034x1200.png\" alt=\"\" class=\"wp-image-38471\" srcset=\"https:\/\/diariodocomercio.com.br\/mix\/wp-content\/uploads\/2026\/03\/image-119-1034x1200.png 1034w, https:\/\/diariodocomercio.com.br\/mix\/wp-content\/uploads\/2026\/03\/image-119-259x300.png 259w, https:\/\/diariodocomercio.com.br\/mix\/wp-content\/uploads\/2026\/03\/image-119-768x891.png 768w, https:\/\/diariodocomercio.com.br\/mix\/wp-content\/uploads\/2026\/03\/image-119-150x174.png 150w, https:\/\/diariodocomercio.com.br\/mix\/wp-content\/uploads\/2026\/03\/image-119-750x870.png 750w, https:\/\/diariodocomercio.com.br\/mix\/wp-content\/uploads\/2026\/03\/image-119-1140x1322.png 1140w, https:\/\/diariodocomercio.com.br\/mix\/wp-content\/uploads\/2026\/03\/image-119.png 1250w\" sizes=\"(max-width: 1034px) 100vw, 1034px\" \/><\/figure>\n\n\n\n<figure class=\"wp-block-image size-large\"><img decoding=\"async\" width=\"1034\" height=\"1200\" data-id=\"38472\" src=\"https:\/\/diariodocomercio.com.br\/mix\/wp-content\/uploads\/2026\/03\/5cf613746d3f58a7cb957dc006ad2fbf77bba154-1250x1450-1-1034x1200.jpg\" alt=\"\" class=\"wp-image-38472\" srcset=\"https:\/\/diariodocomercio.com.br\/mix\/wp-content\/uploads\/2026\/03\/5cf613746d3f58a7cb957dc006ad2fbf77bba154-1250x1450-1-1034x1200.jpg 1034w, https:\/\/diariodocomercio.com.br\/mix\/wp-content\/uploads\/2026\/03\/5cf613746d3f58a7cb957dc006ad2fbf77bba154-1250x1450-1-259x300.jpg 259w, https:\/\/diariodocomercio.com.br\/mix\/wp-content\/uploads\/2026\/03\/5cf613746d3f58a7cb957dc006ad2fbf77bba154-1250x1450-1-768x891.jpg 768w, https:\/\/diariodocomercio.com.br\/mix\/wp-content\/uploads\/2026\/03\/5cf613746d3f58a7cb957dc006ad2fbf77bba154-1250x1450-1-150x174.jpg 150w, https:\/\/diariodocomercio.com.br\/mix\/wp-content\/uploads\/2026\/03\/5cf613746d3f58a7cb957dc006ad2fbf77bba154-1250x1450-1-750x870.jpg 750w, https:\/\/diariodocomercio.com.br\/mix\/wp-content\/uploads\/2026\/03\/5cf613746d3f58a7cb957dc006ad2fbf77bba154-1250x1450-1-1140x1322.jpg 1140w, https:\/\/diariodocomercio.com.br\/mix\/wp-content\/uploads\/2026\/03\/5cf613746d3f58a7cb957dc006ad2fbf77bba154-1250x1450-1.jpg 1250w\" sizes=\"(max-width: 1034px) 100vw, 1034px\" \/><\/figure>\n<figcaption class=\"blocks-gallery-caption wp-element-caption\">Detalhes do carro na \u00e9poca (Reprodu\u00e7\u00e3o\/Classic Driver)<\/figcaption><\/figure>\n\n\n\n<h2 class=\"wp-block-heading\"><strong>Conjunto de malas exclusivo<\/strong><\/h2>\n\n\n\n<p>Como parte da proposta de exclusividade, os compradores recebiam tamb\u00e9m um <strong>conjunto de cinco malas Gucci feitas sob medida<\/strong>, incluindo pasta executiva e porta-ternos, projetadas para combinar com o estilo do ve\u00edculo.<\/p>\n\n\n\n<p>Os detalhes personalizados tamb\u00e9m estavam presentes nas rodas, que traziam <strong>tampas com o s\u00edmbolo das duas letras \u201cG\u201d entrela\u00e7adas<\/strong>, al\u00e9m de um ornamento dourado no cap\u00f4 com o logotipo da marca.<\/p>\n\n\n\n<figure class=\"wp-block-image size-full\"><img decoding=\"async\" width=\"1200\" height=\"800\" src=\"https:\/\/diariodocomercio.com.br\/mix\/wp-content\/uploads\/2026\/03\/image-121.png\" alt=\"\" class=\"wp-image-38474\" srcset=\"https:\/\/diariodocomercio.com.br\/mix\/wp-content\/uploads\/2026\/03\/image-121.png 1200w, https:\/\/diariodocomercio.com.br\/mix\/wp-content\/uploads\/2026\/03\/image-121-300x200.png 300w, https:\/\/diariodocomercio.com.br\/mix\/wp-content\/uploads\/2026\/03\/image-121-768x512.png 768w, https:\/\/diariodocomercio.com.br\/mix\/wp-content\/uploads\/2026\/03\/image-121-150x100.png 150w, https:\/\/diariodocomercio.com.br\/mix\/wp-content\/uploads\/2026\/03\/image-121-750x500.png 750w, https:\/\/diariodocomercio.com.br\/mix\/wp-content\/uploads\/2026\/03\/image-121-1140x760.png 1140w\" sizes=\"(max-width: 1200px) 100vw, 1200px\" \/><figcaption class=\"wp-element-caption\">(Reprodu\u00e7\u00e3o\/Classic Driver)<\/figcaption><\/figure>\n\n\n\n<p>Embora o n\u00famero oficial de unidades nunca tenha sido confirmado, estima-se que cerca de <strong>200 carros<\/strong> tenham sido produzidos. Atualmente, <strong>apenas cerca de 10 exemplares ainda est\u00e3o em circula\u00e7\u00e3o<\/strong>, o que torna o modelo extremamente raro entre colecionadores de autom\u00f3veis cl\u00e1ssicos.<\/p>\n\n\n\n<p>O Cadillac Seville Gucci foi oferecido em <strong>tr\u00eas cores principais: preto, branco e marrom<\/strong>, todas acompanhadas por detalhes exclusivos da grife italiana.<\/p>\n\n\n\n<h2 class=\"wp-block-heading\"><strong>Um marco entre moda e autom\u00f3veis<\/strong><\/h2>\n\n\n\n<p>A colabora\u00e7\u00e3o entre Gucci e Cadillac se tornou um dos primeiros exemplos bem-sucedidos de integra\u00e7\u00e3o entre <strong>alta costura e ind\u00fastria automotiva<\/strong>. D\u00e9cadas depois, parcerias semelhantes continuaram a surgir, como o <strong>Lamborghini Murci\u00e9lago Versace<\/strong>, o <strong>Maserati GranCabrio Fendi<\/strong> e projetos especiais envolvendo marcas como <strong>Herm\u00e8s e Bugatti<\/strong>.<\/p>\n\n\n\n<p>Mesmo ap\u00f3s tantos anos, o Cadillac Seville Gucci permanece como um s\u00edmbolo de uma \u00e9poca em que o luxo automotivo buscava inspira\u00e7\u00e3o direta nas passarelas da moda.<\/p>\n","protected":false},"excerpt":{"rendered":"<p>Muito antes de colabora\u00e7\u00f5es entre marcas de luxo e montadoras se tornarem comuns, a Gucci surpreendeu o mercado ao participar da cria\u00e7\u00e3o de um carro exclusivo em parceria com a Cadillac. O resultado foi o Cadillac Seville Designed by Gucci, uma edi\u00e7\u00e3o especial lan\u00e7ada em 1978 que trouxe a alta moda e engenharia automotiva em [&hellip;]<\/p>\n","protected":false},"author":9,"featured_media":38475,"comment_status":"closed","ping_status":"closed","sticky":false,"template":"","format":"standard","meta":{"jnews-multi-image_gallery":[],"jnews_single_post":{"format":"standard"},"jnews_primary_category":[],"jnews_social_meta":[],"jnews_override_counter":[],"jnews_post_split":[],"footnotes":""},"categories":[1],"tags":[],"class_list":["post-38468","post","type-post","status-publish","format-standard","has-post-thumbnail","hentry","category-geral"],"_referencia":"","_links":{"self":[{"href":"https:\/\/diariodocomercio.com.br\/mix\/wp-json\/wp\/v2\/posts\/38468","targetHints":{"allow":["GET"]}}],"collection":[{"href":"https:\/\/diariodocomercio.com.br\/mix\/wp-json\/wp\/v2\/posts"}],"about":[{"href":"https:\/\/diariodocomercio.com.br\/mix\/wp-json\/wp\/v2\/types\/post"}],"author":[{"embeddable":true,"href":"https:\/\/diariodocomercio.com.br\/mix\/wp-json\/wp\/v2\/users\/9"}],"replies":[{"embeddable":true,"href":"https:\/\/diariodocomercio.com.br\/mix\/wp-json\/wp\/v2\/comments?post=38468"}],"version-history":[{"count":1,"href":"https:\/\/diariodocomercio.com.br\/mix\/wp-json\/wp\/v2\/posts\/38468\/revisions"}],"predecessor-version":[{"id":38476,"href":"https:\/\/diariodocomercio.com.br\/mix\/wp-json\/wp\/v2\/posts\/38468\/revisions\/38476"}],"wp:featuredmedia":[{"embeddable":true,"href":"https:\/\/diariodocomercio.com.br\/mix\/wp-json\/wp\/v2\/media\/38475"}],"wp:attachment":[{"href":"https:\/\/diariodocomercio.com.br\/mix\/wp-json\/wp\/v2\/media?parent=38468"}],"wp:term":[{"taxonomy":"category","embeddable":true,"href":"https:\/\/diariodocomercio.com.br\/mix\/wp-json\/wp\/v2\/categories?post=38468"},{"taxonomy":"post_tag","embeddable":true,"href":"https:\/\/diariodocomercio.com.br\/mix\/wp-json\/wp\/v2\/tags?post=38468"}],"curies":[{"name":"wp","href":"https:\/\/api.w.org\/{rel}","templated":true}]}}