{"id":38481,"date":"2026-03-16T09:12:41","date_gmt":"2026-03-16T12:12:41","guid":{"rendered":"https:\/\/diariodocomercio.com.br\/mix\/?p=38481"},"modified":"2026-03-16T09:12:44","modified_gmt":"2026-03-16T12:12:44","slug":"terceira-guerra-mundial-vidente-cravou-a-regiao-do-brasil-que-sera-atacada","status":"publish","type":"post","link":"https:\/\/diariodocomercio.com.br\/mix\/terceira-guerra-mundial-vidente-cravou-a-regiao-do-brasil-que-sera-atacada\/","title":{"rendered":"Terceira Guerra Mundial: vidente cravou a regi\u00e3o do Brasil que ser\u00e1 atacada"},"content":{"rendered":"\n<p>Uma previs\u00e3o feita pela m\u00e9dium <strong>Chaline Grazik<\/strong> nas redes sociais voltou a repercutir ap\u00f3s a intensifica\u00e7\u00e3o de tens\u00f5es internacionais. Conhecida por divulgar previs\u00f5es envolvendo celebridades e acontecimentos globais, ela afirmou, <strong>no meio de 2025<\/strong>, que o Brasil poderia ser afetado em um eventual cen\u00e1rio de <strong>Terceira Guerra Mundial<\/strong>, citando o <strong>Nordeste<\/strong> como poss\u00edvel regi\u00e3o atingida.<\/p>\n\n\n\n<p>Durante a publica\u00e7\u00e3o, a vidente disse ter tido um sonho que interpretou como um alerta espiritual. Na ocasi\u00e3o, ela afirmou que poderia estar enganada, mas decidiu tornar a mensagem p\u00fablica.<\/p>\n\n\n\n<p>\u201cQuando houver ataques no Brasil, n\u00e3o sei o motivo, posso estar enganada, pois n\u00e3o sou Deus, mas pode ser no Nordeste. Sei que \u00e9 algo muito pesado que eu estou falando aqui, mas eu n\u00e3o vou deixar de avisar\u201d, disse Chaline em um v\u00eddeo publicado no Instagram.<\/p>\n\n\n\n<p>Na mesma declara\u00e7\u00e3o, a m\u00e9dium afirmou que sentiu necessidade de compartilhar o suposto aviso para que as pessoas se preparassem espiritualmente.<\/p>\n\n\n\n<p>Segundo ela, no sonho que teve, a orienta\u00e7\u00e3o recebida seria para que as pessoas \u201cdobrassem os joelhos e pedissem prote\u00e7\u00e3o\u201d, o que acabou gerando grande repercuss\u00e3o entre seguidores e internautas.<\/p>\n\n\n\n<h2 class=\"wp-block-heading\"><strong>Especialistas apontam baixo risco para o Brasil<\/strong><\/h2>\n\n\n\n<p>Apesar da repercuss\u00e3o nas redes sociais, especialistas em rela\u00e7\u00f5es internacionais consideram <strong>muito baixa a probabilidade de o Brasil ser alvo direto de ataques militares<\/strong>, mesmo em cen\u00e1rios de aumento das tens\u00f5es globais.<\/p>\n\n\n\n<p>A preocupa\u00e7\u00e3o atual do governo brasileiro est\u00e1 mais ligada aos <strong>impactos econ\u00f4micos de conflitos internacionais<\/strong>, especialmente diante da escalada de tens\u00f5es no Oriente M\u00e9dio.<\/p>\n\n\n\n<p>O assessor especial da Presid\u00eancia para assuntos internacionais, <strong>Celso Amorim<\/strong>, afirmou no \u00ednicio do m\u00eas que o mundo deve se preparar para poss\u00edveis agravamentos da situa\u00e7\u00e3o na regi\u00e3o, mas destacou que o risco maior est\u00e1 na <strong>expans\u00e3o do conflito dentro do pr\u00f3prio Oriente M\u00e9dio<\/strong>, e n\u00e3o em outras partes do planeta.<\/p>\n\n\n\n<h2 class=\"wp-block-heading\"><strong>Impacto maior pode ser econ\u00f4mico<\/strong><\/h2>\n\n\n\n<p>Analistas avaliam que um conflito prolongado envolvendo pa\u00edses produtores de petr\u00f3leo poderia afetar o Brasil principalmente por impactos na infla\u00e7\u00e3o, nos pre\u00e7os da energia e no com\u00e9rcio internacional.<\/p>\n\n\n\n<p>Por enquanto, autoridades brasileiras t\u00eam adotado um tom de cautela e defendido a redu\u00e7\u00e3o das tens\u00f5es diplom\u00e1ticas, sem tomar partido direto nas disputas internacionais.<\/p>\n\n\n\n<p>Assim, embora previs\u00f5es e interpreta\u00e7\u00f5es espirituais continuem circulando nas redes sociais, especialistas refor\u00e7am que n\u00e3o h\u00e1 indicativos concretos de risco militar direto ao territ\u00f3rio brasileiro no cen\u00e1rio atual.<\/p>\n","protected":false},"excerpt":{"rendered":"<p>Uma previs\u00e3o feita pela m\u00e9dium Chaline Grazik nas redes sociais voltou a repercutir ap\u00f3s a intensifica\u00e7\u00e3o de tens\u00f5es internacionais. Conhecida por divulgar previs\u00f5es envolvendo celebridades e acontecimentos globais, ela afirmou, no meio de 2025, que o Brasil poderia ser afetado em um eventual cen\u00e1rio de Terceira Guerra Mundial, citando o Nordeste como poss\u00edvel regi\u00e3o atingida. [&hellip;]<\/p>\n","protected":false},"author":9,"featured_media":36971,"comment_status":"closed","ping_status":"closed","sticky":false,"template":"","format":"standard","meta":{"jnews-multi-image_gallery":[],"jnews_single_post":{"format":"standard"},"jnews_primary_category":[],"jnews_social_meta":[],"jnews_override_counter":[],"jnews_post_split":[],"footnotes":""},"categories":[1],"tags":[],"class_list":["post-38481","post","type-post","status-publish","format-standard","has-post-thumbnail","hentry","category-geral"],"_referencia":"","_links":{"self":[{"href":"https:\/\/diariodocomercio.com.br\/mix\/wp-json\/wp\/v2\/posts\/38481","targetHints":{"allow":["GET"]}}],"collection":[{"href":"https:\/\/diariodocomercio.com.br\/mix\/wp-json\/wp\/v2\/posts"}],"about":[{"href":"https:\/\/diariodocomercio.com.br\/mix\/wp-json\/wp\/v2\/types\/post"}],"author":[{"embeddable":true,"href":"https:\/\/diariodocomercio.com.br\/mix\/wp-json\/wp\/v2\/users\/9"}],"replies":[{"embeddable":true,"href":"https:\/\/diariodocomercio.com.br\/mix\/wp-json\/wp\/v2\/comments?post=38481"}],"version-history":[{"count":1,"href":"https:\/\/diariodocomercio.com.br\/mix\/wp-json\/wp\/v2\/posts\/38481\/revisions"}],"predecessor-version":[{"id":38484,"href":"https:\/\/diariodocomercio.com.br\/mix\/wp-json\/wp\/v2\/posts\/38481\/revisions\/38484"}],"wp:featuredmedia":[{"embeddable":true,"href":"https:\/\/diariodocomercio.com.br\/mix\/wp-json\/wp\/v2\/media\/36971"}],"wp:attachment":[{"href":"https:\/\/diariodocomercio.com.br\/mix\/wp-json\/wp\/v2\/media?parent=38481"}],"wp:term":[{"taxonomy":"category","embeddable":true,"href":"https:\/\/diariodocomercio.com.br\/mix\/wp-json\/wp\/v2\/categories?post=38481"},{"taxonomy":"post_tag","embeddable":true,"href":"https:\/\/diariodocomercio.com.br\/mix\/wp-json\/wp\/v2\/tags?post=38481"}],"curies":[{"name":"wp","href":"https:\/\/api.w.org\/{rel}","templated":true}]}}