{"id":38486,"date":"2026-03-16T09:36:42","date_gmt":"2026-03-16T12:36:42","guid":{"rendered":"https:\/\/diariodocomercio.com.br\/mix\/?p=38486"},"modified":"2026-03-16T09:36:44","modified_gmt":"2026-03-16T12:36:44","slug":"alem-de-ter-a-prova-facilitada-cnh-agora-sera-gratuita-no-brasil","status":"publish","type":"post","link":"https:\/\/diariodocomercio.com.br\/mix\/alem-de-ter-a-prova-facilitada-cnh-agora-sera-gratuita-no-brasil\/","title":{"rendered":"Al\u00e9m de ter a prova facilitada, CNH agora ser\u00e1 gratuita no Brasil"},"content":{"rendered":"\n<p>A possibilidade de tirar a Carteira Nacional de Habilita\u00e7\u00e3o (CNH) gratuitamente tem chamado a aten\u00e7\u00e3o de muitos brasileiros. A medida est\u00e1 ligada ao programa CNH Social, iniciativa que oferece isen\u00e7\u00e3o de todas as taxas do processo para pessoas de baixa renda. No Paran\u00e1, por exemplo, as inscri\u00e7\u00f5es para a primeira etapa do programa se encerram nesta segunda-feira (16).<\/p>\n\n\n\n<p>Coordenado pelo Departamento de Tr\u00e2nsito do Paran\u00e1 (Detran-PR), o projeto garante forma\u00e7\u00e3o completa e gratuita para quem deseja obter a habilita\u00e7\u00e3o, incluindo aulas te\u00f3ricas e pr\u00e1ticas, exames m\u00e9dicos e emiss\u00e3o da carteira de motorista.<\/p>\n\n\n\n<p>A iniciativa foi criada para reduzir barreiras financeiras e ampliar oportunidades de trabalho e mobilidade. Para participar, o candidato precisa cumprir alguns crit\u00e9rios, como:<\/p>\n\n\n\n<ul class=\"wp-block-list\">\n<li>Ter <strong>renda familiar de at\u00e9 tr\u00eas sal\u00e1rios m\u00ednimos<\/strong><\/li>\n\n\n\n<li>Estar <strong>inscrito no Cadastro \u00danico (Cad\u00danico)<\/strong> do governo federal<\/li>\n\n\n\n<li><strong>Residir no Paran\u00e1 h\u00e1 pelo menos 12 meses<\/strong><\/li>\n\n\n\n<li>Morar no munic\u00edpio onde pretende obter o benef\u00edcio<\/li>\n<\/ul>\n\n\n\n<p>Tamb\u00e9m n\u00e3o podem participar pessoas que tenham <strong>suspens\u00e3o ou cassa\u00e7\u00e3o do direito de dirigir<\/strong>.<\/p>\n\n\n\n<p>O programa foi institu\u00eddo por uma lei sancionada em novembro de 2025 pelo governador Carlos Massa Ratinho Junior. O primeiro edital foi lan\u00e7ado recentemente com foco na modalidade Habilita, destinada \u00e0 primeira CNH nas categorias A (moto) e B (carro).<\/p>\n\n\n\n<h2 class=\"wp-block-heading\"><strong>Mais de 53 mil inscritos<\/strong><\/h2>\n\n\n\n<p>Segundo o Detran-PR, o programa j\u00e1 registra <strong>mais de 53 mil inscri\u00e7\u00f5es<\/strong> em todo o estado. As vagas est\u00e3o distribu\u00eddas pelos <strong>399 munic\u00edpios do Paran\u00e1<\/strong>, organizados em cinco macrorregi\u00f5es: Curitiba, Guarapuava, Londrina, Maring\u00e1 e Cascavel.<\/p>\n\n\n\n<p>O processo \u00e9 totalmente digital, permitindo que os candidatos acompanhem todas as etapas da sele\u00e7\u00e3o pela plataforma online.<\/p>\n\n\n\n<p>Um diferencial da iniciativa \u00e9 que os candidatos aprovados para a <strong>categoria B j\u00e1 receber\u00e3o a habilita\u00e7\u00e3o com a observa\u00e7\u00e3o EAR (Exerce Atividade Remunerada)<\/strong>, permitindo utilizar o ve\u00edculo para trabalho, como em atividades de transporte ou entregas.<\/p>\n\n\n\n<h2 class=\"wp-block-heading\"><strong>Reserva de vagas e alerta contra golpes<\/strong><\/h2>\n\n\n\n<p>O edital tamb\u00e9m prev\u00ea <strong>reservas de vagas espec\u00edficas<\/strong>:<\/p>\n\n\n\n<ul class=\"wp-block-list\">\n<li><strong>10% para estudantes da rede p\u00fablica estadual<\/strong>, que atendam crit\u00e9rios de rendimento e frequ\u00eancia<\/li>\n\n\n\n<li><strong>10% para mulheres<\/strong><\/li>\n\n\n\n<li><strong>5% para pessoas com defici\u00eancia (PCDs)<\/strong><\/li>\n<\/ul>\n\n\n\n<p>O Detran-PR alerta ainda para <strong>golpes envolvendo o programa CNH Social<\/strong>. Segundo o \u00f3rg\u00e3o, criminosos criaram sites falsos e enviam mensagens pedindo dados pessoais ou solicitando pagamentos.<\/p>\n\n\n\n<p>O departamento refor\u00e7a que <strong>todo o processo \u00e9 gratuito<\/strong> e que n\u00e3o entra em contato pedindo qualquer tipo de pagamento para participa\u00e7\u00e3o no programa.<\/p>\n","protected":false},"excerpt":{"rendered":"<p>A possibilidade de tirar a Carteira Nacional de Habilita\u00e7\u00e3o (CNH) gratuitamente tem chamado a aten\u00e7\u00e3o de muitos brasileiros. A medida est\u00e1 ligada ao programa CNH Social, iniciativa que oferece isen\u00e7\u00e3o de todas as taxas do processo para pessoas de baixa renda. No Paran\u00e1, por exemplo, as inscri\u00e7\u00f5es para a primeira etapa do programa se encerram [&hellip;]<\/p>\n","protected":false},"author":9,"featured_media":24121,"comment_status":"closed","ping_status":"closed","sticky":false,"template":"","format":"standard","meta":{"jnews-multi-image_gallery":[],"jnews_single_post":{"format":"standard"},"jnews_primary_category":[],"jnews_social_meta":[],"jnews_override_counter":[],"jnews_post_split":[],"footnotes":""},"categories":[1],"tags":[],"class_list":["post-38486","post","type-post","status-publish","format-standard","has-post-thumbnail","hentry","category-geral"],"_referencia":"","_links":{"self":[{"href":"https:\/\/diariodocomercio.com.br\/mix\/wp-json\/wp\/v2\/posts\/38486","targetHints":{"allow":["GET"]}}],"collection":[{"href":"https:\/\/diariodocomercio.com.br\/mix\/wp-json\/wp\/v2\/posts"}],"about":[{"href":"https:\/\/diariodocomercio.com.br\/mix\/wp-json\/wp\/v2\/types\/post"}],"author":[{"embeddable":true,"href":"https:\/\/diariodocomercio.com.br\/mix\/wp-json\/wp\/v2\/users\/9"}],"replies":[{"embeddable":true,"href":"https:\/\/diariodocomercio.com.br\/mix\/wp-json\/wp\/v2\/comments?post=38486"}],"version-history":[{"count":1,"href":"https:\/\/diariodocomercio.com.br\/mix\/wp-json\/wp\/v2\/posts\/38486\/revisions"}],"predecessor-version":[{"id":38487,"href":"https:\/\/diariodocomercio.com.br\/mix\/wp-json\/wp\/v2\/posts\/38486\/revisions\/38487"}],"wp:featuredmedia":[{"embeddable":true,"href":"https:\/\/diariodocomercio.com.br\/mix\/wp-json\/wp\/v2\/media\/24121"}],"wp:attachment":[{"href":"https:\/\/diariodocomercio.com.br\/mix\/wp-json\/wp\/v2\/media?parent=38486"}],"wp:term":[{"taxonomy":"category","embeddable":true,"href":"https:\/\/diariodocomercio.com.br\/mix\/wp-json\/wp\/v2\/categories?post=38486"},{"taxonomy":"post_tag","embeddable":true,"href":"https:\/\/diariodocomercio.com.br\/mix\/wp-json\/wp\/v2\/tags?post=38486"}],"curies":[{"name":"wp","href":"https:\/\/api.w.org\/{rel}","templated":true}]}}