{"id":38505,"date":"2026-03-16T11:31:05","date_gmt":"2026-03-16T14:31:05","guid":{"rendered":"https:\/\/diariodocomercio.com.br\/mix\/?p=38505"},"modified":"2026-03-16T11:31:07","modified_gmt":"2026-03-16T14:31:07","slug":"viajantes-agora-terao-que-pagar-tarifa-adicional-no-aeroporto-antes-de-embarcar","status":"publish","type":"post","link":"https:\/\/diariodocomercio.com.br\/mix\/viajantes-agora-terao-que-pagar-tarifa-adicional-no-aeroporto-antes-de-embarcar\/","title":{"rendered":"Viajantes agora ter\u00e3o que pagar tarifa adicional no aeroporto antes de embarcar"},"content":{"rendered":"\n<p>Motoristas que levarem passageiros ao <strong>Aeroporto Internacional de Salvador<\/strong> poder\u00e3o ter que pagar uma tarifa adicional caso permane\u00e7am por mais de <strong>10 minutos na \u00e1rea de embarque e desembarque<\/strong>. A medida faz parte da implanta\u00e7\u00e3o do sistema chamado <strong>\u201cKiss &amp; Fly\u201d<\/strong>, modelo j\u00e1 utilizado em aeroportos de outros pa\u00edses para controlar o fluxo de ve\u00edculos.<\/p>\n\n\n\n<p>A proposta prev\u00ea uma <strong>parada r\u00e1pida gratuita<\/strong>, destinada apenas ao embarque ou desembarque imediato de passageiros. Caso o tempo m\u00e1ximo seja ultrapassado, o motorista poder\u00e1 ser cobrado, embora <strong>o valor da tarifa ainda n\u00e3o tenha sido divulgado<\/strong>.<\/p>\n\n\n\n<p>Segundo a <strong>Vinci Airports<\/strong>, concession\u00e1ria respons\u00e1vel pela administra\u00e7\u00e3o do terminal, o sistema ser\u00e1 controlado por <strong>cancelas instaladas na entrada da \u00e1rea<\/strong>, permitindo o monitoramento do tempo de perman\u00eancia dos ve\u00edculos sem que o condutor precise sair do carro.<\/p>\n\n\n\n<p>A implanta\u00e7\u00e3o do modelo est\u00e1 prevista para ocorrer em etapas. De acordo com o aeroporto, o sistema deve passar por fase de testes e adapta\u00e7\u00e3o com in\u00edcio da opera\u00e7\u00e3o definitiva previsto para o primeiro semestre de 2026.<\/p>\n\n\n\n<p>A concession\u00e1ria afirma que o objetivo \u00e9 <strong>melhorar a organiza\u00e7\u00e3o do tr\u00e2nsito, aumentar a seguran\u00e7a e garantir maior fluidez no acesso ao terminal<\/strong>, especialmente nos hor\u00e1rios de maior movimento, quando o fluxo pode chegar a <strong>1.100 ve\u00edculos por hora<\/strong>.<\/p>\n\n\n\n<h2 class=\"wp-block-heading\"><strong>Projeto gera pol\u00eamica e questionamentos<\/strong><\/h2>\n\n\n\n<p>Apesar da justificativa operacional, a implanta\u00e7\u00e3o do sistema gerou pol\u00eamica administrativa e jur\u00eddica. Documentos revelados pelo ve\u00edculo <em>A TARDE<\/em> indicam que \u00f3rg\u00e3os da Prefeitura de Salvador emitiram pareceres contr\u00e1rios ao projeto.<\/p>\n\n\n\n<p>Entre os questionamentos est\u00e3o an\u00e1lises da Transalvador, que apontaram poss\u00edveis impactos na mobilidade urbana e riscos para a seguran\u00e7a vi\u00e1ria no entorno do aeroporto. T\u00e9cnicos tamb\u00e9m levantaram d\u00favidas sobre a legalidade da cobran\u00e7a pelo uso do meio-fio, j\u00e1 que a \u00e1rea \u00e9 considerada via p\u00fablica.<\/p>\n\n\n\n<p>A Procuradoria-Geral do Munic\u00edpio (PGM) chegou a determinar, em 2025, a suspens\u00e3o do processo administrativo para esclarecimentos sobre o alvar\u00e1 concedido para a instala\u00e7\u00e3o do sistema. Mesmo com as diverg\u00eancias, as obras de instala\u00e7\u00e3o das cancelas continuaram e j\u00e1 podem ser vistas na \u00e1rea externa do terminal.<\/p>\n","protected":false},"excerpt":{"rendered":"<p>Motoristas que levarem passageiros ao Aeroporto Internacional de Salvador poder\u00e3o ter que pagar uma tarifa adicional caso permane\u00e7am por mais de 10 minutos na \u00e1rea de embarque e desembarque. A medida faz parte da implanta\u00e7\u00e3o do sistema chamado \u201cKiss &amp; Fly\u201d, modelo j\u00e1 utilizado em aeroportos de outros pa\u00edses para controlar o fluxo de ve\u00edculos. [&hellip;]<\/p>\n","protected":false},"author":9,"featured_media":6293,"comment_status":"closed","ping_status":"closed","sticky":false,"template":"","format":"standard","meta":{"jnews-multi-image_gallery":[],"jnews_single_post":{"format":"standard"},"jnews_primary_category":[],"jnews_social_meta":[],"jnews_override_counter":[],"jnews_post_split":[],"footnotes":""},"categories":[1],"tags":[],"class_list":["post-38505","post","type-post","status-publish","format-standard","has-post-thumbnail","hentry","category-geral"],"_referencia":"","_links":{"self":[{"href":"https:\/\/diariodocomercio.com.br\/mix\/wp-json\/wp\/v2\/posts\/38505","targetHints":{"allow":["GET"]}}],"collection":[{"href":"https:\/\/diariodocomercio.com.br\/mix\/wp-json\/wp\/v2\/posts"}],"about":[{"href":"https:\/\/diariodocomercio.com.br\/mix\/wp-json\/wp\/v2\/types\/post"}],"author":[{"embeddable":true,"href":"https:\/\/diariodocomercio.com.br\/mix\/wp-json\/wp\/v2\/users\/9"}],"replies":[{"embeddable":true,"href":"https:\/\/diariodocomercio.com.br\/mix\/wp-json\/wp\/v2\/comments?post=38505"}],"version-history":[{"count":1,"href":"https:\/\/diariodocomercio.com.br\/mix\/wp-json\/wp\/v2\/posts\/38505\/revisions"}],"predecessor-version":[{"id":38506,"href":"https:\/\/diariodocomercio.com.br\/mix\/wp-json\/wp\/v2\/posts\/38505\/revisions\/38506"}],"wp:featuredmedia":[{"embeddable":true,"href":"https:\/\/diariodocomercio.com.br\/mix\/wp-json\/wp\/v2\/media\/6293"}],"wp:attachment":[{"href":"https:\/\/diariodocomercio.com.br\/mix\/wp-json\/wp\/v2\/media?parent=38505"}],"wp:term":[{"taxonomy":"category","embeddable":true,"href":"https:\/\/diariodocomercio.com.br\/mix\/wp-json\/wp\/v2\/categories?post=38505"},{"taxonomy":"post_tag","embeddable":true,"href":"https:\/\/diariodocomercio.com.br\/mix\/wp-json\/wp\/v2\/tags?post=38505"}],"curies":[{"name":"wp","href":"https:\/\/api.w.org\/{rel}","templated":true}]}}