{"id":38507,"date":"2026-03-16T12:32:40","date_gmt":"2026-03-16T15:32:40","guid":{"rendered":"https:\/\/diariodocomercio.com.br\/mix\/?p=38507"},"modified":"2026-03-16T12:32:43","modified_gmt":"2026-03-16T15:32:43","slug":"governo-cumpre-promessa-e-vai-pagar-auxilio-acima-de-r-60000-a-brasileiros-em-18-03","status":"publish","type":"post","link":"https:\/\/diariodocomercio.com.br\/mix\/governo-cumpre-promessa-e-vai-pagar-auxilio-acima-de-r-60000-a-brasileiros-em-18-03\/","title":{"rendered":"Governo cumpre promessa e vai pagar aux\u00edlio acima de R$ 600,00 a brasileiros em 18\/03"},"content":{"rendered":"\n<p>O <strong>pagamento do Bolsa Fam\u00edlia referente ao m\u00eas de mar\u00e7o de 2026<\/strong> come\u00e7a no dia <strong>18 de mar\u00e7o<\/strong>, quando os primeiros benefici\u00e1rios passam a receber o aux\u00edlio. O valor m\u00ednimo garantido pelo programa \u00e9 de <strong>R$ 600 por fam\u00edlia<\/strong>, mas em muitos casos o pagamento pode <strong>ultrapassar esse valor<\/strong> devido aos adicionais destinados a crian\u00e7as, gestantes e jovens.<\/p>\n\n\n\n<p>O calend\u00e1rio segue o modelo tradicional de repasses escalonados conforme o <strong>\u00faltimo d\u00edgito do N\u00famero de Identifica\u00e7\u00e3o Social (NIS)<\/strong>. Os primeiros a receber s\u00e3o os benefici\u00e1rios com <strong>NIS final 1<\/strong>, enquanto os demais pagamentos seguem at\u00e9 o final do m\u00eas.<\/p>\n\n\n\n<p>De acordo com o cronograma oficial, os dep\u00f3sitos ocorrer\u00e3o nas seguintes datas:<\/p>\n\n\n\n<ul class=\"wp-block-list\">\n<li>NIS final 1: 18 de mar\u00e7o<\/li>\n\n\n\n<li>NIS final 2: 19 de mar\u00e7o<\/li>\n\n\n\n<li>NIS final 3: 20 de mar\u00e7o<\/li>\n\n\n\n<li>NIS final 4: 23 de mar\u00e7o<\/li>\n\n\n\n<li>NIS final 5: 24 de mar\u00e7o<\/li>\n\n\n\n<li>NIS final 6: 25 de mar\u00e7o<\/li>\n\n\n\n<li>NIS final 7: 26 de mar\u00e7o<\/li>\n\n\n\n<li>NIS final 8: 27 de mar\u00e7o<\/li>\n\n\n\n<li>NIS final 9: 30 de mar\u00e7o<\/li>\n\n\n\n<li>NIS final 0: 31 de mar\u00e7o<\/li>\n<\/ul>\n\n\n\n<h2 class=\"wp-block-heading\"><strong>Benef\u00edcios adicionais podem elevar valor<\/strong><\/h2>\n\n\n\n<p>O programa possui um <strong>valor m\u00ednimo de R$ 600 por domic\u00edlio<\/strong>, composto pela chamada <strong>Renda de Cidadania<\/strong>, que paga R$ 142 por integrante da fam\u00edlia, al\u00e9m de um <strong>Benef\u00edcio Complementar<\/strong> para garantir o piso do aux\u00edlio.<\/p>\n\n\n\n<p>Al\u00e9m disso, existem <strong>pagamentos extras<\/strong> para determinados perfis de benefici\u00e1rios:<\/p>\n\n\n\n<ul class=\"wp-block-list\">\n<li><strong>R$ 150 por crian\u00e7a de at\u00e9 6 anos<\/strong><\/li>\n\n\n\n<li><strong>R$ 50 para gestantes<\/strong><\/li>\n\n\n\n<li><strong>R$ 50 para jovens de 7 a 17 anos<\/strong><\/li>\n\n\n\n<li><strong>R$ 50 para beb\u00eas de at\u00e9 7 meses<\/strong><\/li>\n<\/ul>\n\n\n\n<p>Com esses adicionais, muitas fam\u00edlias acabam recebendo <strong>valores superiores ao m\u00ednimo de R$ 600<\/strong>.<\/p>\n\n\n\n<h2 class=\"wp-block-heading\"><strong>Quem pode receber o Bolsa Fam\u00edlia<\/strong><\/h2>\n\n\n\n<p>Para ter direito ao benef\u00edcio, \u00e9 necess\u00e1rio que a <strong>renda mensal familiar seja de at\u00e9 R$ 218 por pessoa<\/strong>. O c\u00e1lculo \u00e9 feito somando a renda total da fam\u00edlia e dividindo pelo n\u00famero de moradores da casa.<\/p>\n\n\n\n<p>Tamb\u00e9m \u00e9 obrigat\u00f3rio cumprir algumas condi\u00e7\u00f5es, como:<\/p>\n\n\n\n<ul class=\"wp-block-list\">\n<li>manter <strong>crian\u00e7as e adolescentes frequentando a escola<\/strong>;<\/li>\n\n\n\n<li>realizar <strong>acompanhamento pr\u00e9-natal no caso de gestantes<\/strong>;<\/li>\n\n\n\n<li>manter <strong>vacina\u00e7\u00e3o atualizada<\/strong>.<\/li>\n<\/ul>\n\n\n\n<p>Atualmente, o programa atende cerca de <strong>18,7 milh\u00f5es de fam\u00edlias no Brasil<\/strong>, o que representa aproximadamente <strong>48,9 milh\u00f5es de pessoas<\/strong>, com um desembolso mensal do governo federal estimado em <strong>R$ 12,7 bilh\u00f5es<\/strong>.<\/p>\n\n\n\n<p>Para entrar no programa, a fam\u00edlia precisa estar registrada no <strong>Cadastro \u00danico (Cad\u00danico)<\/strong>, realizado nos <strong>Centros de Refer\u00eancia da Assist\u00eancia Social (Cras)<\/strong> dos munic\u00edpios. Estar inscrito, no entanto, n\u00e3o garante automaticamente o recebimento do benef\u00edcio, j\u00e1 que o cadastro ainda passa por an\u00e1lise do governo.<\/p>\n","protected":false},"excerpt":{"rendered":"<p>O pagamento do Bolsa Fam\u00edlia referente ao m\u00eas de mar\u00e7o de 2026 come\u00e7a no dia 18 de mar\u00e7o, quando os primeiros benefici\u00e1rios passam a receber o aux\u00edlio. O valor m\u00ednimo garantido pelo programa \u00e9 de R$ 600 por fam\u00edlia, mas em muitos casos o pagamento pode ultrapassar esse valor devido aos adicionais destinados a crian\u00e7as, [&hellip;]<\/p>\n","protected":false},"author":9,"featured_media":6223,"comment_status":"closed","ping_status":"closed","sticky":false,"template":"","format":"standard","meta":{"jnews-multi-image_gallery":[],"jnews_single_post":{"format":"standard"},"jnews_primary_category":[],"jnews_social_meta":[],"jnews_override_counter":[],"jnews_post_split":[],"footnotes":""},"categories":[1],"tags":[],"class_list":["post-38507","post","type-post","status-publish","format-standard","has-post-thumbnail","hentry","category-geral"],"_referencia":"","_links":{"self":[{"href":"https:\/\/diariodocomercio.com.br\/mix\/wp-json\/wp\/v2\/posts\/38507","targetHints":{"allow":["GET"]}}],"collection":[{"href":"https:\/\/diariodocomercio.com.br\/mix\/wp-json\/wp\/v2\/posts"}],"about":[{"href":"https:\/\/diariodocomercio.com.br\/mix\/wp-json\/wp\/v2\/types\/post"}],"author":[{"embeddable":true,"href":"https:\/\/diariodocomercio.com.br\/mix\/wp-json\/wp\/v2\/users\/9"}],"replies":[{"embeddable":true,"href":"https:\/\/diariodocomercio.com.br\/mix\/wp-json\/wp\/v2\/comments?post=38507"}],"version-history":[{"count":1,"href":"https:\/\/diariodocomercio.com.br\/mix\/wp-json\/wp\/v2\/posts\/38507\/revisions"}],"predecessor-version":[{"id":38509,"href":"https:\/\/diariodocomercio.com.br\/mix\/wp-json\/wp\/v2\/posts\/38507\/revisions\/38509"}],"wp:featuredmedia":[{"embeddable":true,"href":"https:\/\/diariodocomercio.com.br\/mix\/wp-json\/wp\/v2\/media\/6223"}],"wp:attachment":[{"href":"https:\/\/diariodocomercio.com.br\/mix\/wp-json\/wp\/v2\/media?parent=38507"}],"wp:term":[{"taxonomy":"category","embeddable":true,"href":"https:\/\/diariodocomercio.com.br\/mix\/wp-json\/wp\/v2\/categories?post=38507"},{"taxonomy":"post_tag","embeddable":true,"href":"https:\/\/diariodocomercio.com.br\/mix\/wp-json\/wp\/v2\/tags?post=38507"}],"curies":[{"name":"wp","href":"https:\/\/api.w.org\/{rel}","templated":true}]}}