{"id":38512,"date":"2026-03-16T14:14:31","date_gmt":"2026-03-16T17:14:31","guid":{"rendered":"https:\/\/diariodocomercio.com.br\/mix\/?p=38512"},"modified":"2026-03-16T18:24:40","modified_gmt":"2026-03-16T21:24:40","slug":"camisa-10-do-brasil-esta-fora-da-copa-do-mundo-de-2026","status":"publish","type":"post","link":"https:\/\/diariodocomercio.com.br\/mix\/camisa-10-do-brasil-esta-fora-da-copa-do-mundo-de-2026\/","title":{"rendered":"Camisa 10 do Brasil est\u00e1 FORA da Copa do Mundo de 2026"},"content":{"rendered":"\n<p>O atacante <strong>Rodrygo<\/strong>, que vinha sendo utilizado como <strong>camisa 10 da sele\u00e7\u00e3o brasileira<\/strong>, est\u00e1 fora da <strong>Copa do Mundo de 2026<\/strong> ap\u00f3s sofrer uma grave les\u00e3o no joelho direito. O jogador do <strong>Real Madrid<\/strong> rompeu o <strong>ligamento cruzado anterior e o menisco externo<\/strong>, passou por cirurgia e ter\u00e1 um per\u00edodo de recupera\u00e7\u00e3o estimado entre <strong>seis e 12 meses<\/strong>.<\/p>\n\n\n\n<p>A les\u00e3o ocorreu durante a derrota do Real Madrid por <strong>1 a 0 para o Getafe<\/strong>, pelo Campeonato Espanhol. Rodrygo entrou no segundo tempo, mas pouco depois caiu no gramado sentindo fortes dores no joelho e precisou ser substitu\u00eddo.<\/p>\n\n\n\n<p>Em nota oficial, a <strong>Confedera\u00e7\u00e3o Brasileira de Futebol (CBF)<\/strong> manifestou solidariedade ao jogador e informou que manteve contato com o departamento m\u00e9dico do clube espanhol para acompanhar o caso.<\/p>\n\n\n\n<figure class=\"wp-block-embed is-type-rich is-provider-twitter wp-block-embed-twitter\"><div class=\"wp-block-embed__wrapper\">\n<blockquote class=\"twitter-tweet\" data-width=\"500\" data-dnt=\"true\"><p lang=\"pt\" dir=\"ltr\">A CBF se solidariza com o atleta Rodrygo Goes, atacante do Real Madrid e da Sele\u00e7\u00e3o Brasileira, que sofreu grave les\u00e3o durante a partida contra o Getafe, pela Liga Espanhola. Rodrygo teve les\u00e3o do ligamento cruzado anterior e do menisco externo do joelho direito. A CBF deseja ao\u2026 <a href=\"https:\/\/t.co\/IAKkehmfLF\" target=\"_blank\">pic.twitter.com\/IAKkehmfLF<\/a><\/p>&mdash; brasil (@CBF_Futebol) <a href=\"https:\/\/twitter.com\/CBF_Futebol\/status\/2028858590757265434?ref_src=twsrc%5Etfw\" target=\"_blank\" rel=\"noopener\">March 3, 2026<\/a><\/blockquote><script async src=\"https:\/\/platform.twitter.com\/widgets.js\" charset=\"utf-8\"><\/script>\n<\/div><\/figure>\n\n\n\n<h2 class=\"wp-block-heading\"><strong>Convoca\u00e7\u00e3o de Ancelotti acontece hoje<\/strong><\/h2>\n\n\n\n<p>A aus\u00eancia de Rodrygo acontece justamente no dia em que o t\u00e9cnico <strong>Carlo Ancelotti<\/strong> divulga uma nova convoca\u00e7\u00e3o da sele\u00e7\u00e3o brasileira. A lista ser\u00e1 anunciada <strong>nesta segunda-feira (16), \u00e0s 15h30<\/strong>, na sede da CBF, no Rio de Janeiro.<\/p>\n\n\n\n<p>Os jogadores chamados disputar\u00e3o <strong>amistosos contra Fran\u00e7a e Cro\u00e1cia<\/strong>, programados para <strong>26 e 31 de mar\u00e7o<\/strong>, nos Estados Unidos. A convoca\u00e7\u00e3o \u00e9 considerada estrat\u00e9gica por ser <strong>a \u00faltima antes da lista final para a Copa do Mundo<\/strong>.<\/p>\n\n\n\n<h2 class=\"wp-block-heading\"><strong>Recupera\u00e7\u00e3o ser\u00e1 longa<\/strong><\/h2>\n\n\n\n<p>Rodrygo foi submetido a cirurgia logo ap\u00f3s a confirma\u00e7\u00e3o da les\u00e3o. No primeiro m\u00eas de recupera\u00e7\u00e3o, o atacante n\u00e3o poder\u00e1 <strong>apoiar o p\u00e9 no ch\u00e3o<\/strong>, etapa considerada uma das mais delicadas do tratamento.<\/p>\n\n\n\n<p>Apesar do diagn\u00f3stico, o jogador demonstrou otimismo em mensagem publicada nas redes sociais. Pelo Real Madrid, ele soma <strong>297 partidas, com 71 gols e 57 assist\u00eancias<\/strong>, sendo um dos principais nomes do clube nas \u00faltimas temporadas.<\/p>\n\n\n\n<p>A les\u00e3o abre uma lacuna importante no setor ofensivo da sele\u00e7\u00e3o brasileira justamente no per\u00edodo decisivo de prepara\u00e7\u00e3o para o Mundial.<\/p>\n","protected":false},"excerpt":{"rendered":"<p>O atacante Rodrygo, que vinha sendo utilizado como camisa 10 da sele\u00e7\u00e3o brasileira, est\u00e1 fora da Copa do Mundo de 2026 ap\u00f3s sofrer uma grave les\u00e3o no joelho direito. O jogador do Real Madrid rompeu o ligamento cruzado anterior e o menisco externo, passou por cirurgia e ter\u00e1 um per\u00edodo de recupera\u00e7\u00e3o estimado entre seis [&hellip;]<\/p>\n","protected":false},"author":9,"featured_media":26948,"comment_status":"closed","ping_status":"closed","sticky":false,"template":"","format":"standard","meta":{"jnews-multi-image_gallery":[],"jnews_single_post":{"format":"standard"},"jnews_primary_category":[],"jnews_social_meta":[],"jnews_override_counter":[],"jnews_post_split":[],"footnotes":""},"categories":[1],"tags":[],"class_list":["post-38512","post","type-post","status-publish","format-standard","has-post-thumbnail","hentry","category-geral"],"_referencia":"","_links":{"self":[{"href":"https:\/\/diariodocomercio.com.br\/mix\/wp-json\/wp\/v2\/posts\/38512","targetHints":{"allow":["GET"]}}],"collection":[{"href":"https:\/\/diariodocomercio.com.br\/mix\/wp-json\/wp\/v2\/posts"}],"about":[{"href":"https:\/\/diariodocomercio.com.br\/mix\/wp-json\/wp\/v2\/types\/post"}],"author":[{"embeddable":true,"href":"https:\/\/diariodocomercio.com.br\/mix\/wp-json\/wp\/v2\/users\/9"}],"replies":[{"embeddable":true,"href":"https:\/\/diariodocomercio.com.br\/mix\/wp-json\/wp\/v2\/comments?post=38512"}],"version-history":[{"count":1,"href":"https:\/\/diariodocomercio.com.br\/mix\/wp-json\/wp\/v2\/posts\/38512\/revisions"}],"predecessor-version":[{"id":38531,"href":"https:\/\/diariodocomercio.com.br\/mix\/wp-json\/wp\/v2\/posts\/38512\/revisions\/38531"}],"wp:featuredmedia":[{"embeddable":true,"href":"https:\/\/diariodocomercio.com.br\/mix\/wp-json\/wp\/v2\/media\/26948"}],"wp:attachment":[{"href":"https:\/\/diariodocomercio.com.br\/mix\/wp-json\/wp\/v2\/media?parent=38512"}],"wp:term":[{"taxonomy":"category","embeddable":true,"href":"https:\/\/diariodocomercio.com.br\/mix\/wp-json\/wp\/v2\/categories?post=38512"},{"taxonomy":"post_tag","embeddable":true,"href":"https:\/\/diariodocomercio.com.br\/mix\/wp-json\/wp\/v2\/tags?post=38512"}],"curies":[{"name":"wp","href":"https:\/\/api.w.org\/{rel}","templated":true}]}}