{"id":38528,"date":"2026-03-16T14:26:00","date_gmt":"2026-03-16T17:26:00","guid":{"rendered":"https:\/\/diariodocomercio.com.br\/mix\/?p=38528"},"modified":"2026-03-16T14:12:47","modified_gmt":"2026-03-16T17:12:47","slug":"bill-gates-elon-musk-e-mark-zuckerberg-fazem-previsao-que-vai-transformar-o-mundo-para-sempre","status":"publish","type":"post","link":"https:\/\/diariodocomercio.com.br\/mix\/bill-gates-elon-musk-e-mark-zuckerberg-fazem-previsao-que-vai-transformar-o-mundo-para-sempre\/","title":{"rendered":"Bill Gates, Elon Musk e Mark Zuckerberg fazem previs\u00e3o que vai transformar o mundo para sempre"},"content":{"rendered":"\n<p>A transforma\u00e7\u00e3o do cotidiano tecnol\u00f3gico pode estar mais pr\u00f3xima do que muitos imaginam, \u00e0 medida que <strong>Elon Musk, Bill Gates <\/strong>e <strong>Mark Zuckerberg <\/strong>prop\u00f5em novas formas de intera\u00e7\u00e3o digital. Estes l\u00edderes est\u00e3o explorando tecnologias que podem um dia substituir os smartphones.<\/p>\n\n\n\n<p>Atrav\u00e9s de implantes c\u00e9rebro-computador, dispositivos eletr\u00f4nicos em forma de tatuagem e \u00f3culos de realidade aumentada, estas iniciativas prometem alterar significativamente nossa rela\u00e7\u00e3o com a tecnologia. Neste ano de 2026, o que motiva esses avan\u00e7os na tecnologia \u00e9 a busca por interfaces mais integradas e naturais.<\/p>\n\n\n\n<p>A Neuralink, de Elon Musk, est\u00e1 revolucionando ao criar interfaces que conectam diretamente o c\u00e9rebro a dispositivos eletr\u00f4nicos, oferecendo controle via pensamento. Este projeto visa inicialmente tratar condi\u00e7\u00f5es neurol\u00f3gicas, mas sugere um futuro onde n\u00e3o sejam necess\u00e1rias interfaces f\u00edsicas.<\/p>\n\n\n\n<p>Em outra frente, Bill Gates confia em tecnologia de tatuagens eletr\u00f4nicas, uma inova\u00e7\u00e3o da Chaotic Moon, que pode monitorar sa\u00fade e localiza\u00e7\u00e3o. Embora promissoras, essas tatuagens ainda n\u00e3o est\u00e3o amplamente dispon\u00edveis.<\/p>\n\n\n\n<h2 class=\"wp-block-heading\">Aposta de Zuckerberg nos \u00f3culos de realidade aumentada<\/h2>\n\n\n\n<p>Mark Zuckerberg, por meio da Meta, enxerga nos \u00f3culos de realidade aumentada uma plataforma que integraria o digital ao ambiente f\u00edsico, potencialmente substituindo diversas fun\u00e7\u00f5es dos smartphones.<\/p>\n\n\n\n<p>Ainda que a Meta tenha ajustado seus investimentos no metaverso, a perspectiva de integra\u00e7\u00e3o de dispositivos inteligentes no mercado permanece.<\/p>\n\n\n\n<h2 class=\"wp-block-heading\">Resist\u00eancia da Apple<\/h2>\n\n\n\n<p>Enquanto tais alternativas tecnol\u00f3gicas emergem, a Apple, sob a lideran\u00e7a de Tim Cook, aposta na evolu\u00e7\u00e3o dos smartphones. O iPhone 16, lan\u00e7ado recentemente, incorpora a &#8220;Apple Intelligence&#8221;, uma ferramenta que melhora a experi\u00eancia do usu\u00e1rio com intelig\u00eancia artificial avan\u00e7ada.&nbsp;<\/p>\n\n\n\n<p>A competi\u00e7\u00e3o entre tecnologias emergentes e dispositivos estabelecidos configura um cen\u00e1rio incerto para o futuro dos smartphones.&nbsp;<\/p>\n","protected":false},"excerpt":{"rendered":"<p>A transforma\u00e7\u00e3o do cotidiano tecnol\u00f3gico pode estar mais pr\u00f3xima do que muitos imaginam.<\/p>\n","protected":false},"author":12,"featured_media":23137,"comment_status":"closed","ping_status":"closed","sticky":false,"template":"","format":"standard","meta":{"jnews-multi-image_gallery":[],"jnews_single_post":{"format":"standard"},"jnews_primary_category":[],"jnews_social_meta":[],"jnews_override_counter":[],"jnews_post_split":[],"footnotes":""},"categories":[1],"tags":[],"class_list":["post-38528","post","type-post","status-publish","format-standard","has-post-thumbnail","hentry","category-geral"],"_referencia":"","_links":{"self":[{"href":"https:\/\/diariodocomercio.com.br\/mix\/wp-json\/wp\/v2\/posts\/38528","targetHints":{"allow":["GET"]}}],"collection":[{"href":"https:\/\/diariodocomercio.com.br\/mix\/wp-json\/wp\/v2\/posts"}],"about":[{"href":"https:\/\/diariodocomercio.com.br\/mix\/wp-json\/wp\/v2\/types\/post"}],"author":[{"embeddable":true,"href":"https:\/\/diariodocomercio.com.br\/mix\/wp-json\/wp\/v2\/users\/12"}],"replies":[{"embeddable":true,"href":"https:\/\/diariodocomercio.com.br\/mix\/wp-json\/wp\/v2\/comments?post=38528"}],"version-history":[{"count":1,"href":"https:\/\/diariodocomercio.com.br\/mix\/wp-json\/wp\/v2\/posts\/38528\/revisions"}],"predecessor-version":[{"id":38529,"href":"https:\/\/diariodocomercio.com.br\/mix\/wp-json\/wp\/v2\/posts\/38528\/revisions\/38529"}],"wp:featuredmedia":[{"embeddable":true,"href":"https:\/\/diariodocomercio.com.br\/mix\/wp-json\/wp\/v2\/media\/23137"}],"wp:attachment":[{"href":"https:\/\/diariodocomercio.com.br\/mix\/wp-json\/wp\/v2\/media?parent=38528"}],"wp:term":[{"taxonomy":"category","embeddable":true,"href":"https:\/\/diariodocomercio.com.br\/mix\/wp-json\/wp\/v2\/categories?post=38528"},{"taxonomy":"post_tag","embeddable":true,"href":"https:\/\/diariodocomercio.com.br\/mix\/wp-json\/wp\/v2\/tags?post=38528"}],"curies":[{"name":"wp","href":"https:\/\/api.w.org\/{rel}","templated":true}]}}