{"id":38534,"date":"2026-03-16T14:49:00","date_gmt":"2026-03-16T17:49:00","guid":{"rendered":"https:\/\/diariodocomercio.com.br\/mix\/?p=38534"},"modified":"2026-03-16T18:20:04","modified_gmt":"2026-03-16T21:20:04","slug":"acessorio-no-traje-de-wagner-moura-chama-atencao-de-todo-mundo-no-oscar","status":"publish","type":"post","link":"https:\/\/diariodocomercio.com.br\/mix\/acessorio-no-traje-de-wagner-moura-chama-atencao-de-todo-mundo-no-oscar\/","title":{"rendered":"Acess\u00f3rio no traje de Wagner Moura chama aten\u00e7\u00e3o de todo mundo no Oscar"},"content":{"rendered":"\n<p><strong>Wagner Moura<\/strong> fez hist\u00f3ria no <strong>Oscar <\/strong>2026 ao tornar-se o primeiro brasileiro indicado ao pr\u00eamio de Melhor Ator. A cerim\u00f4nia ocorreu em 15 de mar\u00e7o, no Dolby Theatre, em Los Angeles.<\/p>\n\n\n\n<p>Destaque na noite, Moura chamou a aten\u00e7\u00e3o pela <strong>alian\u00e7a <\/strong>que usou, embora n\u00e3o tenha ganhado o pr\u00eamio. Sua indica\u00e7\u00e3o se deu por sua atua\u00e7\u00e3o no filme &#8220;O Agente Secreto&#8221;, um marco para o cinema brasileiro.<\/p>\n\n\n\n<h2 class=\"wp-block-heading\">Wagner Moura<\/h2>\n\n\n<div class=\"wp-block-image\">\n<figure class=\"aligncenter size-full is-resized\"><img decoding=\"async\" width=\"600\" height=\"338\" src=\"https:\/\/diariodocomercio.com.br\/mix\/wp-content\/uploads\/2026\/03\/mtg-abre-2026-03-16t095736.969-1.avif\" alt=\"\" class=\"wp-image-38538\" style=\"aspect-ratio:1.7752286773794808;width:607px;height:auto\" srcset=\"https:\/\/diariodocomercio.com.br\/mix\/wp-content\/uploads\/2026\/03\/mtg-abre-2026-03-16t095736.969-1.avif 600w, https:\/\/diariodocomercio.com.br\/mix\/wp-content\/uploads\/2026\/03\/mtg-abre-2026-03-16t095736.969-1-300x169.avif 300w, https:\/\/diariodocomercio.com.br\/mix\/wp-content\/uploads\/2026\/03\/mtg-abre-2026-03-16t095736.969-1-150x85.avif 150w\" sizes=\"(max-width: 600px) 100vw, 600px\" \/><figcaption class=\"wp-element-caption\">Alian\u00e7a de Wagner Moura durante o Oscar 2026 (Foto: Reprodu\u00e7\u00e3o \/ Instagram)<\/figcaption><\/figure>\n<\/div>\n\n\n<p>A joia utilizada por Moura atraiu olhares durante o evento, gerando discuss\u00f5es e curiosidade. Apesar do destaque visual, a raz\u00e3o principal da presen\u00e7a de Moura era sua contribui\u00e7\u00e3o para o cinema internacional.<\/p>\n\n\n\n<p>O Oscar 2026 destacou-se tamb\u00e9m pela participa\u00e7\u00e3o de <strong>Adolpho Veloso, <\/strong>indicado a Melhor Fotografia por seu trabalho em &#8220;Sonhos de Trem&#8221;. Ele tamb\u00e9m n\u00e3o venceu.<\/p>\n\n\n\n<h2 class=\"wp-block-heading\">Relev\u00e2ncia de &#8220;O Agente Secreto&#8221;<\/h2>\n\n\n\n<p>&#8220;O Agente Secreto&#8221; foi outro ponto alto, recebendo indica\u00e7\u00f5es para Melhor Filme Internacional, Melhor Dire\u00e7\u00e3o de Elenco e Melhor Filme. Situado em 1977, o filme narra a hist\u00f3ria de Marcelo, um especialista em tecnologia que retorna a um passado conflitante em Recife.<\/p>\n\n\n\n<p>Essa obra j\u00e1 obteve pr\u00eamios relevantes no Festival de Cannes e no Globo de Ouro, refor\u00e7ando a qualidade e o alcance do cinema nacional.<\/p>\n\n\n\n<h2 class=\"wp-block-heading\">Impulso para o cinema nacional<\/h2>\n\n\n\n<p>A atua\u00e7\u00e3o de Wagner Moura no Oscar inspira novos atores e cineastas, reafirmando o potencial do Brasil no cen\u00e1rio internacional. Embora sua alian\u00e7a tenha despertado interesse, o que realmente importa \u00e9 o legado que ele e seus colegas est\u00e3o construindo.<\/p>\n\n\n\n<p>Seu trabalho coloca o cinema brasileiro sob os holofotes e encoraja outros a sonhar em grande escala.<\/p>\n","protected":false},"excerpt":{"rendered":"<p>Moura fez hist\u00f3ria no Oscar 2026 ao tornar-se o primeiro brasileiro indicado ao pr\u00eamio de Melhor Ator. <\/p>\n","protected":false},"author":12,"featured_media":38535,"comment_status":"closed","ping_status":"closed","sticky":false,"template":"","format":"standard","meta":{"jnews-multi-image_gallery":[],"jnews_single_post":{"format":"standard"},"jnews_primary_category":[],"jnews_social_meta":[],"jnews_override_counter":[],"jnews_post_split":[],"footnotes":""},"categories":[1],"tags":[],"class_list":["post-38534","post","type-post","status-publish","format-standard","has-post-thumbnail","hentry","category-geral"],"_referencia":"","_links":{"self":[{"href":"https:\/\/diariodocomercio.com.br\/mix\/wp-json\/wp\/v2\/posts\/38534","targetHints":{"allow":["GET"]}}],"collection":[{"href":"https:\/\/diariodocomercio.com.br\/mix\/wp-json\/wp\/v2\/posts"}],"about":[{"href":"https:\/\/diariodocomercio.com.br\/mix\/wp-json\/wp\/v2\/types\/post"}],"author":[{"embeddable":true,"href":"https:\/\/diariodocomercio.com.br\/mix\/wp-json\/wp\/v2\/users\/12"}],"replies":[{"embeddable":true,"href":"https:\/\/diariodocomercio.com.br\/mix\/wp-json\/wp\/v2\/comments?post=38534"}],"version-history":[{"count":5,"href":"https:\/\/diariodocomercio.com.br\/mix\/wp-json\/wp\/v2\/posts\/38534\/revisions"}],"predecessor-version":[{"id":38581,"href":"https:\/\/diariodocomercio.com.br\/mix\/wp-json\/wp\/v2\/posts\/38534\/revisions\/38581"}],"wp:featuredmedia":[{"embeddable":true,"href":"https:\/\/diariodocomercio.com.br\/mix\/wp-json\/wp\/v2\/media\/38535"}],"wp:attachment":[{"href":"https:\/\/diariodocomercio.com.br\/mix\/wp-json\/wp\/v2\/media?parent=38534"}],"wp:term":[{"taxonomy":"category","embeddable":true,"href":"https:\/\/diariodocomercio.com.br\/mix\/wp-json\/wp\/v2\/categories?post=38534"},{"taxonomy":"post_tag","embeddable":true,"href":"https:\/\/diariodocomercio.com.br\/mix\/wp-json\/wp\/v2\/tags?post=38534"}],"curies":[{"name":"wp","href":"https:\/\/api.w.org\/{rel}","templated":true}]}}