{"id":38555,"date":"2026-03-16T15:31:26","date_gmt":"2026-03-16T18:31:26","guid":{"rendered":"https:\/\/diariodocomercio.com.br\/mix\/?p=38555"},"modified":"2026-03-16T15:31:28","modified_gmt":"2026-03-16T18:31:28","slug":"ozempic-gratuito-municipios-comecam-a-distribuir-canetas-emagrecedoras-pelo-sus","status":"publish","type":"post","link":"https:\/\/diariodocomercio.com.br\/mix\/ozempic-gratuito-municipios-comecam-a-distribuir-canetas-emagrecedoras-pelo-sus\/","title":{"rendered":"Ozempic gratuito: munic\u00edpios come\u00e7am a distribuir canetas emagrecedoras pelo SUS"},"content":{"rendered":"\n<p>Alguns servi\u00e7os do Sistema \u00danico de Sa\u00fade (SUS) come\u00e7aram a participar de um projeto que prev\u00ea a distribui\u00e7\u00e3o de canetas emagrecedoras \u00e0 base de semaglutida, princ\u00edpio ativo presente em medicamentos como Ozempic e Wegovy. A iniciativa ocorre por meio de uma parceria entre a farmac\u00eautica dinamarquesa Novo Nordisk e institui\u00e7\u00f5es p\u00fablicas de sa\u00fade, com o objetivo de testar protocolos de tratamento para obesidade.<\/p>\n\n\n\n<p>O programa ainda est\u00e1 em fase inicial e funcionar\u00e1 como projeto piloto, com oferta limitada do medicamento em centros espec\u00edficos da rede p\u00fablica.<\/p>\n\n\n\n<p>At\u00e9 o momento, a parceria j\u00e1 foi firmada com o Instituto Estadual de Diabetes e Endocrinologia Luiz Capriglione (IEDE), no Rio de Janeiro, e com o Grupo Hospitalar Concei\u00e7\u00e3o, institui\u00e7\u00e3o federal localizada no Rio Grande do Sul. Um terceiro local, administrado por um munic\u00edpio, ainda ser\u00e1 definido.<\/p>\n\n\n\n<p>Segundo os respons\u00e1veis pela iniciativa, o objetivo \u00e9 avaliar os efeitos cl\u00ednicos, econ\u00f4micos e sociais do tratamento com semaglutida dentro do sistema p\u00fablico de sa\u00fade. A experi\u00eancia tamb\u00e9m deve ajudar na coleta de dados que possam orientar decis\u00f5es futuras sobre a poss\u00edvel inclus\u00e3o do medicamento no SUS.<\/p>\n\n\n\n<h2 class=\"wp-block-heading\"><strong>Tratamento ser\u00e1 destinado a casos espec\u00edficos<\/strong><\/h2>\n\n\n\n<p>O acesso \u00e0s chamadas <strong>\u201ccanetas emagrecedoras\u201d<\/strong> ser\u00e1 direcionado principalmente a pacientes com <strong>obesidade grave<\/strong>, especialmente aqueles com <strong>\u00edndice de massa corporal (IMC) igual ou superior a 35 kg\/m\u00b2<\/strong>, classificados como obesidade grau II ou III.<\/p>\n\n\n\n<p>Outro grupo que poder\u00e1 ser priorizado inclui <strong>pessoas com mais de 45 anos que apresentem doen\u00e7as cardiovasculares<\/strong>, como hist\u00f3rico de infarto ou AVC, mesmo sem diagn\u00f3stico de diabetes.<\/p>\n\n\n\n<p>A iniciativa ocorre em um cen\u00e1rio de aumento significativo da obesidade no pa\u00eds. Dados da pesquisa <strong>Vigitel<\/strong>, do Minist\u00e9rio da Sa\u00fade, indicam que a preval\u00eancia da condi\u00e7\u00e3o <strong>cresceu 118% entre 2006 e 2024<\/strong>. Atualmente, cerca de <strong>25,7% dos adultos brasileiros s\u00e3o considerados obesos<\/strong>.<\/p>\n\n\n\n<p>Quando se inclui o <strong>sobrepeso<\/strong>, o \u00edndice chega a <strong>62,6% da popula\u00e7\u00e3o<\/strong>, o que tem pressionado especialistas e entidades m\u00e9dicas a defender a inclus\u00e3o de novos tratamentos na rede p\u00fablica.<\/p>\n\n\n\n<h2 class=\"wp-block-heading\"><strong>Alto custo ainda \u00e9 desafio<\/strong><\/h2>\n\n\n\n<p>Apesar da efic\u00e1cia comprovada dos medicamentos da classe <strong>GLP-1<\/strong>, que incluem semaglutida e liraglutida, o custo ainda \u00e9 um obst\u00e1culo para a ado\u00e7\u00e3o em larga escala. Estudos do Minist\u00e9rio da Sa\u00fade apontam que a incorpora\u00e7\u00e3o dessas terapias poderia gerar <strong>impacto financeiro de cerca de R$ 8 bilh\u00f5es por ano<\/strong> no sistema p\u00fablico.<\/p>\n\n\n\n<p>A pasta informou que acompanha o avan\u00e7o da tecnologia e que a <strong>entrada de vers\u00f5es gen\u00e9ricas e a poss\u00edvel produ\u00e7\u00e3o nacional<\/strong> podem reduzir os pre\u00e7os no futuro, o que poderia ampliar o acesso aos medicamentos no SUS.<\/p>\n","protected":false},"excerpt":{"rendered":"<p>Alguns servi\u00e7os do Sistema \u00danico de Sa\u00fade (SUS) come\u00e7aram a participar de um projeto que prev\u00ea a distribui\u00e7\u00e3o de canetas emagrecedoras \u00e0 base de semaglutida, princ\u00edpio ativo presente em medicamentos como Ozempic e Wegovy. A iniciativa ocorre por meio de uma parceria entre a farmac\u00eautica dinamarquesa Novo Nordisk e institui\u00e7\u00f5es p\u00fablicas de sa\u00fade, com o [&hellip;]<\/p>\n","protected":false},"author":9,"featured_media":22639,"comment_status":"closed","ping_status":"closed","sticky":false,"template":"","format":"standard","meta":{"jnews-multi-image_gallery":[],"jnews_single_post":{"format":"standard"},"jnews_primary_category":[],"jnews_social_meta":[],"jnews_override_counter":[],"jnews_post_split":[],"footnotes":""},"categories":[1],"tags":[],"class_list":["post-38555","post","type-post","status-publish","format-standard","has-post-thumbnail","hentry","category-geral"],"_referencia":"","_links":{"self":[{"href":"https:\/\/diariodocomercio.com.br\/mix\/wp-json\/wp\/v2\/posts\/38555","targetHints":{"allow":["GET"]}}],"collection":[{"href":"https:\/\/diariodocomercio.com.br\/mix\/wp-json\/wp\/v2\/posts"}],"about":[{"href":"https:\/\/diariodocomercio.com.br\/mix\/wp-json\/wp\/v2\/types\/post"}],"author":[{"embeddable":true,"href":"https:\/\/diariodocomercio.com.br\/mix\/wp-json\/wp\/v2\/users\/9"}],"replies":[{"embeddable":true,"href":"https:\/\/diariodocomercio.com.br\/mix\/wp-json\/wp\/v2\/comments?post=38555"}],"version-history":[{"count":1,"href":"https:\/\/diariodocomercio.com.br\/mix\/wp-json\/wp\/v2\/posts\/38555\/revisions"}],"predecessor-version":[{"id":38556,"href":"https:\/\/diariodocomercio.com.br\/mix\/wp-json\/wp\/v2\/posts\/38555\/revisions\/38556"}],"wp:featuredmedia":[{"embeddable":true,"href":"https:\/\/diariodocomercio.com.br\/mix\/wp-json\/wp\/v2\/media\/22639"}],"wp:attachment":[{"href":"https:\/\/diariodocomercio.com.br\/mix\/wp-json\/wp\/v2\/media?parent=38555"}],"wp:term":[{"taxonomy":"category","embeddable":true,"href":"https:\/\/diariodocomercio.com.br\/mix\/wp-json\/wp\/v2\/categories?post=38555"},{"taxonomy":"post_tag","embeddable":true,"href":"https:\/\/diariodocomercio.com.br\/mix\/wp-json\/wp\/v2\/tags?post=38555"}],"curies":[{"name":"wp","href":"https:\/\/api.w.org\/{rel}","templated":true}]}}