{"id":38561,"date":"2026-03-16T17:43:15","date_gmt":"2026-03-16T20:43:15","guid":{"rendered":"https:\/\/diariodocomercio.com.br\/mix\/?p=38561"},"modified":"2026-03-16T18:18:30","modified_gmt":"2026-03-16T21:18:30","slug":"apos-o-agente-secreto-veja-7-filmes-nacionais-que-prometem-fazer-sucesso-no-brasil-em-2026","status":"publish","type":"post","link":"https:\/\/diariodocomercio.com.br\/mix\/apos-o-agente-secreto-veja-7-filmes-nacionais-que-prometem-fazer-sucesso-no-brasil-em-2026\/","title":{"rendered":"Ap\u00f3s \u201cO Agente Secreto\u201d, veja 7 filmes nacionais que prometem fazer sucesso no Brasil em 2026"},"content":{"rendered":"\n<p>O Oscar 2026 acabou, O Agente Secreto fez hist\u00f3ria com suas quatro indica\u00e7\u00f5es (ainda que tenha sa\u00eddo de m\u00e3os vazias), mas o que n\u00e3o faltam s\u00e3o mais filmes nacionais vindo por a\u00ed para voc\u00ea apreciar. Confira sete produ\u00e7\u00f5es br que chegam aos cinemas este ano:<\/p>\n\n\n\n<h2 class=\"wp-block-heading\">1. Na Linha de Fogo<\/h2>\n\n\n\n<p>Um original Globoplay e primeira parceria entre a Globo e a Disney, o longa conta com nomes Juliano Cazarr\u00e9 (Tr\u00eas Gra\u00e7as) e Nathalia Dill (Fam\u00edlia \u00e9 Tudo) e segue a luta por controle de territ\u00f3rio entre traficantes e for\u00e7as policiais nas favelas do Rio de Janeiro e, obviamente, como essa guerra afeta a vida dos moradores dessas comunidades.<\/p>\n\n\n\n<h2 class=\"wp-block-heading\">2. Trago seu Amor<\/h2>\n\n\n<style>@media (min-width: 992px) {\n    .recomendadorV2Area1 {\n        width: 280px;\n    }\n    .recomendadorV2Area2 {\n        padding: 0px 20px;\n        width: calc(100% - 280px);\n    }\n}\n\n@media (max-width: 992px) {\n    .recomendadorV2Button {\n        margin: 0 auto;\n    }\n    .recomendadorV2Area {\n        flex-direction: column;\n        text-align: center;\n    }\n    .recomendadorV2Area2 {\n        padding: 0px 20px;\n    }\n}\n\n.recomendadorV2Area {\n    background: #eeeeee3d;\n    border-radius: 10px;\n    padding: 15px;\n    display: flex;\n    margin: 15px auto;\n    border: 1px solid #00000014;\n    max-width: 800px;\n}\n\n.recomendadorV2Area1 img {\n    width: 280px;\n    height: auto;\n    border-radius: 8px;\n}\n\n.linkrecomendadorv2 {\n    text-decoration: none !important;\n}\n\n.recomendadorV2Area2 .recomendadorV2Type {\n    text-transform: uppercase;\n    font-weight: 500;\n    font-size: 11px;\n    letter-spacing: 2px;\n    color: #666;\n    margin: 12px 0;\n    display: block;\n}\n\n.recomendadorV2Title h2 {\n    padding-top: 0px !important;\n    margin: 0px !important;\n    border-left: none !important;\n    padding-left: 0px !important;\n    line-height: 1.3;\n    color: #000 !important;\n    font-size: 24px;\n    margin-bottom: 12px !important;\n}\n\n.recomendadorV2Desc {\n    color: #333;\n    margin: 12px 0px !important;\n    font-size: 15px;\n    line-height: 1.5;\n}\n\n.recomendadorV2Button {\n    width: auto;\n    max-width: 200px;\n    margin: 0;\n    display: inline-flex;\n    align-items: center;\n    background: #1D3557;\n    border-radius: 8px;\n    color: #fff;\n    height: 36px;\n    justify-content: center;\n    text-align: center;\n    font-size: 14px;\n    padding: 0 20px;\n    transition: background-color 0.2s ease;\n}\n\n.recomendadorV2Button:hover {\n    background: #2a4d7a;\n}\n\n.recomendadorV2Button:after {\n    margin-top: -2px;\n    content: \"\u2192\";\n    padding: 0px 0px 0px 8px;\n}\n\n.recomendadorV2Alert {\n    text-align: left;\n    font-size: 11px;\n    margin-top: 8px;\n    color: #666;\n}\n\n.recomendadorFixedArea {\n    width: 100%;\n    display: flex;\n    justify-content: center;\n    align-items: center;\n}\n\n@media (min-width: 992px) {\n    #recomendadorFixed {\n        width: 32% !important;\n        left: 5%;\n    }\n    .recomendadorCloseFixed{\n        right: inherit !important;\n        left: 378px !important;\n    }\n}\n\n#recomendadorFixed {\n    width: 90%;\n    box-shadow: 0 10px 20px 0px #00000057;\n    display: none;\n    height: 90px;\n    background: #F6F6F6;\n    position: fixed;\n    flex-direction: row;\n    bottom: 10px;\n    z-index: 9999;\n    border-radius: 16px;\n    padding: 7px 10px;\n}\n\n.recomendadorLeftArea {\n    width: 160px;\n}\n\n.recomendadorRightArea h2 {\n    padding-top: 0px;\n    margin: 2px 0px 4px 0px !important;\n    font-weight: 400;\n    text-align: center;\n    padding-left: 0px !important;\n    color: #000 !important;\n    border-left: none !important;\n    line-height: 20px;\n    font-size: 12px !important;\n}\n\n.recomendadorImgFixed {\n    overflow: hidden;\n    padding: 8px 6px;\n    height: 100%;\n}\n\n.recomendadorImgFixed img {\n    height: 100% !important;\n    border-radius: 16px;\n}\n\n.recomendadorRightArea {\n    padding-top: 6px;\n    display: flex;\n    width: calc(100% - 130px);\n    justify-content: space-between;\n    align-items: center;\n    flex-direction: column;\n}\n\n.recomendadorButtonFixed {\n    margin: 0 auto;\n    background: #1D3557;\n    width: 80%;\n    text-align: center;\n    font-size: 10px;\n    color: #FFF;\n    padding: 2px 10px;\n    border-radius: 3px;\n}\n\n.recomendadorButtonFixed:after {\n    margin-top: -3px;\n    content: \"\u2192\";\n    padding: 0px 0px 0px 10px;\n}\n\n.recomendadorAlertFixed {\n    font-weight: 400;\n    text-align: center;\n    color: #484848;\n    font-size: 8px;\n}\n\n.recomendadorCloseFixed {\n    z-index: 99999;\n    display: none;\n    right: 0px;\n    left: inherit;\n    bottom: 99px;\n    position: fixed;\n    justify-content: center;\n    background: #F6F6F6;\n    width: 25px;\n    align-items: center;\n    height: 25px;\n    font-weight: 800;\n    border-radius: 50%;\n    border: 1px solid #EBEBEB;\n}\n\n.recomendadorV2Desc{\n    color: #000000;\n    margin: 20px 0px;\n}\n\n@media (max-width: 576px) {\n    .recomendadorV2Area {\n      padding: 10px;\n      max-width: 100%;\n    }\n  \n    .recomendadorV2Area1 img {\n      width: 100%;\n      border-radius: 6px;\n    }\n  \n    .recomendadorV2Area2 .recomendadorV2Type {\n      font-size: 9px;\n      letter-spacing: 1px;\n      margin: 8px 0;\n    }\n  \n    .recomendadorV2Title h2 {\n      font-size: 18px !important;\n      margin-bottom: 8px !important;\n      line-height: 1.2;\n    }\n  \n    .recomendadorV2Desc {\n      font-size: 14px;\n      margin: 8px 0 !important;\n      line-height: 1.4;\n    }\n  \n    .recomendadorV2Button {\n      font-size: 14px;\n      height: 40px;\n      padding: 0 12px;\n      max-width: 100%;\n      width: 100%;\n    }\n  \n    .recomendadorV2Button:after {\n      padding-left: 6px;\n    }\n  }\n  <\/style>\n        <div class=\"lazyblock-recomendador-v2-2jDGz wp-block-lazyblock-recomendador-v2\">\n        <a class=\"linkrecomendadorv2\" href=\"https:\/\/diariodocomercio.com.br\/mix\/acessorio-no-traje-de-wagner-moura-chama-atencao-de-todo-mundo-no-oscar\/?utm_source=lazy\">\n            <div class=\"recomendadorV2Area\">\n            <div class=\"recomendadorV2Area1\">\n                <div class=\"recomendadorV2Img\">\n                <img class=\"lazyloaded\" decoding=\"async\" src=\"https:\/\/diariodocomercio.com.br\/mix\/wp-content\/uploads\/2026\/03\/Foto-para-a-capa-da-materia-sobre-o-relogio-usado-pelo-ator-Wagner-Moura-no-Oscar-2026-1140x570.jpg\" data-src=\"https:\/\/diariodocomercio.com.br\/mix\/wp-content\/uploads\/2026\/03\/Foto-para-a-capa-da-materia-sobre-o-relogio-usado-pelo-ator-Wagner-Moura-no-Oscar-2026-1140x570.jpg\" alt=\"\">\n                <\/div>\n            <\/div>\n            <div class=\"recomendadorV2Area2\">\n                <div class=\"recomendadorV2Type\">\n                    <span>Oscar 2026<\/span>\n                <\/div>\n                <div class=\"recomendadorV2Title\">\n                <h2><span>Detalhe curioso \u231a<\/span><\/h2>\n                <\/div>\n                <div class=\"recomendadorV2Desc\">\n                <span>Acess\u00f3rio de Wagner chama aten\u00e7\u00e3o<\/span>\n                <\/div>\n                <div class=\"recomendadorV2Button\">Ver detalhe<\/div>\n                <div class=\"recomendadorV2Alert\"><\/div>\n            <\/div>\n            <\/div>\n        <\/a>\n        <div>\n            <div style=\"z-index:99999;\" id=\"buttonClose\" onclick=\"closeRecomendadorFixed()\">\n            <div class=\"recomendadorCloseFixed\">X<\/div>\n            <\/div>\n            <a href=\"https:\/\/diariodocomercio.com.br\/mix\/acessorio-no-traje-de-wagner-moura-chama-atencao-de-todo-mundo-no-oscar\/?utm_source=lazy\">\n            <div class=\"recomendadorFixedArea\">\n                <div id=\"recomendadorFixed\">\n                <div class=\"recomendadorLeftArea\">\n                    <div class=\"recomendadorImgFixed\">\n                    <img class=\"lazyload\" decoding=\"async\" src=\"https:\/\/diariodocomercio.com.br\/mix\/wp-content\/uploads\/2026\/03\/Foto-para-a-capa-da-materia-sobre-o-relogio-usado-pelo-ator-Wagner-Moura-no-Oscar-2026-1140x570.jpg\" alt=\"\">\n                    <\/div>\n                <\/div>\n                <div class=\"recomendadorRightArea\">\n                    <div class=\"recomendadorTitleFixed\">\n                    <h2><span>Detalhe curioso \u231a<\/span><\/h2>\n                    <\/div>\n                    <div class=\"recomendadorButtonFixed\">Ver detalhe<\/div>\n                    <div class=\"recomendadorAlertFixed\"><\/div>\n                <\/div>\n                <\/div>\n            <\/div>\n            <\/a>\n        <\/div>\n        <\/div>\n\n\n\n<p>Nesta com\u00e9dia rom\u00e2ntica acompanhamos Mia, uma bruxa com um poder inusitado: quem a beija se apaixona por ela ou volta a se apaixonar pela \u00faltima pessoa que amou. A hist\u00f3ria come\u00e7a quando ela conhece Yuri, mas algo estranho acontece quando ela o beija: \u00e9 a pr\u00f3pria Mia que se apaixonada dessa vez, e pela ex de Yuri.<\/p>\n\n\n\n<h2 class=\"wp-block-heading\">3. Velhos Bandidos<\/h2>\n\n\n\n<p>Essa com\u00e9dia que chega aos cinemas no dia 26 de mar\u00e7o segue um casal de aposentados vivido por Fernanda Montenegro e Ary Fontoura, que planejam um assalto a banco com a ajuda dos jovens ladr\u00f5es Nancy e Sid.<\/p>\n\n\n\n<h2 class=\"wp-block-heading\">4. Escola Sem Muros<\/h2>\n\n\n\n<p>Baseado em fatos, o filme conta a transforma\u00e7\u00e3o da Escola Estadual Campos Salles, em Heli\u00f3polis, S\u00e3o Paulo, que era vista como uma &#8220;f\u00e1brica de bandidos&#8221; antes da chegada do diretor Braz Nogueira.<\/p>\n\n\n\n<h2 class=\"wp-block-heading\">5. Solina<\/h2>\n\n\n\n<p>Estrelando Duda Santos (Garota do Momento), o filme se passa em uma comunidade quilombola isolada que come\u00e7a a passar por fen\u00f4menos estranhos depois da morte do patriarca da comunidade, incluindo uma nuvem de poeira que passa a cercar o local.<\/p>\n\n\n\n<h2 class=\"wp-block-heading\">6. Quinze Dias<\/h2>\n\n\n\n<p>Baseado no <a href=\"https:\/\/www.amazon.com.br\/Quinze-dias-Edi%C3%A7%C3%A3o-especial-conte%C3%BAdo\/dp\/6588131518\/ref=sr_1_1?__mk_pt_BR=%C3%85M%C3%85%C5%BD%C3%95%C3%91&amp;crid=3TFOTOJKNUGI2&amp;dib=eyJ2IjoiMSJ9.40lxo313u70o7nyGPc8U_Vb71PRkR6cH9OMNp0j9DdGwa9vHmhNGx3t5UWAj8CyTrfkQEZ7zib0ZUO_s2LYOqzjhbhwQLVVOMA0z_vhuceoJPdYCtyeJia6dGSy1nGP82RFXyL8_5mR3nvutIukwA2AAJSSY7_YCafz0nBzFKsO2jyZVk-ly92Ry0WJmzN2TXL3GUXsd4cTK96kDCUY3aFM6POUfG_b5AWaqbX9kQxl_tHvgRx3uyYVnmJ2GVHO9yar0DNF7meVK04VPwrAlhmkkyZjMIBwhttiLpJYRabo.S-ihG8v9w8n-sWgBAx5GtGS5wjsQePDZYGDc8jgivSY&amp;dib_tag=se&amp;keywords=quinze+dias&amp;qid=1773693700&amp;sprefix=quinze+dia%2Caps%2C253&amp;sr=8-1\" target=\"_blank\" rel=\"noreferrer noopener\">best-seller de Vitor Martins<\/a>, o filme segue um adolescente inseguro que passa as f\u00e9rias ao lado do seu vizinho, um crush de inf\u00e2ncia, enquanto lida com quest\u00f5es como autoestima, gordofobia e amor.<\/p>\n\n\n\n<h2 class=\"wp-block-heading\">7. Encontrada<\/h2>\n\n\n\n<p>Na continua\u00e7\u00e3o de Perdida, o filme baseado na <a href=\"https:\/\/www.amazon.com.br\/Perdida-Edi%C3%A7%C3%A3o-especial-Carina-Rissi\/dp\/8501305693\/ref=sr_1_1?__mk_pt_BR=%C3%85M%C3%85%C5%BD%C3%95%C3%91&amp;crid=1TCP08W9AAGOW&amp;dib=eyJ2IjoiMSJ9.Bi4bM6tz_6iiGQ-qzskRcQEwk8U5bAmBtbQrep5IqhtmJO9vlERttpNaCIOAhQHIUADCl8Gu_etHZfkvizRFB3glSbZiup1TUjZ1OgVbslSypVL6GFuKyshDnqfDKaIyAYnuxSthyWm8XoQuDxQxMb2RY0OlVg930knHyrDRv8XitdG3WxZ_799UDwFHUHRPagkSOlLGnhlIpStnt0-NGlO1ojRE4SA6vxWhbo29iYhTEZc8VT8MupT6qKDvH4RiOBua-GrftIgA5l63eBwuPjTfahMnPBqRrR7Pzm9nh6Y.5eGL5NaWhroh1sB0WZWEkSW9LRxrKA34l-wOUflOvfI&amp;dib_tag=se&amp;keywords=perdida+s%C3%A9rie&amp;qid=1773693757&amp;sprefix=perdida+s%C3%A9r%2Caps%2C243&amp;sr=8-1&amp;ufe=app_do%3Aamzn1.fos.db68964d-7c0e-4bb2-a95c-e5cb9e32eb12\" target=\"_blank\" rel=\"noreferrer noopener\">s\u00e9rie de livros de Carina Rissi<\/a> segue Sofia, de volta ao passado, tentando lidar com o seu amor por Ian Clarke.<\/p>\n\n\n\n<style>@media (min-width: 992px) {\n    .recomendadorV2Area1 {\n        width: 280px;\n    }\n    .recomendadorV2Area2 {\n        padding: 0px 20px;\n        width: calc(100% - 280px);\n    }\n}\n\n@media (max-width: 992px) {\n    .recomendadorV2Button {\n        margin: 0 auto;\n    }\n    .recomendadorV2Area {\n        flex-direction: column;\n        text-align: center;\n    }\n    .recomendadorV2Area2 {\n        padding: 0px 20px;\n    }\n}\n\n.recomendadorV2Area {\n    background: #eeeeee3d;\n    border-radius: 10px;\n    padding: 15px;\n    display: flex;\n    margin: 15px auto;\n    border: 1px solid #00000014;\n    max-width: 800px;\n}\n\n.recomendadorV2Area1 img {\n    width: 280px;\n    height: auto;\n    border-radius: 8px;\n}\n\n.linkrecomendadorv2 {\n    text-decoration: none !important;\n}\n\n.recomendadorV2Area2 .recomendadorV2Type {\n    text-transform: uppercase;\n    font-weight: 500;\n    font-size: 11px;\n    letter-spacing: 2px;\n    color: #666;\n    margin: 12px 0;\n    display: block;\n}\n\n.recomendadorV2Title h2 {\n    padding-top: 0px !important;\n    margin: 0px !important;\n    border-left: none !important;\n    padding-left: 0px !important;\n    line-height: 1.3;\n    color: #000 !important;\n    font-size: 24px;\n    margin-bottom: 12px !important;\n}\n\n.recomendadorV2Desc {\n    color: #333;\n    margin: 12px 0px !important;\n    font-size: 15px;\n    line-height: 1.5;\n}\n\n.recomendadorV2Button {\n    width: auto;\n    max-width: 200px;\n    margin: 0;\n    display: inline-flex;\n    align-items: center;\n    background: #1D3557;\n    border-radius: 8px;\n    color: #fff;\n    height: 36px;\n    justify-content: center;\n    text-align: center;\n    font-size: 14px;\n    padding: 0 20px;\n    transition: background-color 0.2s ease;\n}\n\n.recomendadorV2Button:hover {\n    background: #2a4d7a;\n}\n\n.recomendadorV2Button:after {\n    margin-top: -2px;\n    content: \"\u2192\";\n    padding: 0px 0px 0px 8px;\n}\n\n.recomendadorV2Alert {\n    text-align: left;\n    font-size: 11px;\n    margin-top: 8px;\n    color: #666;\n}\n\n.recomendadorFixedArea {\n    width: 100%;\n    display: flex;\n    justify-content: center;\n    align-items: center;\n}\n\n@media (min-width: 992px) {\n    #recomendadorFixed {\n        width: 32% !important;\n        left: 5%;\n    }\n    .recomendadorCloseFixed{\n        right: inherit !important;\n        left: 378px !important;\n    }\n}\n\n#recomendadorFixed {\n    width: 90%;\n    box-shadow: 0 10px 20px 0px #00000057;\n    display: none;\n    height: 90px;\n    background: #F6F6F6;\n    position: fixed;\n    flex-direction: row;\n    bottom: 10px;\n    z-index: 9999;\n    border-radius: 16px;\n    padding: 7px 10px;\n}\n\n.recomendadorLeftArea {\n    width: 160px;\n}\n\n.recomendadorRightArea h2 {\n    padding-top: 0px;\n    margin: 2px 0px 4px 0px !important;\n    font-weight: 400;\n    text-align: center;\n    padding-left: 0px !important;\n    color: #000 !important;\n    border-left: none !important;\n    line-height: 20px;\n    font-size: 12px !important;\n}\n\n.recomendadorImgFixed {\n    overflow: hidden;\n    padding: 8px 6px;\n    height: 100%;\n}\n\n.recomendadorImgFixed img {\n    height: 100% !important;\n    border-radius: 16px;\n}\n\n.recomendadorRightArea {\n    padding-top: 6px;\n    display: flex;\n    width: calc(100% - 130px);\n    justify-content: space-between;\n    align-items: center;\n    flex-direction: column;\n}\n\n.recomendadorButtonFixed {\n    margin: 0 auto;\n    background: #1D3557;\n    width: 80%;\n    text-align: center;\n    font-size: 10px;\n    color: #FFF;\n    padding: 2px 10px;\n    border-radius: 3px;\n}\n\n.recomendadorButtonFixed:after {\n    margin-top: -3px;\n    content: \"\u2192\";\n    padding: 0px 0px 0px 10px;\n}\n\n.recomendadorAlertFixed {\n    font-weight: 400;\n    text-align: center;\n    color: #484848;\n    font-size: 8px;\n}\n\n.recomendadorCloseFixed {\n    z-index: 99999;\n    display: none;\n    right: 0px;\n    left: inherit;\n    bottom: 99px;\n    position: fixed;\n    justify-content: center;\n    background: #F6F6F6;\n    width: 25px;\n    align-items: center;\n    height: 25px;\n    font-weight: 800;\n    border-radius: 50%;\n    border: 1px solid #EBEBEB;\n}\n\n.recomendadorV2Desc{\n    color: #000000;\n    margin: 20px 0px;\n}\n\n@media (max-width: 576px) {\n    .recomendadorV2Area {\n      padding: 10px;\n      max-width: 100%;\n    }\n  \n    .recomendadorV2Area1 img {\n      width: 100%;\n      border-radius: 6px;\n    }\n  \n    .recomendadorV2Area2 .recomendadorV2Type {\n      font-size: 9px;\n      letter-spacing: 1px;\n      margin: 8px 0;\n    }\n  \n    .recomendadorV2Title h2 {\n      font-size: 18px !important;\n      margin-bottom: 8px !important;\n      line-height: 1.2;\n    }\n  \n    .recomendadorV2Desc {\n      font-size: 14px;\n      margin: 8px 0 !important;\n      line-height: 1.4;\n    }\n  \n    .recomendadorV2Button {\n      font-size: 14px;\n      height: 40px;\n      padding: 0 12px;\n      max-width: 100%;\n      width: 100%;\n    }\n  \n    .recomendadorV2Button:after {\n      padding-left: 6px;\n    }\n  }\n  <\/style>\n        <div class=\"lazyblock-recomendador-v2-2jDGz wp-block-lazyblock-recomendador-v2\">\n        <a class=\"linkrecomendadorv2\" href=\"https:\/\/diariodocomercio.com.br\/mix\/oscar-2026-termina-empatado-para-a-surpresa-do-mundo-inteiro\/\">\n            <div class=\"recomendadorV2Area\">\n            <div class=\"recomendadorV2Area1\">\n                <div class=\"recomendadorV2Img\">\n                <img class=\"lazyloaded\" decoding=\"async\" src=\"https:\/\/diariodocomercio.com.br\/mix\/wp-content\/uploads\/2025\/04\/oscar.jpg\" data-src=\"https:\/\/diariodocomercio.com.br\/mix\/wp-content\/uploads\/2025\/04\/oscar.jpg\" alt=\"\">\n                <\/div>\n            <\/div>\n            <div class=\"recomendadorV2Area2\">\n                <div class=\"recomendadorV2Type\">\n                    <span>OSCAR 2026<\/span>\n                <\/div>\n                <div class=\"recomendadorV2Title\">\n                <h2><span>Oscar 2026 termina empatado para a surpresa do mundo inteiro<\/span><\/h2>\n                <\/div>\n                <div class=\"recomendadorV2Desc\">\n                <span>O Oscar 2026, que aconteceu no \u00faltimo domingo (15), foi marcado por um evento raro na premia\u00e7\u00e3o: um empate. A \u2026<\/span>\n                <\/div>\n                <div class=\"recomendadorV2Button\">Leia mais<\/div>\n                <div class=\"recomendadorV2Alert\"><\/div>\n            <\/div>\n            <\/div>\n        <\/a>\n        <div>\n            <div style=\"z-index:99999;\" id=\"buttonClose\" onclick=\"closeRecomendadorFixed()\">\n            <div class=\"recomendadorCloseFixed\">X<\/div>\n            <\/div>\n            <a href=\"https:\/\/diariodocomercio.com.br\/mix\/oscar-2026-termina-empatado-para-a-surpresa-do-mundo-inteiro\/\">\n            <div class=\"recomendadorFixedArea\">\n                <div id=\"recomendadorFixed\">\n                <div class=\"recomendadorLeftArea\">\n                    <div class=\"recomendadorImgFixed\">\n                    <img class=\"lazyload\" decoding=\"async\" src=\"https:\/\/diariodocomercio.com.br\/mix\/wp-content\/uploads\/2025\/04\/oscar.jpg\" alt=\"\">\n                    <\/div>\n                <\/div>\n                <div class=\"recomendadorRightArea\">\n                    <div class=\"recomendadorTitleFixed\">\n                    <h2><span>Oscar 2026 termina empatado para a surpresa do mundo inteiro<\/span><\/h2>\n                    <\/div>\n                    <div class=\"recomendadorButtonFixed\">Leia mais<\/div>\n                    <div class=\"recomendadorAlertFixed\"><\/div>\n                <\/div>\n                <\/div>\n            <\/div>\n            <\/a>\n        <\/div>\n        <\/div>\n","protected":false},"excerpt":{"rendered":"<p>O Oscar 2026 acabou, O Agente Secreto fez hist\u00f3ria com suas quatro indica\u00e7\u00f5es (ainda que tenha sa\u00eddo de m\u00e3os vazias), mas o que n\u00e3o faltam s\u00e3o mais filmes nacionais vindo por a\u00ed para voc\u00ea apreciar. Confira sete produ\u00e7\u00f5es br que chegam aos cinemas este ano: 1. Na Linha de Fogo Um original Globoplay e primeira [&hellip;]<\/p>\n","protected":false},"author":6,"featured_media":12728,"comment_status":"closed","ping_status":"closed","sticky":false,"template":"","format":"standard","meta":{"jnews-multi-image_gallery":[],"jnews_single_post":{"format":"standard"},"jnews_primary_category":[],"jnews_social_meta":[],"jnews_override_counter":[],"jnews_post_split":[],"footnotes":""},"categories":[1],"tags":[],"class_list":["post-38561","post","type-post","status-publish","format-standard","has-post-thumbnail","hentry","category-geral"],"_referencia":"","_links":{"self":[{"href":"https:\/\/diariodocomercio.com.br\/mix\/wp-json\/wp\/v2\/posts\/38561","targetHints":{"allow":["GET"]}}],"collection":[{"href":"https:\/\/diariodocomercio.com.br\/mix\/wp-json\/wp\/v2\/posts"}],"about":[{"href":"https:\/\/diariodocomercio.com.br\/mix\/wp-json\/wp\/v2\/types\/post"}],"author":[{"embeddable":true,"href":"https:\/\/diariodocomercio.com.br\/mix\/wp-json\/wp\/v2\/users\/6"}],"replies":[{"embeddable":true,"href":"https:\/\/diariodocomercio.com.br\/mix\/wp-json\/wp\/v2\/comments?post=38561"}],"version-history":[{"count":3,"href":"https:\/\/diariodocomercio.com.br\/mix\/wp-json\/wp\/v2\/posts\/38561\/revisions"}],"predecessor-version":[{"id":38582,"href":"https:\/\/diariodocomercio.com.br\/mix\/wp-json\/wp\/v2\/posts\/38561\/revisions\/38582"}],"wp:featuredmedia":[{"embeddable":true,"href":"https:\/\/diariodocomercio.com.br\/mix\/wp-json\/wp\/v2\/media\/12728"}],"wp:attachment":[{"href":"https:\/\/diariodocomercio.com.br\/mix\/wp-json\/wp\/v2\/media?parent=38561"}],"wp:term":[{"taxonomy":"category","embeddable":true,"href":"https:\/\/diariodocomercio.com.br\/mix\/wp-json\/wp\/v2\/categories?post=38561"},{"taxonomy":"post_tag","embeddable":true,"href":"https:\/\/diariodocomercio.com.br\/mix\/wp-json\/wp\/v2\/tags?post=38561"}],"curies":[{"name":"wp","href":"https:\/\/api.w.org\/{rel}","templated":true}]}}