{"id":38565,"date":"2026-03-16T16:17:56","date_gmt":"2026-03-16T19:17:56","guid":{"rendered":"https:\/\/diariodocomercio.com.br\/mix\/?p=38565"},"modified":"2026-03-16T18:22:12","modified_gmt":"2026-03-16T21:22:12","slug":"greve-inesperada-interrompe-o-trabalho-de-38-mil-funcionarios-de-multinacional-gigantesca-neste-pais","status":"publish","type":"post","link":"https:\/\/diariodocomercio.com.br\/mix\/greve-inesperada-interrompe-o-trabalho-de-38-mil-funcionarios-de-multinacional-gigantesca-neste-pais\/","title":{"rendered":"Greve inesperada interrompe o trabalho de 3,8 mil funcion\u00e1rios de multinacional gigantesca neste pa\u00eds"},"content":{"rendered":"\n<p>Cerca de 3,8 mil trabalhadores de um dos maiores frigor\u00edficos de carne bovina dos Estados Unidos entraram em greve no estado do Colorado, interrompendo as atividades de uma unidade da JBS USA, subsidi\u00e1ria da multinacional brasileira JBS. A paralisa\u00e7\u00e3o come\u00e7ou nesta semana na cidade de Greeley e foi organizada pelo sindicato United Food and Commercial Workers (UFCW) Local 7.<\/p>\n\n\n\n<p>Segundo representantes sindicais, trata-se da <strong>primeira greve em um frigor\u00edfico de carne bovina no pa\u00eds em quase 40 anos<\/strong>, o que aumenta a aten\u00e7\u00e3o do setor para poss\u00edveis impactos na cadeia de produ\u00e7\u00e3o.<\/p>\n\n\n\n<p>A greve come\u00e7ou ap\u00f3s o t\u00e9rmino do contrato coletivo de trabalho entre os funcion\u00e1rios e a empresa. De acordo com o sindicato, a decis\u00e3o foi tomada depois de meses de negocia\u00e7\u00f5es sem acordo sobre <strong>aumento salarial, melhorias nas condi\u00e7\u00f5es de seguran\u00e7a e amplia\u00e7\u00e3o do acesso a servi\u00e7os de sa\u00fade<\/strong>.<\/p>\n\n\n\n<p>A presidente do sindicato, <strong>Kim Cordova<\/strong>, afirmou que a empresa n\u00e3o atendeu \u00e0s principais demandas dos trabalhadores e manteve propostas consideradas insuficientes.<\/p>\n\n\n\n<p>Segundo ela, cerca de <strong>99% dos funcion\u00e1rios votaram a favor da paralisa\u00e7\u00e3o<\/strong>.<\/p>\n\n\n<style>@media (min-width: 992px) {\n    .recomendadorV2Area1 {\n        width: 280px;\n    }\n    .recomendadorV2Area2 {\n        padding: 0px 20px;\n        width: calc(100% - 280px);\n    }\n}\n\n@media (max-width: 992px) {\n    .recomendadorV2Button {\n        margin: 0 auto;\n    }\n    .recomendadorV2Area {\n        flex-direction: column;\n        text-align: center;\n    }\n    .recomendadorV2Area2 {\n        padding: 0px 20px;\n    }\n}\n\n.recomendadorV2Area {\n    background: #eeeeee3d;\n    border-radius: 10px;\n    padding: 15px;\n    display: flex;\n    margin: 15px auto;\n    border: 1px solid #00000014;\n    max-width: 800px;\n}\n\n.recomendadorV2Area1 img {\n    width: 280px;\n    height: auto;\n    border-radius: 8px;\n}\n\n.linkrecomendadorv2 {\n    text-decoration: none !important;\n}\n\n.recomendadorV2Area2 .recomendadorV2Type {\n    text-transform: uppercase;\n    font-weight: 500;\n    font-size: 11px;\n    letter-spacing: 2px;\n    color: #666;\n    margin: 12px 0;\n    display: block;\n}\n\n.recomendadorV2Title h2 {\n    padding-top: 0px !important;\n    margin: 0px !important;\n    border-left: none !important;\n    padding-left: 0px !important;\n    line-height: 1.3;\n    color: #000 !important;\n    font-size: 24px;\n    margin-bottom: 12px !important;\n}\n\n.recomendadorV2Desc {\n    color: #333;\n    margin: 12px 0px !important;\n    font-size: 15px;\n    line-height: 1.5;\n}\n\n.recomendadorV2Button {\n    width: auto;\n    max-width: 200px;\n    margin: 0;\n    display: inline-flex;\n    align-items: center;\n    background: #1D3557;\n    border-radius: 8px;\n    color: #fff;\n    height: 36px;\n    justify-content: center;\n    text-align: center;\n    font-size: 14px;\n    padding: 0 20px;\n    transition: background-color 0.2s ease;\n}\n\n.recomendadorV2Button:hover {\n    background: #2a4d7a;\n}\n\n.recomendadorV2Button:after {\n    margin-top: -2px;\n    content: \"\u2192\";\n    padding: 0px 0px 0px 8px;\n}\n\n.recomendadorV2Alert {\n    text-align: left;\n    font-size: 11px;\n    margin-top: 8px;\n    color: #666;\n}\n\n.recomendadorFixedArea {\n    width: 100%;\n    display: flex;\n    justify-content: center;\n    align-items: center;\n}\n\n@media (min-width: 992px) {\n    #recomendadorFixed {\n        width: 32% !important;\n        left: 5%;\n    }\n    .recomendadorCloseFixed{\n        right: inherit !important;\n        left: 378px !important;\n    }\n}\n\n#recomendadorFixed {\n    width: 90%;\n    box-shadow: 0 10px 20px 0px #00000057;\n    display: none;\n    height: 90px;\n    background: #F6F6F6;\n    position: fixed;\n    flex-direction: row;\n    bottom: 10px;\n    z-index: 9999;\n    border-radius: 16px;\n    padding: 7px 10px;\n}\n\n.recomendadorLeftArea {\n    width: 160px;\n}\n\n.recomendadorRightArea h2 {\n    padding-top: 0px;\n    margin: 2px 0px 4px 0px !important;\n    font-weight: 400;\n    text-align: center;\n    padding-left: 0px !important;\n    color: #000 !important;\n    border-left: none !important;\n    line-height: 20px;\n    font-size: 12px !important;\n}\n\n.recomendadorImgFixed {\n    overflow: hidden;\n    padding: 8px 6px;\n    height: 100%;\n}\n\n.recomendadorImgFixed img {\n    height: 100% !important;\n    border-radius: 16px;\n}\n\n.recomendadorRightArea {\n    padding-top: 6px;\n    display: flex;\n    width: calc(100% - 130px);\n    justify-content: space-between;\n    align-items: center;\n    flex-direction: column;\n}\n\n.recomendadorButtonFixed {\n    margin: 0 auto;\n    background: #1D3557;\n    width: 80%;\n    text-align: center;\n    font-size: 10px;\n    color: #FFF;\n    padding: 2px 10px;\n    border-radius: 3px;\n}\n\n.recomendadorButtonFixed:after {\n    margin-top: -3px;\n    content: \"\u2192\";\n    padding: 0px 0px 0px 10px;\n}\n\n.recomendadorAlertFixed {\n    font-weight: 400;\n    text-align: center;\n    color: #484848;\n    font-size: 8px;\n}\n\n.recomendadorCloseFixed {\n    z-index: 99999;\n    display: none;\n    right: 0px;\n    left: inherit;\n    bottom: 99px;\n    position: fixed;\n    justify-content: center;\n    background: #F6F6F6;\n    width: 25px;\n    align-items: center;\n    height: 25px;\n    font-weight: 800;\n    border-radius: 50%;\n    border: 1px solid #EBEBEB;\n}\n\n.recomendadorV2Desc{\n    color: #000000;\n    margin: 20px 0px;\n}\n\n@media (max-width: 576px) {\n    .recomendadorV2Area {\n      padding: 10px;\n      max-width: 100%;\n    }\n  \n    .recomendadorV2Area1 img {\n      width: 100%;\n      border-radius: 6px;\n    }\n  \n    .recomendadorV2Area2 .recomendadorV2Type {\n      font-size: 9px;\n      letter-spacing: 1px;\n      margin: 8px 0;\n    }\n  \n    .recomendadorV2Title h2 {\n      font-size: 18px !important;\n      margin-bottom: 8px !important;\n      line-height: 1.2;\n    }\n  \n    .recomendadorV2Desc {\n      font-size: 14px;\n      margin: 8px 0 !important;\n      line-height: 1.4;\n    }\n  \n    .recomendadorV2Button {\n      font-size: 14px;\n      height: 40px;\n      padding: 0 12px;\n      max-width: 100%;\n      width: 100%;\n    }\n  \n    .recomendadorV2Button:after {\n      padding-left: 6px;\n    }\n  }\n  <\/style>\n        <div class=\"lazyblock-recomendador-v2-2jDGz wp-block-lazyblock-recomendador-v2\">\n        <a class=\"linkrecomendadorv2\" href=\"https:\/\/diariodocomercio.com.br\/mix\/receita-federal-estipula-prazo-do-imposto-de-renda-para-23-03-quem-nao-declarar-sofrera-multa-de-r-16574\/?utm_source=lazy\">\n            <div class=\"recomendadorV2Area\">\n            <div class=\"recomendadorV2Area1\">\n                <div class=\"recomendadorV2Img\">\n                <img class=\"lazyloaded\" decoding=\"async\" src=\"https:\/\/diariodocomercio.com.br\/mix\/wp-content\/uploads\/2025\/06\/imposto_de_renda_dbd53a8a30-640x375.jpg\" data-src=\"https:\/\/diariodocomercio.com.br\/mix\/wp-content\/uploads\/2025\/06\/imposto_de_renda_dbd53a8a30-640x375.jpg\" alt=\"\">\n                <\/div>\n            <\/div>\n            <div class=\"recomendadorV2Area2\">\n                <div class=\"recomendadorV2Type\">\n                    <span>Prazo IR<\/span>\n                <\/div>\n                <div class=\"recomendadorV2Title\">\n                <h2><span>Evite multa \u26a0\ufe0f<\/span><\/h2>\n                <\/div>\n                <div class=\"recomendadorV2Desc\">\n                <span>Receita define prazo do IR<\/span>\n                <\/div>\n                <div class=\"recomendadorV2Button\">Ver prazo<\/div>\n                <div class=\"recomendadorV2Alert\"><\/div>\n            <\/div>\n            <\/div>\n        <\/a>\n        <div>\n            <div style=\"z-index:99999;\" id=\"buttonClose\" onclick=\"closeRecomendadorFixed()\">\n            <div class=\"recomendadorCloseFixed\">X<\/div>\n            <\/div>\n            <a href=\"https:\/\/diariodocomercio.com.br\/mix\/receita-federal-estipula-prazo-do-imposto-de-renda-para-23-03-quem-nao-declarar-sofrera-multa-de-r-16574\/?utm_source=lazy\">\n            <div class=\"recomendadorFixedArea\">\n                <div id=\"recomendadorFixed\">\n                <div class=\"recomendadorLeftArea\">\n                    <div class=\"recomendadorImgFixed\">\n                    <img class=\"lazyload\" decoding=\"async\" src=\"https:\/\/diariodocomercio.com.br\/mix\/wp-content\/uploads\/2025\/06\/imposto_de_renda_dbd53a8a30-640x375.jpg\" alt=\"\">\n                    <\/div>\n                <\/div>\n                <div class=\"recomendadorRightArea\">\n                    <div class=\"recomendadorTitleFixed\">\n                    <h2><span>Evite multa \u26a0\ufe0f<\/span><\/h2>\n                    <\/div>\n                    <div class=\"recomendadorButtonFixed\">Ver prazo<\/div>\n                    <div class=\"recomendadorAlertFixed\"><\/div>\n                <\/div>\n                <\/div>\n            <\/div>\n            <\/a>\n        <\/div>\n        <\/div>\n\n\n\n<figure class=\"wp-block-image size-full\"><img decoding=\"async\" width=\"1200\" height=\"675\" src=\"https:\/\/diariodocomercio.com.br\/mix\/wp-content\/uploads\/2026\/03\/image-127.png\" alt=\"JBS greve\" class=\"wp-image-38566\" srcset=\"https:\/\/diariodocomercio.com.br\/mix\/wp-content\/uploads\/2026\/03\/image-127.png 1200w, https:\/\/diariodocomercio.com.br\/mix\/wp-content\/uploads\/2026\/03\/image-127-300x169.png 300w, https:\/\/diariodocomercio.com.br\/mix\/wp-content\/uploads\/2026\/03\/image-127-768x432.png 768w, https:\/\/diariodocomercio.com.br\/mix\/wp-content\/uploads\/2026\/03\/image-127-150x84.png 150w, https:\/\/diariodocomercio.com.br\/mix\/wp-content\/uploads\/2026\/03\/image-127-750x422.png 750w, https:\/\/diariodocomercio.com.br\/mix\/wp-content\/uploads\/2026\/03\/image-127-1140x641.png 1140w\" sizes=\"(max-width: 1200px) 100vw, 1200px\" \/><figcaption class=\"wp-element-caption\">(Reprodu\u00e7\u00e3o\/AP)<\/figcaption><\/figure>\n\n\n\n<h2 class=\"wp-block-heading\"><strong>Empresa diz que proposta \u00e9 justa<\/strong><\/h2>\n\n\n\n<p>Em comunicado, a <strong>JBS USA<\/strong> afirmou que apresentou uma proposta considerada justa, que incluiria <strong>aumento salarial, estabilidade financeira de longo prazo e plano de aposentadoria<\/strong>. A empresa tamb\u00e9m acusou o sindicato de interromper as negocia\u00e7\u00f5es.<\/p>\n\n\n\n<p>Mesmo com a greve, a companhia informou que pretende <strong>manter a opera\u00e7\u00e3o do frigor\u00edfico com parte da produ\u00e7\u00e3o<\/strong>, al\u00e9m de transferir atividades temporariamente para outras unidades.<\/p>\n\n\n\n<h2 class=\"wp-block-heading\"><strong>Impacto pode atingir mercado de carne<\/strong><\/h2>\n\n\n\n<p>Especialistas alertam que a paralisa\u00e7\u00e3o ocorre em um momento delicado para o setor. O rebanho bovino dos Estados Unidos est\u00e1 <strong>no menor n\u00edvel em 75 anos<\/strong>, o que j\u00e1 tem provocado aumento nos pre\u00e7os da carne.<\/p>\n\n\n\n<p>Dados da <strong>American Farm Bureau Federation<\/strong> apontam que o pre\u00e7o da carne bovina subiu <strong>15,2% no \u00faltimo ano<\/strong>.<\/p>\n\n\n\n<p>A greve no frigor\u00edfico do Colorado, inicialmente prevista para durar <strong>duas semanas<\/strong>, pode ser prorrogada caso n\u00e3o haja acordo entre trabalhadores e empresa. Caso a paralisa\u00e7\u00e3o se prolongue, analistas avaliam que o impacto pode atingir <strong>toda a cadeia produtiva e a economia local<\/strong>.<\/p>\n","protected":false},"excerpt":{"rendered":"<p>Cerca de 3,8 mil trabalhadores de um dos maiores frigor\u00edficos de carne bovina dos Estados Unidos entraram em greve no estado do Colorado, interrompendo as atividades de uma unidade da JBS USA, subsidi\u00e1ria da multinacional brasileira JBS. A paralisa\u00e7\u00e3o come\u00e7ou nesta semana na cidade de Greeley e foi organizada pelo sindicato United Food and Commercial [&hellip;]<\/p>\n","protected":false},"author":9,"featured_media":38567,"comment_status":"closed","ping_status":"closed","sticky":false,"template":"","format":"standard","meta":{"jnews-multi-image_gallery":[],"jnews_single_post":{"format":"standard"},"jnews_primary_category":[],"jnews_social_meta":[],"jnews_override_counter":[],"jnews_post_split":[],"footnotes":""},"categories":[1],"tags":[],"class_list":["post-38565","post","type-post","status-publish","format-standard","has-post-thumbnail","hentry","category-geral"],"_referencia":"","_links":{"self":[{"href":"https:\/\/diariodocomercio.com.br\/mix\/wp-json\/wp\/v2\/posts\/38565","targetHints":{"allow":["GET"]}}],"collection":[{"href":"https:\/\/diariodocomercio.com.br\/mix\/wp-json\/wp\/v2\/posts"}],"about":[{"href":"https:\/\/diariodocomercio.com.br\/mix\/wp-json\/wp\/v2\/types\/post"}],"author":[{"embeddable":true,"href":"https:\/\/diariodocomercio.com.br\/mix\/wp-json\/wp\/v2\/users\/9"}],"replies":[{"embeddable":true,"href":"https:\/\/diariodocomercio.com.br\/mix\/wp-json\/wp\/v2\/comments?post=38565"}],"version-history":[{"count":2,"href":"https:\/\/diariodocomercio.com.br\/mix\/wp-json\/wp\/v2\/posts\/38565\/revisions"}],"predecessor-version":[{"id":38589,"href":"https:\/\/diariodocomercio.com.br\/mix\/wp-json\/wp\/v2\/posts\/38565\/revisions\/38589"}],"wp:featuredmedia":[{"embeddable":true,"href":"https:\/\/diariodocomercio.com.br\/mix\/wp-json\/wp\/v2\/media\/38567"}],"wp:attachment":[{"href":"https:\/\/diariodocomercio.com.br\/mix\/wp-json\/wp\/v2\/media?parent=38565"}],"wp:term":[{"taxonomy":"category","embeddable":true,"href":"https:\/\/diariodocomercio.com.br\/mix\/wp-json\/wp\/v2\/categories?post=38565"},{"taxonomy":"post_tag","embeddable":true,"href":"https:\/\/diariodocomercio.com.br\/mix\/wp-json\/wp\/v2\/tags?post=38565"}],"curies":[{"name":"wp","href":"https:\/\/api.w.org\/{rel}","templated":true}]}}