{"id":38572,"date":"2026-03-16T17:40:02","date_gmt":"2026-03-16T20:40:02","guid":{"rendered":"https:\/\/diariodocomercio.com.br\/mix\/?p=38572"},"modified":"2026-03-16T18:24:10","modified_gmt":"2026-03-16T21:24:10","slug":"com-8-nomes-bombasticos-ancelotti-convoca-a-selecao-brasileira-visando-a-copa-do-mundo","status":"publish","type":"post","link":"https:\/\/diariodocomercio.com.br\/mix\/com-8-nomes-bombasticos-ancelotti-convoca-a-selecao-brasileira-visando-a-copa-do-mundo\/","title":{"rendered":"Com 8 nomes bomb\u00e1sticos, Ancelotti convoca a sele\u00e7\u00e3o brasileira visando a Copa do Mundo"},"content":{"rendered":"\n<p>O t\u00e9cnico <strong>Carlo Ancelotti<\/strong> anunciou nesta segunda-feira (16) a lista de jogadores convocados para os amistosos da <strong>sele\u00e7\u00e3o brasileira contra Fran\u00e7a e Cro\u00e1cia<\/strong>, que ser\u00e3o disputados nos dias <strong>26 e 31 de mar\u00e7o<\/strong>, nos Estados Unidos. A rela\u00e7\u00e3o chamou aten\u00e7\u00e3o pelas <strong>oito surpresas<\/strong> inclu\u00eddas pelo treinador italiano, que segue avaliando op\u00e7\u00f5es para a <strong>Copa do Mundo de 2026<\/strong>.<\/p>\n\n\n\n<p>Entre os nomes que aparecem como novidades est\u00e3o <strong>Bento, Bremer, Iba\u00f1ez, Danilo, Fabinho, Gabriel Sara, Igor Thiago e Rayan<\/strong>, atletas que ganharam espa\u00e7o ap\u00f3s boas temporadas em seus clubes.<\/p>\n\n\n\n<p>Segundo Ancelotti, a convoca\u00e7\u00e3o tamb\u00e9m serve para <strong>observar jogadores que ainda disputam posi\u00e7\u00f5es no elenco final<\/strong> do Mundial.<\/p>\n\n\n\n<p>A lista desta Data Fifa inclui <strong>quatro estreias com a camisa da sele\u00e7\u00e3o brasileira<\/strong>: o zagueiro <strong>L\u00e9o Pereira<\/strong>, o meia <strong>Gabriel Sara<\/strong> e os atacantes <strong>Igor Thiago<\/strong> e <strong>Rayan<\/strong>.<\/p>\n\n\n\n<p>Durante a coletiva, Ancelotti explicou que a convoca\u00e7\u00e3o de novos atletas permite avaliar <strong>comportamento, adapta\u00e7\u00e3o e caracter\u00edsticas dentro do grupo<\/strong>.<\/p>\n\n\n\n<p>\u201cQuando chamamos jogadores novos, queremos saber como se incorporam ao ambiente e qual \u00e9 o car\u00e1ter deles. Sabemos como est\u00e3o jogando, porque temos avalia\u00e7\u00f5es de cada atleta que est\u00e1 ou n\u00e3o na lista\u201d, afirmou o treinador.<\/p>\n\n\n\n<h2 class=\"wp-block-heading\"><strong>Base para a Copa j\u00e1 est\u00e1 quase definida<\/strong><\/h2>\n\n\n\n<p>O t\u00e9cnico revelou que a sele\u00e7\u00e3o j\u00e1 possui uma <strong>base praticamente consolidada para a Copa de 2026<\/strong>. De acordo com ele, entre <strong>17 e 18 jogadores j\u00e1 est\u00e3o praticamente garantidos<\/strong> na lista final.<\/p>\n\n\n\n<p>A atual convoca\u00e7\u00e3o, portanto, tem como objetivo principal <strong>testar alternativas em posi\u00e7\u00f5es ainda abertas<\/strong>, especialmente no meio-campo e na defesa.<\/p>\n\n\n\n<p>Entre os nomes convocados est\u00e1 tamb\u00e9m o atacante <strong>Endrick<\/strong>, que vive bom momento ap\u00f3s se transferir por empr\u00e9stimo para o <strong>Lyon<\/strong>, da Fran\u00e7a. Em busca de mais minutos em campo, o jogador deixou o Real Madrid nesta temporada e rapidamente ganhou espa\u00e7o no futebol franc\u00eas.<\/p>\n\n\n\n<p>Em <strong>12 partidas pelo Lyon<\/strong>, o atacante j\u00e1 soma <strong>seis gols e tr\u00eas assist\u00eancias<\/strong>, desempenho que refor\u00e7ou sua presen\u00e7a no radar da sele\u00e7\u00e3o.<\/p>\n\n\n<style>@media (min-width: 992px) {\n    .recomendadorV2Area1 {\n        width: 280px;\n    }\n    .recomendadorV2Area2 {\n        padding: 0px 20px;\n        width: calc(100% - 280px);\n    }\n}\n\n@media (max-width: 992px) {\n    .recomendadorV2Button {\n        margin: 0 auto;\n    }\n    .recomendadorV2Area {\n        flex-direction: column;\n        text-align: center;\n    }\n    .recomendadorV2Area2 {\n        padding: 0px 20px;\n    }\n}\n\n.recomendadorV2Area {\n    background: #eeeeee3d;\n    border-radius: 10px;\n    padding: 15px;\n    display: flex;\n    margin: 15px auto;\n    border: 1px solid #00000014;\n    max-width: 800px;\n}\n\n.recomendadorV2Area1 img {\n    width: 280px;\n    height: auto;\n    border-radius: 8px;\n}\n\n.linkrecomendadorv2 {\n    text-decoration: none !important;\n}\n\n.recomendadorV2Area2 .recomendadorV2Type {\n    text-transform: uppercase;\n    font-weight: 500;\n    font-size: 11px;\n    letter-spacing: 2px;\n    color: #666;\n    margin: 12px 0;\n    display: block;\n}\n\n.recomendadorV2Title h2 {\n    padding-top: 0px !important;\n    margin: 0px !important;\n    border-left: none !important;\n    padding-left: 0px !important;\n    line-height: 1.3;\n    color: #000 !important;\n    font-size: 24px;\n    margin-bottom: 12px !important;\n}\n\n.recomendadorV2Desc {\n    color: #333;\n    margin: 12px 0px !important;\n    font-size: 15px;\n    line-height: 1.5;\n}\n\n.recomendadorV2Button {\n    width: auto;\n    max-width: 200px;\n    margin: 0;\n    display: inline-flex;\n    align-items: center;\n    background: #1D3557;\n    border-radius: 8px;\n    color: #fff;\n    height: 36px;\n    justify-content: center;\n    text-align: center;\n    font-size: 14px;\n    padding: 0 20px;\n    transition: background-color 0.2s ease;\n}\n\n.recomendadorV2Button:hover {\n    background: #2a4d7a;\n}\n\n.recomendadorV2Button:after {\n    margin-top: -2px;\n    content: \"\u2192\";\n    padding: 0px 0px 0px 8px;\n}\n\n.recomendadorV2Alert {\n    text-align: left;\n    font-size: 11px;\n    margin-top: 8px;\n    color: #666;\n}\n\n.recomendadorFixedArea {\n    width: 100%;\n    display: flex;\n    justify-content: center;\n    align-items: center;\n}\n\n@media (min-width: 992px) {\n    #recomendadorFixed {\n        width: 32% !important;\n        left: 5%;\n    }\n    .recomendadorCloseFixed{\n        right: inherit !important;\n        left: 378px !important;\n    }\n}\n\n#recomendadorFixed {\n    width: 90%;\n    box-shadow: 0 10px 20px 0px #00000057;\n    display: none;\n    height: 90px;\n    background: #F6F6F6;\n    position: fixed;\n    flex-direction: row;\n    bottom: 10px;\n    z-index: 9999;\n    border-radius: 16px;\n    padding: 7px 10px;\n}\n\n.recomendadorLeftArea {\n    width: 160px;\n}\n\n.recomendadorRightArea h2 {\n    padding-top: 0px;\n    margin: 2px 0px 4px 0px !important;\n    font-weight: 400;\n    text-align: center;\n    padding-left: 0px !important;\n    color: #000 !important;\n    border-left: none !important;\n    line-height: 20px;\n    font-size: 12px !important;\n}\n\n.recomendadorImgFixed {\n    overflow: hidden;\n    padding: 8px 6px;\n    height: 100%;\n}\n\n.recomendadorImgFixed img {\n    height: 100% !important;\n    border-radius: 16px;\n}\n\n.recomendadorRightArea {\n    padding-top: 6px;\n    display: flex;\n    width: calc(100% - 130px);\n    justify-content: space-between;\n    align-items: center;\n    flex-direction: column;\n}\n\n.recomendadorButtonFixed {\n    margin: 0 auto;\n    background: #1D3557;\n    width: 80%;\n    text-align: center;\n    font-size: 10px;\n    color: #FFF;\n    padding: 2px 10px;\n    border-radius: 3px;\n}\n\n.recomendadorButtonFixed:after {\n    margin-top: -3px;\n    content: \"\u2192\";\n    padding: 0px 0px 0px 10px;\n}\n\n.recomendadorAlertFixed {\n    font-weight: 400;\n    text-align: center;\n    color: #484848;\n    font-size: 8px;\n}\n\n.recomendadorCloseFixed {\n    z-index: 99999;\n    display: none;\n    right: 0px;\n    left: inherit;\n    bottom: 99px;\n    position: fixed;\n    justify-content: center;\n    background: #F6F6F6;\n    width: 25px;\n    align-items: center;\n    height: 25px;\n    font-weight: 800;\n    border-radius: 50%;\n    border: 1px solid #EBEBEB;\n}\n\n.recomendadorV2Desc{\n    color: #000000;\n    margin: 20px 0px;\n}\n\n@media (max-width: 576px) {\n    .recomendadorV2Area {\n      padding: 10px;\n      max-width: 100%;\n    }\n  \n    .recomendadorV2Area1 img {\n      width: 100%;\n      border-radius: 6px;\n    }\n  \n    .recomendadorV2Area2 .recomendadorV2Type {\n      font-size: 9px;\n      letter-spacing: 1px;\n      margin: 8px 0;\n    }\n  \n    .recomendadorV2Title h2 {\n      font-size: 18px !important;\n      margin-bottom: 8px !important;\n      line-height: 1.2;\n    }\n  \n    .recomendadorV2Desc {\n      font-size: 14px;\n      margin: 8px 0 !important;\n      line-height: 1.4;\n    }\n  \n    .recomendadorV2Button {\n      font-size: 14px;\n      height: 40px;\n      padding: 0 12px;\n      max-width: 100%;\n      width: 100%;\n    }\n  \n    .recomendadorV2Button:after {\n      padding-left: 6px;\n    }\n  }\n  <\/style>\n        <div class=\"lazyblock-recomendador-v2-2jDGz wp-block-lazyblock-recomendador-v2\">\n        <a class=\"linkrecomendadorv2\" href=\"https:\/\/diariodocomercio.com.br\/mix\/camisa-10-do-brasil-esta-fora-da-copa-do-mundo-de-2026\/?utm_source=lazy\">\n            <div class=\"recomendadorV2Area\">\n            <div class=\"recomendadorV2Area1\">\n                <div class=\"recomendadorV2Img\">\n                <img class=\"lazyloaded\" decoding=\"async\" src=\"https:\/\/diariodocomercio.com.br\/mix\/wp-content\/uploads\/2025\/11\/eliminacao_do_brasil____arrasa____1-1046324-1140x570.jpg\" data-src=\"https:\/\/diariodocomercio.com.br\/mix\/wp-content\/uploads\/2025\/11\/eliminacao_do_brasil____arrasa____1-1046324-1140x570.jpg\" alt=\"\">\n                <\/div>\n            <\/div>\n            <div class=\"recomendadorV2Area2\">\n                <div class=\"recomendadorV2Type\">\n                    <span>Baque Brasil<\/span>\n                <\/div>\n                <div class=\"recomendadorV2Title\">\n                <h2><span>Fora da Copa \ud83d\ude31<\/span><\/h2>\n                <\/div>\n                <div class=\"recomendadorV2Desc\">\n                <span>Camisa 10 n\u00e3o vai ao Mundial<\/span>\n                <\/div>\n                <div class=\"recomendadorV2Button\">Ver motivo<\/div>\n                <div class=\"recomendadorV2Alert\"><\/div>\n            <\/div>\n            <\/div>\n        <\/a>\n        <div>\n            <div style=\"z-index:99999;\" id=\"buttonClose\" onclick=\"closeRecomendadorFixed()\">\n            <div class=\"recomendadorCloseFixed\">X<\/div>\n            <\/div>\n            <a href=\"https:\/\/diariodocomercio.com.br\/mix\/camisa-10-do-brasil-esta-fora-da-copa-do-mundo-de-2026\/?utm_source=lazy\">\n            <div class=\"recomendadorFixedArea\">\n                <div id=\"recomendadorFixed\">\n                <div class=\"recomendadorLeftArea\">\n                    <div class=\"recomendadorImgFixed\">\n                    <img class=\"lazyload\" decoding=\"async\" src=\"https:\/\/diariodocomercio.com.br\/mix\/wp-content\/uploads\/2025\/11\/eliminacao_do_brasil____arrasa____1-1046324-1140x570.jpg\" alt=\"\">\n                    <\/div>\n                <\/div>\n                <div class=\"recomendadorRightArea\">\n                    <div class=\"recomendadorTitleFixed\">\n                    <h2><span>Fora da Copa \ud83d\ude31<\/span><\/h2>\n                    <\/div>\n                    <div class=\"recomendadorButtonFixed\">Ver motivo<\/div>\n                    <div class=\"recomendadorAlertFixed\"><\/div>\n                <\/div>\n                <\/div>\n            <\/div>\n            <\/a>\n        <\/div>\n        <\/div>\n\n\n\n<h2 class=\"wp-block-heading\"><strong>Convocados da sele\u00e7\u00e3o brasileira<\/strong><\/h2>\n\n\n\n<p><strong>Goleiros<\/strong><br>Alisson (Liverpool)<br>Bento (Al-Nassr)<br>Ederson (Fenerbahce)<\/p>\n\n\n\n<p><strong>Laterais<\/strong><br>Alex Sandro (Flamengo)<br>Danilo (Flamengo)<br>Douglas Santos (Zenit)<br>Wesley (Roma)<\/p>\n\n\n\n<p><strong>Zagueiros<\/strong><br>Bremer (Juventus)<br>Gabriel Magalh\u00e3es (Arsenal)<br>Iba\u00f1ez (Al-Ahli)<br>L\u00e9o Pereira (Flamengo)<br>Marquinhos (PSG)<\/p>\n\n\n\n<p><strong>Meias<\/strong><br>Andrey Santos (Chelsea)<br>Casemiro (Manchester United)<br>Danilo (Botafogo)<br>Fabinho (Al-Ittihad)<br>Gabriel Sara (Galatasaray)<\/p>\n\n\n\n<p><strong>Atacantes<\/strong><br>Endrick (Lyon)<br>Gabriel Martinelli (Arsenal)<br>Igor Thiago (Brentford)<br>Luiz Henrique (Zenit)<br>Matheus Cunha (Manchester United)<br>Raphinha (Barcelona)<br>Rayan (Bournemouth)<br>Vin\u00edcius J\u00fanior (Real Madrid)<br>Jo\u00e3o Pedro (Chelsea)<\/p>\n\n\n\n<p>Os amistosos de mar\u00e7o ser\u00e3o <strong>os \u00faltimos compromissos da sele\u00e7\u00e3o antes da convoca\u00e7\u00e3o definitiva para a Copa do Mundo de 2026<\/strong>, o que aumenta a import\u00e2ncia das avalia\u00e7\u00f5es feitas pela comiss\u00e3o t\u00e9cnica.<\/p>\n","protected":false},"excerpt":{"rendered":"<p>O t\u00e9cnico Carlo Ancelotti anunciou nesta segunda-feira (16) a lista de jogadores convocados para os amistosos da sele\u00e7\u00e3o brasileira contra Fran\u00e7a e Cro\u00e1cia, que ser\u00e3o disputados nos dias 26 e 31 de mar\u00e7o, nos Estados Unidos. A rela\u00e7\u00e3o chamou aten\u00e7\u00e3o pelas oito surpresas inclu\u00eddas pelo treinador italiano, que segue avaliando op\u00e7\u00f5es para a Copa do [&hellip;]<\/p>\n","protected":false},"author":9,"featured_media":7716,"comment_status":"closed","ping_status":"closed","sticky":false,"template":"","format":"standard","meta":{"jnews-multi-image_gallery":[],"jnews_single_post":{"format":"standard"},"jnews_primary_category":[],"jnews_social_meta":[],"jnews_override_counter":[],"jnews_post_split":[],"footnotes":""},"categories":[1],"tags":[],"class_list":["post-38572","post","type-post","status-publish","format-standard","has-post-thumbnail","hentry","category-geral"],"_referencia":"","_links":{"self":[{"href":"https:\/\/diariodocomercio.com.br\/mix\/wp-json\/wp\/v2\/posts\/38572","targetHints":{"allow":["GET"]}}],"collection":[{"href":"https:\/\/diariodocomercio.com.br\/mix\/wp-json\/wp\/v2\/posts"}],"about":[{"href":"https:\/\/diariodocomercio.com.br\/mix\/wp-json\/wp\/v2\/types\/post"}],"author":[{"embeddable":true,"href":"https:\/\/diariodocomercio.com.br\/mix\/wp-json\/wp\/v2\/users\/9"}],"replies":[{"embeddable":true,"href":"https:\/\/diariodocomercio.com.br\/mix\/wp-json\/wp\/v2\/comments?post=38572"}],"version-history":[{"count":2,"href":"https:\/\/diariodocomercio.com.br\/mix\/wp-json\/wp\/v2\/posts\/38572\/revisions"}],"predecessor-version":[{"id":38592,"href":"https:\/\/diariodocomercio.com.br\/mix\/wp-json\/wp\/v2\/posts\/38572\/revisions\/38592"}],"wp:featuredmedia":[{"embeddable":true,"href":"https:\/\/diariodocomercio.com.br\/mix\/wp-json\/wp\/v2\/media\/7716"}],"wp:attachment":[{"href":"https:\/\/diariodocomercio.com.br\/mix\/wp-json\/wp\/v2\/media?parent=38572"}],"wp:term":[{"taxonomy":"category","embeddable":true,"href":"https:\/\/diariodocomercio.com.br\/mix\/wp-json\/wp\/v2\/categories?post=38572"},{"taxonomy":"post_tag","embeddable":true,"href":"https:\/\/diariodocomercio.com.br\/mix\/wp-json\/wp\/v2\/tags?post=38572"}],"curies":[{"name":"wp","href":"https:\/\/api.w.org\/{rel}","templated":true}]}}