{"id":38578,"date":"2026-03-16T19:06:23","date_gmt":"2026-03-16T22:06:23","guid":{"rendered":"https:\/\/diariodocomercio.com.br\/mix\/?p=38578"},"modified":"2026-03-16T19:06:25","modified_gmt":"2026-03-16T22:06:25","slug":"ozempic-generico-muito-mais-barato-e-aprovado-para-venda-em-farmacias-no-brasil","status":"publish","type":"post","link":"https:\/\/diariodocomercio.com.br\/mix\/ozempic-generico-muito-mais-barato-e-aprovado-para-venda-em-farmacias-no-brasil\/","title":{"rendered":"\u201cOzempic gen\u00e9rico\u201d muito mais barato \u00e9 aprovado para venda em farm\u00e1cias no Brasil"},"content":{"rendered":"\n<p>A disputa bilion\u00e1ria envolvendo o mercado de sa\u00fade ganha destaque com a iminente queda da patente da <strong>semaglutida<\/strong>, ingrediente ativo do medicamento <strong>Ozempic<\/strong>. A exclusividade da Novo Nordisk, empresa detentora da patente, expira em 20 de mar\u00e7o de 2026, tanto no Brasil quanto em mercados significativos como China, \u00cdndia, Turquia e Canad\u00e1.<\/p>\n\n\n\n<p>Este acontecimento n\u00e3o s\u00f3 desafia o dom\u00ednio da Novo Nordisk, mas tamb\u00e9m sinaliza uma mudan\u00e7a crucial no setor farmac\u00eautico.<\/p>\n\n\n\n<p>A queda da patente promete aumentar a concorr\u00eancia no mercado global de medicamentos <strong>gen\u00e9ricos <\/strong>e <strong>biossimilares<\/strong>. Produtos \u00e0 base de semaglutida, conhecidos por auxiliar na perda de peso e controle de diabetes, movimentaram bilh\u00f5es.<\/p>\n\n\n\n<p>Com a quebra da exclusividade, novos fabricantes poder\u00e3o entrar no mercado, especialmente em pa\u00edses populosos como China e \u00cdndia, que abrigam uma parcela significativa da popula\u00e7\u00e3o global.<\/p>\n\n\n\n<h2 class=\"wp-block-heading\">Mercado de medicamentos gen\u00e9ricos<\/h2>\n\n\n\n<p>Com a aproxima\u00e7\u00e3o do fim da patente, a urg\u00eancia para capturar uma fatia do mercado de semaglutida se intensifica. Empresas envolvendo gen\u00e9ricos est\u00e3o buscando aprova\u00e7\u00f5es regulat\u00f3rias aceleradas.<\/p>\n\n\n\n<p>No Brasil, nomes como Hypera Pharma e Eurofarma est\u00e3o prontos para competir com os novos produtos. O mercado espera que a Ag\u00eancia Nacional de Vigil\u00e2ncia Sanit\u00e1ria (Anvisa) libere aprova\u00e7\u00f5es em breve, aumentando a oferta no mercado e potencialmente reduzindo pre\u00e7os.<\/p>\n\n\n\n<h2 class=\"wp-block-heading\">Oportunidades<\/h2>\n\n\n\n<p>Embora o potencial de lucro seja consider\u00e1vel, os desafios regulat\u00f3rios permanecem significativos. A falta de regulamenta\u00e7\u00e3o clara \u00e0s v\u00e9speras da quebra da patente pode atrasar a entrada de novos produtos.<\/p>\n\n\n\n<p>As empresas precisar\u00e3o navegar por aprova\u00e7\u00f5es para biossimilares, que geralmente enfrentam processos rigorosos. A concorr\u00eancia promete ser acirrada, com players como Eli Lilly j\u00e1 se preparando para o aumento na popularidade dos agonistas do receptor GLP-1, categoria \u00e0 qual a semaglutida pertence.<\/p>\n","protected":false},"excerpt":{"rendered":"<p>A disputa bilion\u00e1ria envolvendo o mercado de sa\u00fade ganha novo destaque.<\/p>\n","protected":false},"author":12,"featured_media":37818,"comment_status":"closed","ping_status":"closed","sticky":false,"template":"","format":"standard","meta":{"jnews-multi-image_gallery":[],"jnews_single_post":{"format":"standard"},"jnews_primary_category":[],"jnews_social_meta":[],"jnews_override_counter":[],"jnews_post_split":[],"footnotes":""},"categories":[1],"tags":[],"class_list":["post-38578","post","type-post","status-publish","format-standard","has-post-thumbnail","hentry","category-geral"],"_referencia":"","_links":{"self":[{"href":"https:\/\/diariodocomercio.com.br\/mix\/wp-json\/wp\/v2\/posts\/38578","targetHints":{"allow":["GET"]}}],"collection":[{"href":"https:\/\/diariodocomercio.com.br\/mix\/wp-json\/wp\/v2\/posts"}],"about":[{"href":"https:\/\/diariodocomercio.com.br\/mix\/wp-json\/wp\/v2\/types\/post"}],"author":[{"embeddable":true,"href":"https:\/\/diariodocomercio.com.br\/mix\/wp-json\/wp\/v2\/users\/12"}],"replies":[{"embeddable":true,"href":"https:\/\/diariodocomercio.com.br\/mix\/wp-json\/wp\/v2\/comments?post=38578"}],"version-history":[{"count":2,"href":"https:\/\/diariodocomercio.com.br\/mix\/wp-json\/wp\/v2\/posts\/38578\/revisions"}],"predecessor-version":[{"id":38602,"href":"https:\/\/diariodocomercio.com.br\/mix\/wp-json\/wp\/v2\/posts\/38578\/revisions\/38602"}],"wp:featuredmedia":[{"embeddable":true,"href":"https:\/\/diariodocomercio.com.br\/mix\/wp-json\/wp\/v2\/media\/37818"}],"wp:attachment":[{"href":"https:\/\/diariodocomercio.com.br\/mix\/wp-json\/wp\/v2\/media?parent=38578"}],"wp:term":[{"taxonomy":"category","embeddable":true,"href":"https:\/\/diariodocomercio.com.br\/mix\/wp-json\/wp\/v2\/categories?post=38578"},{"taxonomy":"post_tag","embeddable":true,"href":"https:\/\/diariodocomercio.com.br\/mix\/wp-json\/wp\/v2\/tags?post=38578"}],"curies":[{"name":"wp","href":"https:\/\/api.w.org\/{rel}","templated":true}]}}