{"id":38601,"date":"2026-03-16T19:16:34","date_gmt":"2026-03-16T22:16:34","guid":{"rendered":"https:\/\/diariodocomercio.com.br\/mix\/?p=38601"},"modified":"2026-03-16T19:16:37","modified_gmt":"2026-03-16T22:16:37","slug":"trump-da-ultimato-em-lula-e-eua-podem-intervir-militarmente-no-brasil","status":"publish","type":"post","link":"https:\/\/diariodocomercio.com.br\/mix\/trump-da-ultimato-em-lula-e-eua-podem-intervir-militarmente-no-brasil\/","title":{"rendered":"Trump d\u00e1 ultimato em Lula e EUA podem intervir militarmente no Brasil"},"content":{"rendered":"\n<p>Na semana passada, uma declara\u00e7\u00e3o do governo de Donald Trump sobre as fac\u00e7\u00f5es criminosas PCC (Primeiro Comando da Capital) e CV (Comando Vermelho) causou preocupa\u00e7\u00e3o entre pol\u00edticos aqui no Brasil. Na semana passada, o Departamento de Estado dos Estados Unidos afirmou que o governo Trump v\u00ea as fac\u00e7\u00f5es como &#8220;amea\u00e7as de alcance regional&#8221;.<\/p>\n\n\n\n<p>Tamb\u00e9m j\u00e1 havia sido divulgado na m\u00eddia que os Estados Unidos pretendiam classificar essas duas fac\u00e7\u00f5es criminosas como &#8220;organiza\u00e7\u00f5es terroristas&#8221;. <em>&#8220;Os Estados Unidos veem as organiza\u00e7\u00f5es criminosas brasileiras, inclusive o PCC e o CV, como amea\u00e7as significativas \u00e0 seguran\u00e7a regional em fun\u00e7\u00e3o do seu envolvimento com o tr\u00e1fico de drogas, viol\u00eancia e crime transnacional&#8221;<\/em>, afirma trecho de mat\u00e9ria do UOL sobre o tema.<\/p>\n\n\n\n<p>Aqui no Brasil, um projeto de lei j\u00e1 tinha tentado fazer essa classifica\u00e7\u00e3o \u2014 apresentado pelo deputado Danilo Forte (Uni\u00e3o-CE) e relatado pelo bolsonarista Nikolas Ferreira (PL-MG) \u2014, mas sem sucesso.<\/p>\n\n\n\n<p>Mas por que a possibilidade dessas duas fac\u00e7\u00f5es serem classificadas como organiza\u00e7\u00f5es terroristas preocupa autoridades e estudiosos no Brasil?<\/p>\n\n\n\n<h2 class=\"wp-block-heading\">O perigo por tr\u00e1s das falas do governo Trump sobre o PCC e o CV<\/h2>\n\n\n\n<p>Entrevistado pela Ag\u00eancia P\u00fablica sobre o assunto, Jorge Lasmar, professor permanente da p\u00f3s-gradua\u00e7\u00e3o em Rela\u00e7\u00f5es Internacionais da PUC Minas, explica que a possibilidade gera preocupa\u00e7\u00f5es sobre a possibilidade dos EUA usarem o combate a esses grupos como uma &#8220;desculpa&#8221; para fazer opera\u00e7\u00f5es militares no Brasil (assim como eles fizeram na Venezuela recentemente).<\/p>\n\n\n\n<p>Na vis\u00e3o de especialistas, isso seria uma amea\u00e7a \u00e0 soberania do Brasil. Por isso mesmo, o governo brasileiro vem atuando nos bastidores para tentar fazer os Estados Unidos desistirem de classificar os grupos criminosos como terroristas.<\/p>\n\n\n\n<p>Jorge Lasmar ainda explica na sua entrevista para a Ag\u00eancia P\u00fablica por que a classifica\u00e7\u00e3o n\u00e3o faria sentido, destacando que o crime organizado e o terrorismo t\u00eam din\u00e2micas diferentes, processos de investiga\u00e7\u00e3o e de persecu\u00e7\u00e3o criminal diferentes. Al\u00e9m disso, a motiva\u00e7\u00e3o de um grupo do crime organizado \u00e9 monet\u00e1ria, enquanto a de um grupo terrorista \u00e9, primeiramente, ideol\u00f3gica.<\/p>\n\n\n\n<style>@media (min-width: 992px) {\n    .recomendadorV2Area1 {\n        width: 280px;\n    }\n    .recomendadorV2Area2 {\n        padding: 0px 20px;\n        width: calc(100% - 280px);\n    }\n}\n\n@media (max-width: 992px) {\n    .recomendadorV2Button {\n        margin: 0 auto;\n    }\n    .recomendadorV2Area {\n        flex-direction: column;\n        text-align: center;\n    }\n    .recomendadorV2Area2 {\n        padding: 0px 20px;\n    }\n}\n\n.recomendadorV2Area {\n    background: #eeeeee3d;\n    border-radius: 10px;\n    padding: 15px;\n    display: flex;\n    margin: 15px auto;\n    border: 1px solid #00000014;\n    max-width: 800px;\n}\n\n.recomendadorV2Area1 img {\n    width: 280px;\n    height: auto;\n    border-radius: 8px;\n}\n\n.linkrecomendadorv2 {\n    text-decoration: none !important;\n}\n\n.recomendadorV2Area2 .recomendadorV2Type {\n    text-transform: uppercase;\n    font-weight: 500;\n    font-size: 11px;\n    letter-spacing: 2px;\n    color: #666;\n    margin: 12px 0;\n    display: block;\n}\n\n.recomendadorV2Title h2 {\n    padding-top: 0px !important;\n    margin: 0px !important;\n    border-left: none !important;\n    padding-left: 0px !important;\n    line-height: 1.3;\n    color: #000 !important;\n    font-size: 24px;\n    margin-bottom: 12px !important;\n}\n\n.recomendadorV2Desc {\n    color: #333;\n    margin: 12px 0px !important;\n    font-size: 15px;\n    line-height: 1.5;\n}\n\n.recomendadorV2Button {\n    width: auto;\n    max-width: 200px;\n    margin: 0;\n    display: inline-flex;\n    align-items: center;\n    background: #1D3557;\n    border-radius: 8px;\n    color: #fff;\n    height: 36px;\n    justify-content: center;\n    text-align: center;\n    font-size: 14px;\n    padding: 0 20px;\n    transition: background-color 0.2s ease;\n}\n\n.recomendadorV2Button:hover {\n    background: #2a4d7a;\n}\n\n.recomendadorV2Button:after {\n    margin-top: -2px;\n    content: \"\u2192\";\n    padding: 0px 0px 0px 8px;\n}\n\n.recomendadorV2Alert {\n    text-align: left;\n    font-size: 11px;\n    margin-top: 8px;\n    color: #666;\n}\n\n.recomendadorFixedArea {\n    width: 100%;\n    display: flex;\n    justify-content: center;\n    align-items: center;\n}\n\n@media (min-width: 992px) {\n    #recomendadorFixed {\n        width: 32% !important;\n        left: 5%;\n    }\n    .recomendadorCloseFixed{\n        right: inherit !important;\n        left: 378px !important;\n    }\n}\n\n#recomendadorFixed {\n    width: 90%;\n    box-shadow: 0 10px 20px 0px #00000057;\n    display: none;\n    height: 90px;\n    background: #F6F6F6;\n    position: fixed;\n    flex-direction: row;\n    bottom: 10px;\n    z-index: 9999;\n    border-radius: 16px;\n    padding: 7px 10px;\n}\n\n.recomendadorLeftArea {\n    width: 160px;\n}\n\n.recomendadorRightArea h2 {\n    padding-top: 0px;\n    margin: 2px 0px 4px 0px !important;\n    font-weight: 400;\n    text-align: center;\n    padding-left: 0px !important;\n    color: #000 !important;\n    border-left: none !important;\n    line-height: 20px;\n    font-size: 12px !important;\n}\n\n.recomendadorImgFixed {\n    overflow: hidden;\n    padding: 8px 6px;\n    height: 100%;\n}\n\n.recomendadorImgFixed img {\n    height: 100% !important;\n    border-radius: 16px;\n}\n\n.recomendadorRightArea {\n    padding-top: 6px;\n    display: flex;\n    width: calc(100% - 130px);\n    justify-content: space-between;\n    align-items: center;\n    flex-direction: column;\n}\n\n.recomendadorButtonFixed {\n    margin: 0 auto;\n    background: #1D3557;\n    width: 80%;\n    text-align: center;\n    font-size: 10px;\n    color: #FFF;\n    padding: 2px 10px;\n    border-radius: 3px;\n}\n\n.recomendadorButtonFixed:after {\n    margin-top: -3px;\n    content: \"\u2192\";\n    padding: 0px 0px 0px 10px;\n}\n\n.recomendadorAlertFixed {\n    font-weight: 400;\n    text-align: center;\n    color: #484848;\n    font-size: 8px;\n}\n\n.recomendadorCloseFixed {\n    z-index: 99999;\n    display: none;\n    right: 0px;\n    left: inherit;\n    bottom: 99px;\n    position: fixed;\n    justify-content: center;\n    background: #F6F6F6;\n    width: 25px;\n    align-items: center;\n    height: 25px;\n    font-weight: 800;\n    border-radius: 50%;\n    border: 1px solid #EBEBEB;\n}\n\n.recomendadorV2Desc{\n    color: #000000;\n    margin: 20px 0px;\n}\n\n@media (max-width: 576px) {\n    .recomendadorV2Area {\n      padding: 10px;\n      max-width: 100%;\n    }\n  \n    .recomendadorV2Area1 img {\n      width: 100%;\n      border-radius: 6px;\n    }\n  \n    .recomendadorV2Area2 .recomendadorV2Type {\n      font-size: 9px;\n      letter-spacing: 1px;\n      margin: 8px 0;\n    }\n  \n    .recomendadorV2Title h2 {\n      font-size: 18px !important;\n      margin-bottom: 8px !important;\n      line-height: 1.2;\n    }\n  \n    .recomendadorV2Desc {\n      font-size: 14px;\n      margin: 8px 0 !important;\n      line-height: 1.4;\n    }\n  \n    .recomendadorV2Button {\n      font-size: 14px;\n      height: 40px;\n      padding: 0 12px;\n      max-width: 100%;\n      width: 100%;\n    }\n  \n    .recomendadorV2Button:after {\n      padding-left: 6px;\n    }\n  }\n  <\/style>\n        <div class=\"lazyblock-recomendador-v2-2jDGz wp-block-lazyblock-recomendador-v2\">\n        <a class=\"linkrecomendadorv2\" href=\"https:\/\/diariodocomercio.com.br\/mix\/menopausa-novo-remedio-promete-acabar-com-o-fogacho\/\">\n            <div class=\"recomendadorV2Area\">\n            <div class=\"recomendadorV2Area1\">\n                <div class=\"recomendadorV2Img\">\n                <img class=\"lazyloaded\" decoding=\"async\" src=\"https:\/\/diariodocomercio.com.br\/mix\/wp-content\/uploads\/2026\/03\/menopausa-calor.jpg\" data-src=\"https:\/\/diariodocomercio.com.br\/mix\/wp-content\/uploads\/2026\/03\/menopausa-calor.jpg\" alt=\"\">\n                <\/div>\n            <\/div>\n            <div class=\"recomendadorV2Area2\">\n                <div class=\"recomendadorV2Type\">\n                    <span>SA\u00daDE<\/span>\n                <\/div>\n                <div class=\"recomendadorV2Title\">\n                <h2><span>Menopausa: novo rem\u00e9dio promete acabar com o fogacho<\/span><\/h2>\n                <\/div>\n                <div class=\"recomendadorV2Desc\">\n                <span>O fogacho, as temidas ondas de calor, s\u00e3o um dos principais inc\u00f4modos para mulheres passando pela menopausa. No Reino Unido, \u2026<\/span>\n                <\/div>\n                <div class=\"recomendadorV2Button\">Leia mais<\/div>\n                <div class=\"recomendadorV2Alert\"><\/div>\n            <\/div>\n            <\/div>\n        <\/a>\n        <div>\n            <div style=\"z-index:99999;\" id=\"buttonClose\" onclick=\"closeRecomendadorFixed()\">\n            <div class=\"recomendadorCloseFixed\">X<\/div>\n            <\/div>\n            <a href=\"https:\/\/diariodocomercio.com.br\/mix\/menopausa-novo-remedio-promete-acabar-com-o-fogacho\/\">\n            <div class=\"recomendadorFixedArea\">\n                <div id=\"recomendadorFixed\">\n                <div class=\"recomendadorLeftArea\">\n                    <div class=\"recomendadorImgFixed\">\n                    <img class=\"lazyload\" decoding=\"async\" src=\"https:\/\/diariodocomercio.com.br\/mix\/wp-content\/uploads\/2026\/03\/menopausa-calor.jpg\" alt=\"\">\n                    <\/div>\n                <\/div>\n                <div class=\"recomendadorRightArea\">\n                    <div class=\"recomendadorTitleFixed\">\n                    <h2><span>Menopausa: novo rem\u00e9dio promete acabar com o fogacho<\/span><\/h2>\n                    <\/div>\n                    <div class=\"recomendadorButtonFixed\">Leia mais<\/div>\n                    <div class=\"recomendadorAlertFixed\"><\/div>\n                <\/div>\n                <\/div>\n            <\/div>\n            <\/a>\n        <\/div>\n        <\/div>\n","protected":false},"excerpt":{"rendered":"<p>Na semana passada, uma declara\u00e7\u00e3o do governo de Donald Trump sobre as fac\u00e7\u00f5es criminosas PCC (Primeiro Comando da Capital) e CV (Comando Vermelho) causou preocupa\u00e7\u00e3o entre pol\u00edticos aqui no Brasil. Na semana passada, o Departamento de Estado dos Estados Unidos afirmou que o governo Trump v\u00ea as fac\u00e7\u00f5es como &#8220;amea\u00e7as de alcance regional&#8221;. Tamb\u00e9m j\u00e1 [&hellip;]<\/p>\n","protected":false},"author":6,"featured_media":4790,"comment_status":"closed","ping_status":"closed","sticky":false,"template":"","format":"standard","meta":{"jnews-multi-image_gallery":[],"jnews_single_post":{"format":"standard"},"jnews_primary_category":[],"jnews_social_meta":[],"jnews_override_counter":[],"jnews_post_split":[],"footnotes":""},"categories":[1],"tags":[],"class_list":["post-38601","post","type-post","status-publish","format-standard","has-post-thumbnail","hentry","category-geral"],"_referencia":"","_links":{"self":[{"href":"https:\/\/diariodocomercio.com.br\/mix\/wp-json\/wp\/v2\/posts\/38601","targetHints":{"allow":["GET"]}}],"collection":[{"href":"https:\/\/diariodocomercio.com.br\/mix\/wp-json\/wp\/v2\/posts"}],"about":[{"href":"https:\/\/diariodocomercio.com.br\/mix\/wp-json\/wp\/v2\/types\/post"}],"author":[{"embeddable":true,"href":"https:\/\/diariodocomercio.com.br\/mix\/wp-json\/wp\/v2\/users\/6"}],"replies":[{"embeddable":true,"href":"https:\/\/diariodocomercio.com.br\/mix\/wp-json\/wp\/v2\/comments?post=38601"}],"version-history":[{"count":1,"href":"https:\/\/diariodocomercio.com.br\/mix\/wp-json\/wp\/v2\/posts\/38601\/revisions"}],"predecessor-version":[{"id":38608,"href":"https:\/\/diariodocomercio.com.br\/mix\/wp-json\/wp\/v2\/posts\/38601\/revisions\/38608"}],"wp:featuredmedia":[{"embeddable":true,"href":"https:\/\/diariodocomercio.com.br\/mix\/wp-json\/wp\/v2\/media\/4790"}],"wp:attachment":[{"href":"https:\/\/diariodocomercio.com.br\/mix\/wp-json\/wp\/v2\/media?parent=38601"}],"wp:term":[{"taxonomy":"category","embeddable":true,"href":"https:\/\/diariodocomercio.com.br\/mix\/wp-json\/wp\/v2\/categories?post=38601"},{"taxonomy":"post_tag","embeddable":true,"href":"https:\/\/diariodocomercio.com.br\/mix\/wp-json\/wp\/v2\/tags?post=38601"}],"curies":[{"name":"wp","href":"https:\/\/api.w.org\/{rel}","templated":true}]}}