{"id":38607,"date":"2026-03-16T19:49:00","date_gmt":"2026-03-16T22:49:00","guid":{"rendered":"https:\/\/diariodocomercio.com.br\/mix\/?p=38607"},"modified":"2026-03-16T19:33:58","modified_gmt":"2026-03-16T22:33:58","slug":"carrinhos-de-supermercado-devem-ser-proibidos-no-brasil-e-quem-continuar-utilizando-indevidamente-sofrera-multa","status":"publish","type":"post","link":"https:\/\/diariodocomercio.com.br\/mix\/carrinhos-de-supermercado-devem-ser-proibidos-no-brasil-e-quem-continuar-utilizando-indevidamente-sofrera-multa\/","title":{"rendered":"Carrinhos de supermercado devem ser proibidos no Brasil e quem continuar utilizando indevidamente sofrer\u00e1 multa"},"content":{"rendered":"\n<p>A cidade de <strong>Santos<\/strong>, no estado de S\u00e3o Paulo, busca regulamentar o uso de<strong> carrinhos de compras <\/strong>nas ruas em resposta a crescentes preocupa\u00e7\u00f5es com a mobilidade urbana. Na sess\u00e3o legislativa de 10 de mar\u00e7o, foi discutida a proibi\u00e7\u00e3o do uso e abandono desses objetos em \u00e1reas p\u00fablicas da cidade. A medida, se efetivada, visa combater o entupimento de cal\u00e7adas e melhorar a seguran\u00e7a.<\/p>\n\n\n\n<p>A legisla\u00e7\u00e3o permitir\u00e1 que os carrinhos sejam usados temporariamente para transporte de compras at\u00e9 ve\u00edculos ou resid\u00eancias nas proximidades. No entanto, o uso deve ser <strong>r\u00e1pido <\/strong>e sem obstruir o tr\u00e1fego.<\/p>\n\n\n\n<p>A iniciativa \u00e9 uma rea\u00e7\u00e3o \u00e0s constantes reclama\u00e7\u00f5es de moradores sobre carrinhos deixados em vias p\u00fablicas, gerando problemas de circula\u00e7\u00e3o e preocupa\u00e7\u00f5es de seguran\u00e7a.<\/p>\n\n\n\n<p>A cidade ainda est\u00e1 discutindo detalhes como <strong>multas <\/strong>e regulamenta\u00e7\u00e3o da <strong>fiscaliza\u00e7\u00e3o<\/strong>, fundamentais para a implementa\u00e7\u00e3o eficiente da nova pol\u00edtica.<\/p>\n\n\n\n<p>As autoridades ainda n\u00e3o definiram como as multas ser\u00e3o aplicadas, deixando d\u00favidas sobre a execu\u00e7\u00e3o pr\u00e1tica. Esse ponto precisa ser esclarecido para garantir o cumprimento eficaz da nova lei.<\/p>\n\n\n\n<h2 class=\"wp-block-heading\">Caminho legislativo&nbsp;<\/h2>\n\n\n\n<p>A proposta ainda passar\u00e1 por v\u00e1rias discuss\u00f5es na C\u00e2mara dos Vereadores de Santos antes de uma decis\u00e3o final. Espera-se que ajustes sejam feitos para abordar as preocupa\u00e7\u00f5es da comunidade e das autoridades municipais. Caso as novas regras sejam aprovadas, a implementa\u00e7\u00e3o efetiva alterar\u00e1 significativamente o uso das ruas em Santos.<\/p>\n","protected":false},"excerpt":{"rendered":"<p>A iniciativa \u00e9 uma rea\u00e7\u00e3o \u00e0s constantes reclama\u00e7\u00f5es. Confira detalhes.<\/p>\n","protected":false},"author":12,"featured_media":10783,"comment_status":"closed","ping_status":"closed","sticky":false,"template":"","format":"standard","meta":{"jnews-multi-image_gallery":[],"jnews_single_post":{"format":"standard"},"jnews_primary_category":[],"jnews_social_meta":[],"jnews_override_counter":[],"jnews_post_split":[],"footnotes":""},"categories":[1],"tags":[],"class_list":["post-38607","post","type-post","status-publish","format-standard","has-post-thumbnail","hentry","category-geral"],"_referencia":"","_links":{"self":[{"href":"https:\/\/diariodocomercio.com.br\/mix\/wp-json\/wp\/v2\/posts\/38607","targetHints":{"allow":["GET"]}}],"collection":[{"href":"https:\/\/diariodocomercio.com.br\/mix\/wp-json\/wp\/v2\/posts"}],"about":[{"href":"https:\/\/diariodocomercio.com.br\/mix\/wp-json\/wp\/v2\/types\/post"}],"author":[{"embeddable":true,"href":"https:\/\/diariodocomercio.com.br\/mix\/wp-json\/wp\/v2\/users\/12"}],"replies":[{"embeddable":true,"href":"https:\/\/diariodocomercio.com.br\/mix\/wp-json\/wp\/v2\/comments?post=38607"}],"version-history":[{"count":1,"href":"https:\/\/diariodocomercio.com.br\/mix\/wp-json\/wp\/v2\/posts\/38607\/revisions"}],"predecessor-version":[{"id":38611,"href":"https:\/\/diariodocomercio.com.br\/mix\/wp-json\/wp\/v2\/posts\/38607\/revisions\/38611"}],"wp:featuredmedia":[{"embeddable":true,"href":"https:\/\/diariodocomercio.com.br\/mix\/wp-json\/wp\/v2\/media\/10783"}],"wp:attachment":[{"href":"https:\/\/diariodocomercio.com.br\/mix\/wp-json\/wp\/v2\/media?parent=38607"}],"wp:term":[{"taxonomy":"category","embeddable":true,"href":"https:\/\/diariodocomercio.com.br\/mix\/wp-json\/wp\/v2\/categories?post=38607"},{"taxonomy":"post_tag","embeddable":true,"href":"https:\/\/diariodocomercio.com.br\/mix\/wp-json\/wp\/v2\/tags?post=38607"}],"curies":[{"name":"wp","href":"https:\/\/api.w.org\/{rel}","templated":true}]}}