{"id":38612,"date":"2026-03-16T20:16:00","date_gmt":"2026-03-16T23:16:00","guid":{"rendered":"https:\/\/diariodocomercio.com.br\/mix\/?p=38612"},"modified":"2026-03-16T19:42:03","modified_gmt":"2026-03-16T22:42:03","slug":"meia-brasileiro-do-palmeiras-ganha-primeira-chance-na-selecao","status":"publish","type":"post","link":"https:\/\/diariodocomercio.com.br\/mix\/meia-brasileiro-do-palmeiras-ganha-primeira-chance-na-selecao\/","title":{"rendered":"Meia brasileiro do Palmeiras ganha primeira chance na Sele\u00e7\u00e3o"},"content":{"rendered":"\n<p><strong>Maur\u00edcio<\/strong>, meio-campista do <strong>Palmeiras<\/strong>, foi convocado para jogar pela sele\u00e7\u00e3o paraguaia de futebol ap\u00f3s sua naturaliza\u00e7\u00e3o em fevereiro de 2026. Nascido no Brasil, ele foi selecionado pelo t\u00e9cnico Gustavo Alfaro para participar de amistosos contra a Gr\u00e9cia em Atenas e Marrocos na Fran\u00e7a, em mar\u00e7o de 2026.<\/p>\n\n\n\n<p>Maur\u00edcio, que possui ra\u00edzes no Paraguai por parte de seu pai, tomou essa decis\u00e3o para buscar uma oportunidade no cen\u00e1rio internacional, incluindo a Copa do Mundo.<\/p>\n\n\n\n<p>A decis\u00e3o de Maur\u00edcio em se naturalizar paraguaio \u00e9 fundamentada por la\u00e7os familiares. Seu pai, criado no Paraguai, e sua av\u00f3 paterna, nativa do pa\u00eds, influenciaram a escolha do jogador. A ado\u00e7\u00e3o da cidadania paraguaia tamb\u00e9m serve como um trampolim para integrar-se a competi\u00e7\u00f5es de alto n\u00edvel.<\/p>\n\n\n\n<h2 class=\"wp-block-heading\">Integra\u00e7\u00e3o na Sele\u00e7\u00e3o<\/h2>\n\n\n\n<p>A convoca\u00e7\u00e3o de Maur\u00edcio traz \u00e0 tona uma estrat\u00e9gia da sele\u00e7\u00e3o paraguaia de contar com jogadores atuando na liga brasileira. Ao lado de Gustavo G\u00f3mez, Junior Alonso e Balbuena, Maur\u00edcio integra um grupo focado em elevar o Paraguai no cen\u00e1rio futebol\u00edstico mundial.<\/p>\n\n\n\n<p>A decis\u00e3o de Alfaro de incluir jogadores com experi\u00eancia internacional busca refor\u00e7ar a sele\u00e7\u00e3o. A atua\u00e7\u00e3o de Maur\u00edcio no Palmeiras o destaca como uma adi\u00e7\u00e3o importante para a equipe paraguaia.<\/p>\n\n\n\n<h2 class=\"wp-block-heading\">Expectativas&nbsp;<\/h2>\n\n\n\n<p>A estreia de Maur\u00edcio pelo Paraguai ocorre em um momento cr\u00edtico, com as aten\u00e7\u00f5es voltadas para seu desempenho nos amistosos. Datas importantes como os amistosos contra Gr\u00e9cia e Marrocos est\u00e3o marcadas para mar\u00e7o de 2026.<\/p>\n\n\n\n<p>A naturaliza\u00e7\u00e3o de Maur\u00edcio foi conclu\u00edda e ele agora se prepara para enfrentar novos desafios. Os amistosos programados servir\u00e3o como teste inicial de sua capacidade de se integrar e contribuir para a sele\u00e7\u00e3o paraguaia.&nbsp;<\/p>\n","protected":false},"excerpt":{"rendered":"<p>A estreia do jogador ocorre em um momento cr\u00edtico, com as aten\u00e7\u00f5es voltadas para seu desempenho nos amistosos.<\/p>\n","protected":false},"author":12,"featured_media":26245,"comment_status":"closed","ping_status":"closed","sticky":false,"template":"","format":"standard","meta":{"jnews-multi-image_gallery":[],"jnews_single_post":{"format":"standard"},"jnews_primary_category":[],"jnews_social_meta":[],"jnews_override_counter":[],"jnews_post_split":[],"footnotes":""},"categories":[1],"tags":[],"class_list":["post-38612","post","type-post","status-publish","format-standard","has-post-thumbnail","hentry","category-geral"],"_referencia":"","_links":{"self":[{"href":"https:\/\/diariodocomercio.com.br\/mix\/wp-json\/wp\/v2\/posts\/38612","targetHints":{"allow":["GET"]}}],"collection":[{"href":"https:\/\/diariodocomercio.com.br\/mix\/wp-json\/wp\/v2\/posts"}],"about":[{"href":"https:\/\/diariodocomercio.com.br\/mix\/wp-json\/wp\/v2\/types\/post"}],"author":[{"embeddable":true,"href":"https:\/\/diariodocomercio.com.br\/mix\/wp-json\/wp\/v2\/users\/12"}],"replies":[{"embeddable":true,"href":"https:\/\/diariodocomercio.com.br\/mix\/wp-json\/wp\/v2\/comments?post=38612"}],"version-history":[{"count":1,"href":"https:\/\/diariodocomercio.com.br\/mix\/wp-json\/wp\/v2\/posts\/38612\/revisions"}],"predecessor-version":[{"id":38614,"href":"https:\/\/diariodocomercio.com.br\/mix\/wp-json\/wp\/v2\/posts\/38612\/revisions\/38614"}],"wp:featuredmedia":[{"embeddable":true,"href":"https:\/\/diariodocomercio.com.br\/mix\/wp-json\/wp\/v2\/media\/26245"}],"wp:attachment":[{"href":"https:\/\/diariodocomercio.com.br\/mix\/wp-json\/wp\/v2\/media?parent=38612"}],"wp:term":[{"taxonomy":"category","embeddable":true,"href":"https:\/\/diariodocomercio.com.br\/mix\/wp-json\/wp\/v2\/categories?post=38612"},{"taxonomy":"post_tag","embeddable":true,"href":"https:\/\/diariodocomercio.com.br\/mix\/wp-json\/wp\/v2\/tags?post=38612"}],"curies":[{"name":"wp","href":"https:\/\/api.w.org\/{rel}","templated":true}]}}