{"id":38619,"date":"2026-03-16T20:39:00","date_gmt":"2026-03-16T23:39:00","guid":{"rendered":"https:\/\/diariodocomercio.com.br\/mix\/?p=38619"},"modified":"2026-03-16T19:57:18","modified_gmt":"2026-03-16T22:57:18","slug":"bpc-foi-atualizado-e-idosos-recebem-salario-maior-em-2026","status":"publish","type":"post","link":"https:\/\/diariodocomercio.com.br\/mix\/bpc-foi-atualizado-e-idosos-recebem-salario-maior-em-2026\/","title":{"rendered":"BPC foi atualizado e idosos recebem sal\u00e1rio maior em 2026"},"content":{"rendered":"\n<p>Em 2026, o reajuste do sal\u00e1rio m\u00ednimo no Brasil impactar\u00e1 diretamente os benefici\u00e1rios do <strong>Benef\u00edcio de Presta\u00e7\u00e3o Continuada<\/strong> (BPC). Este ajustamento ocorre anualmente e \u00e9 vital para idosos e pessoas com defici\u00eancia que vivem em situa\u00e7\u00e3o de vulnerabilidade.<\/p>\n\n\n\n<p>Com a eleva\u00e7\u00e3o do sal\u00e1rio m\u00ednimo para <strong>R$ 1.621,00, <\/strong>conforme pol\u00edtica governamental, o valor do BPC tamb\u00e9m foi atualizado, garantindo assim que os benefici\u00e1rios mantenham o poder de compra em meio \u00e0 infla\u00e7\u00e3o.<\/p>\n\n\n\n<p>O BPC \u00e9 administrado pelo INSS. Destina-se a idosos com 65 anos ou mais e a pessoas com defici\u00eancia, cuja renda familiar per capita n\u00e3o ultrapasse um quarto do sal\u00e1rio m\u00ednimo, ou seja, R$ 405,25 em 2026.<\/p>\n\n\n\n<p>Para se manterem eleg\u00edveis ao benef\u00edcio, as fam\u00edlias precisam atualizar suas informa\u00e7\u00f5es no Cadastro \u00danico para Programas Sociais do Governo Federal.<\/p>\n\n\n\n<h2 class=\"wp-block-heading\">Como o reajuste afeta o BPC<\/h2>\n\n\n\n<p>O novo sal\u00e1rio m\u00ednimo provoca altera\u00e7\u00f5es autom\u00e1ticas no BPC, pois o benef\u00edcio equivale ao piso salarial vigente. Isso \u00e9 essencial para que os benefici\u00e1rios n\u00e3o percam a capacidade de consumo diante de press\u00f5es econ\u00f4micas, como a infla\u00e7\u00e3o.<\/p>\n\n\n\n<p>O reajuste do BPC em 2026 \u00e9 influenciado pela infla\u00e7\u00e3o acumulada e outros indicadores econ\u00f4micos aplicados na defini\u00e7\u00e3o do sal\u00e1rio m\u00ednimo. No entanto, o benef\u00edcio n\u00e3o possui um mecanismo pr\u00f3prio de reajuste baseado diretamente em tais indicadores.<\/p>\n\n\n\n<p>Com a corre\u00e7\u00e3o salarial, mais fam\u00edlias poder\u00e3o se qualificar para o BPC, ampliando assim a rede de assist\u00eancia social.<\/p>\n\n\n\n<p>O processo de ajuste do BPC est\u00e1 sendo monitorado pelas autoridades para assegurar continuidade nos impactos positivos esperados.&nbsp;<\/p>\n","protected":false},"excerpt":{"rendered":"<p>O BPC \u00e9 destinado a idosos com 65 anos ou mais e a pessoas com defici\u00eancia.<\/p>\n","protected":false},"author":12,"featured_media":10188,"comment_status":"closed","ping_status":"closed","sticky":false,"template":"","format":"standard","meta":{"jnews-multi-image_gallery":[],"jnews_single_post":{"format":"standard"},"jnews_primary_category":[],"jnews_social_meta":[],"jnews_override_counter":[],"jnews_post_split":[],"footnotes":""},"categories":[1],"tags":[],"class_list":["post-38619","post","type-post","status-publish","format-standard","has-post-thumbnail","hentry","category-geral"],"_referencia":"","_links":{"self":[{"href":"https:\/\/diariodocomercio.com.br\/mix\/wp-json\/wp\/v2\/posts\/38619","targetHints":{"allow":["GET"]}}],"collection":[{"href":"https:\/\/diariodocomercio.com.br\/mix\/wp-json\/wp\/v2\/posts"}],"about":[{"href":"https:\/\/diariodocomercio.com.br\/mix\/wp-json\/wp\/v2\/types\/post"}],"author":[{"embeddable":true,"href":"https:\/\/diariodocomercio.com.br\/mix\/wp-json\/wp\/v2\/users\/12"}],"replies":[{"embeddable":true,"href":"https:\/\/diariodocomercio.com.br\/mix\/wp-json\/wp\/v2\/comments?post=38619"}],"version-history":[{"count":1,"href":"https:\/\/diariodocomercio.com.br\/mix\/wp-json\/wp\/v2\/posts\/38619\/revisions"}],"predecessor-version":[{"id":38620,"href":"https:\/\/diariodocomercio.com.br\/mix\/wp-json\/wp\/v2\/posts\/38619\/revisions\/38620"}],"wp:featuredmedia":[{"embeddable":true,"href":"https:\/\/diariodocomercio.com.br\/mix\/wp-json\/wp\/v2\/media\/10188"}],"wp:attachment":[{"href":"https:\/\/diariodocomercio.com.br\/mix\/wp-json\/wp\/v2\/media?parent=38619"}],"wp:term":[{"taxonomy":"category","embeddable":true,"href":"https:\/\/diariodocomercio.com.br\/mix\/wp-json\/wp\/v2\/categories?post=38619"},{"taxonomy":"post_tag","embeddable":true,"href":"https:\/\/diariodocomercio.com.br\/mix\/wp-json\/wp\/v2\/tags?post=38619"}],"curies":[{"name":"wp","href":"https:\/\/api.w.org\/{rel}","templated":true}]}}