{"id":38626,"date":"2026-03-16T20:59:00","date_gmt":"2026-03-16T23:59:00","guid":{"rendered":"https:\/\/diariodocomercio.com.br\/mix\/?p=38626"},"modified":"2026-03-16T21:04:16","modified_gmt":"2026-03-17T00:04:16","slug":"a-menor-cidade-do-mundo-fica-nas-americas-e-possui-apenas-1-habitante","status":"publish","type":"post","link":"https:\/\/diariodocomercio.com.br\/mix\/a-menor-cidade-do-mundo-fica-nas-americas-e-possui-apenas-1-habitante\/","title":{"rendered":"A menor cidade do mundo fica nas Am\u00e9ricas e possui apenas 1 habitante"},"content":{"rendered":"\n<p><strong>Monowi<\/strong>, localizada no estado de Nebraska, Estados Unidos, \u00e9 uma cidade peculiar. Desde 2004, ela \u00e9 habitada por apenas <strong>uma pessoa, <\/strong>Elsie Eiler. Monowi \u00e9 especialmente not\u00e1vel por este fato, sendo a \u00fanica cidade incorporada nos EUA com tal caracter\u00edstica.<\/p>\n\n\n\n<p>Hoje, Eiler desempenha in\u00fameros pap\u00e9is para manter a cidade ativa, servindo como prefeita e administradora municipal.<\/p>\n\n\n\n<p>Fundada em 1902 devido \u00e0 expans\u00e3o da ferrovia Fremont, Elkhorn &amp; Missouri Valley Railroad, Monowi alcan\u00e7ou seu auge populacional na d\u00e9cada de 1930, quando abrigava entre 120 e 150 pessoas.<\/p>\n\n\n\n<p>Com o tempo, a mecaniza\u00e7\u00e3o agr\u00edcola e o \u00eaxodo urbano causaram um decl\u00ednio acentuado em sua popula\u00e7\u00e3o, levando a cidade a se tornar o marco hist\u00f3rico que \u00e9 hoje. Monowi continua oficialmente registrada como municipalidade, destacando-se como um s\u00edmbolo de resist\u00eancia cultural nos Estados Unidos.<\/p>\n\n\n\n<h2 class=\"wp-block-heading\">Centro de Monowi<\/h2>\n\n\n\n<p>Elsie Eiler assumiu as fun\u00e7\u00f5es administrativas de Monowi ap\u00f3s a morte de seu marido Rudy Eiler em 2004. Ela \u00e9 respons\u00e1vel por renovar e gerenciar as licen\u00e7as municipais e elaborar toda a documenta\u00e7\u00e3o administrativa necess\u00e1ria para manter seu status jur\u00eddico.<\/p>\n\n\n\n<p>Al\u00e9m disso, Eiler administra a Monowi Tavern, o \u00fanico estabelecimento comercial da cidade.<\/p>\n\n\n\n<p>Aberta desde os anos 1970, a Monowi Tavern \u00e9 um ponto crucial de intera\u00e7\u00e3o social. Visitantes e moradores da regi\u00e3o frequentemente param para visitar o bar, mantendo o contato social da cidade.<\/p>\n\n\n\n<p>Eiler tamb\u00e9m criou a Rudy\u2019s Library, em homenagem ao seu falecido marido, com um acervo de aproximadamente 5 mil livros, oferecendo um espa\u00e7o cultural relevante para a cidade.<\/p>\n","protected":false},"excerpt":{"rendered":"<p>Fundada em 1902, cidade alcan\u00e7ou seu auge populacional na d\u00e9cada de 1930.<\/p>\n","protected":false},"author":12,"featured_media":38628,"comment_status":"closed","ping_status":"closed","sticky":false,"template":"","format":"standard","meta":{"jnews-multi-image_gallery":[],"jnews_single_post":{"format":"standard"},"jnews_primary_category":[],"jnews_social_meta":[],"jnews_override_counter":[],"jnews_post_split":[],"footnotes":""},"categories":[1],"tags":[],"class_list":["post-38626","post","type-post","status-publish","format-standard","has-post-thumbnail","hentry","category-geral"],"_referencia":"","_links":{"self":[{"href":"https:\/\/diariodocomercio.com.br\/mix\/wp-json\/wp\/v2\/posts\/38626","targetHints":{"allow":["GET"]}}],"collection":[{"href":"https:\/\/diariodocomercio.com.br\/mix\/wp-json\/wp\/v2\/posts"}],"about":[{"href":"https:\/\/diariodocomercio.com.br\/mix\/wp-json\/wp\/v2\/types\/post"}],"author":[{"embeddable":true,"href":"https:\/\/diariodocomercio.com.br\/mix\/wp-json\/wp\/v2\/users\/12"}],"replies":[{"embeddable":true,"href":"https:\/\/diariodocomercio.com.br\/mix\/wp-json\/wp\/v2\/comments?post=38626"}],"version-history":[{"count":1,"href":"https:\/\/diariodocomercio.com.br\/mix\/wp-json\/wp\/v2\/posts\/38626\/revisions"}],"predecessor-version":[{"id":38629,"href":"https:\/\/diariodocomercio.com.br\/mix\/wp-json\/wp\/v2\/posts\/38626\/revisions\/38629"}],"wp:featuredmedia":[{"embeddable":true,"href":"https:\/\/diariodocomercio.com.br\/mix\/wp-json\/wp\/v2\/media\/38628"}],"wp:attachment":[{"href":"https:\/\/diariodocomercio.com.br\/mix\/wp-json\/wp\/v2\/media?parent=38626"}],"wp:term":[{"taxonomy":"category","embeddable":true,"href":"https:\/\/diariodocomercio.com.br\/mix\/wp-json\/wp\/v2\/categories?post=38626"},{"taxonomy":"post_tag","embeddable":true,"href":"https:\/\/diariodocomercio.com.br\/mix\/wp-json\/wp\/v2\/tags?post=38626"}],"curies":[{"name":"wp","href":"https:\/\/api.w.org\/{rel}","templated":true}]}}