{"id":38630,"date":"2026-03-16T21:28:00","date_gmt":"2026-03-17T00:28:00","guid":{"rendered":"https:\/\/diariodocomercio.com.br\/mix\/?p=38630"},"modified":"2026-03-16T20:49:37","modified_gmt":"2026-03-16T23:49:37","slug":"recebeu-salario-de-ate-r-2-766-nos-ultimos-anos-governo-vai-te-pagar-um-adicional-pela-caixa","status":"publish","type":"post","link":"https:\/\/diariodocomercio.com.br\/mix\/recebeu-salario-de-ate-r-2-766-nos-ultimos-anos-governo-vai-te-pagar-um-adicional-pela-caixa\/","title":{"rendered":"Recebeu sal\u00e1rio de at\u00e9 R$ 2.766 nos \u00faltimos anos? Governo vai te pagar um adicional pela Caixa"},"content":{"rendered":"\n<p>Trabalhadores nascidos em fevereiro come\u00e7aram a receber o <strong>abono salarial <\/strong>de 2024 na segunda-feira (16). Aproximadamente 2 milh\u00f5es de benefici\u00e1rios, com sal\u00e1rios de at\u00e9 R$ 2.766, foram contemplados nesta fase. O pagamento somou R$ 2,5 bilh\u00f5es.<\/p>\n\n\n\n<p>Munic\u00edpios mineiros receberam aten\u00e7\u00e3o especial ap\u00f3s fortes chuvas. Em iniciativa de suporte, o governo adiantou o pagamento do abono salarial para trabalhadores nessas \u00e1reas, sem rela\u00e7\u00e3o ao m\u00eas de nascimento.&nbsp;<\/p>\n\n\n\n<h2 class=\"wp-block-heading\">Crit\u00e9rios para o benef\u00edcio<\/h2>\n\n\n\n<p>Para serem eleg\u00edveis ao abono salarial, os trabalhadores devem estar inscritos no PIS\/PASEP h\u00e1 pelo menos cinco anos. Al\u00e9m disso, devem ter trabalhado com carteira assinada por 30 dias em 2024 e recebido uma remunera\u00e7\u00e3o m\u00e9dia mensal de at\u00e9 R$ 2.766.<\/p>\n\n\n\n<p>\u00c9 crucial que as informa\u00e7\u00f5es estejam registradas corretamente no eSocial.<\/p>\n\n\n\n<p>Os pagamentos s\u00e3o efetuados pela Caixa Econ\u00f4mica Federal para empregados do setor privado e pelo Banco do Brasil para servidores p\u00fablicos. Os benefici\u00e1rios podem acessar os valores via dep\u00f3sitos em conta ou em ag\u00eancias, lot\u00e9ricas e correspondentes.<\/p>\n\n\n\n<h2 class=\"wp-block-heading\">Calend\u00e1rio de pagamentos<\/h2>\n\n\n\n<p>O abono salarial, que pode chegar ao valor de um sal\u00e1rio m\u00ednimo, \u00e9 pago de forma escalonada, seguindo o m\u00eas de nascimento dos trabalhadores.&nbsp;<\/p>\n\n\n\n<p>Para facilitar o acesso aos recursos, aplicativos e sites governamentais oferecem consultas r\u00e1pidas. Estes canais garantem que os trabalhadores obtenham o abono sem dificuldades, assegurando sua participa\u00e7\u00e3o em um esquema de apoio financeiro de longo alcance.<\/p>\n","protected":false},"excerpt":{"rendered":"<p>Os benefici\u00e1rios podem acessar os valores via dep\u00f3sitos em conta ou em ag\u00eancias, lot\u00e9ricas e correspondentes.<\/p>\n","protected":false},"author":12,"featured_media":10659,"comment_status":"closed","ping_status":"closed","sticky":false,"template":"","format":"standard","meta":{"jnews-multi-image_gallery":[],"jnews_single_post":{"format":"standard"},"jnews_primary_category":[],"jnews_social_meta":[],"jnews_override_counter":[],"jnews_post_split":[],"footnotes":""},"categories":[1],"tags":[],"class_list":["post-38630","post","type-post","status-publish","format-standard","has-post-thumbnail","hentry","category-geral"],"_referencia":"","_links":{"self":[{"href":"https:\/\/diariodocomercio.com.br\/mix\/wp-json\/wp\/v2\/posts\/38630","targetHints":{"allow":["GET"]}}],"collection":[{"href":"https:\/\/diariodocomercio.com.br\/mix\/wp-json\/wp\/v2\/posts"}],"about":[{"href":"https:\/\/diariodocomercio.com.br\/mix\/wp-json\/wp\/v2\/types\/post"}],"author":[{"embeddable":true,"href":"https:\/\/diariodocomercio.com.br\/mix\/wp-json\/wp\/v2\/users\/12"}],"replies":[{"embeddable":true,"href":"https:\/\/diariodocomercio.com.br\/mix\/wp-json\/wp\/v2\/comments?post=38630"}],"version-history":[{"count":2,"href":"https:\/\/diariodocomercio.com.br\/mix\/wp-json\/wp\/v2\/posts\/38630\/revisions"}],"predecessor-version":[{"id":38632,"href":"https:\/\/diariodocomercio.com.br\/mix\/wp-json\/wp\/v2\/posts\/38630\/revisions\/38632"}],"wp:featuredmedia":[{"embeddable":true,"href":"https:\/\/diariodocomercio.com.br\/mix\/wp-json\/wp\/v2\/media\/10659"}],"wp:attachment":[{"href":"https:\/\/diariodocomercio.com.br\/mix\/wp-json\/wp\/v2\/media?parent=38630"}],"wp:term":[{"taxonomy":"category","embeddable":true,"href":"https:\/\/diariodocomercio.com.br\/mix\/wp-json\/wp\/v2\/categories?post=38630"},{"taxonomy":"post_tag","embeddable":true,"href":"https:\/\/diariodocomercio.com.br\/mix\/wp-json\/wp\/v2\/tags?post=38630"}],"curies":[{"name":"wp","href":"https:\/\/api.w.org\/{rel}","templated":true}]}}