{"id":38647,"date":"2026-03-17T07:48:51","date_gmt":"2026-03-17T10:48:51","guid":{"rendered":"https:\/\/diariodocomercio.com.br\/mix\/?p=38647"},"modified":"2026-03-17T07:48:54","modified_gmt":"2026-03-17T10:48:54","slug":"2-signos-podem-ficar-com-a-conta-turbinada-no-fim-de-marco-revela-a-vidente-marcia-sensitiva","status":"publish","type":"post","link":"https:\/\/diariodocomercio.com.br\/mix\/2-signos-podem-ficar-com-a-conta-turbinada-no-fim-de-marco-revela-a-vidente-marcia-sensitiva\/","title":{"rendered":"2 signos podem ficar com a conta turbinada no fim de mar\u00e7o, revela a vidente M\u00e1rcia Sensitiva"},"content":{"rendered":"\n<p>Ser\u00e1 que os dias de gl\u00f3ria finalmente est\u00e3o vindo a\u00ed? Se voc\u00ea acredita no que os astros (e M\u00e1rcia sensitiva) t\u00eam a te dizer, o fim do m\u00eas de mar\u00e7o vai trazer boas not\u00edcias para dois signos que devem ver um bom dinheiro (finalmente) entrando na conta. Descubra se o seu est\u00e1 entre esses dois signos sortudos e o mais importante: o que fazer para garantir essa conta turbinada at\u00e9 o fim do m\u00eas.<\/p>\n\n\n\n<p>De acordo com a vidente e astr\u00f3loga, os tais signos sortudos s\u00e3o Capric\u00f3rnio (nascidos entre 22 de dezembro e 19 de janeiro) e G\u00eameos (nascidos entre 21 de maio e 20 de junho). Ao UOL, M\u00e1rcia explica que mar\u00e7o traz o desafio de balancear energias &#8220;tempestuosas e agitadas&#8221; de Marte, mas tamb\u00e9m traz lideran\u00e7a, criatividade, movimenta\u00e7\u00e3o e carisma.<\/p>\n\n\n\n<h2 class=\"wp-block-heading\">Como mar\u00e7o vai ajudar os signos de Capric\u00f3rnio e G\u00eameos<\/h2>\n\n\n\n<p>No caso dos capricornianos, o m\u00eas \u00e9 marcado por um processo evolutivo da comunica\u00e7\u00e3o e confian\u00e7a. Com esse amadurecimento, os nascidos do signo devem ter um impacto positivo em diferentes \u00e1reas da vida, principalmente na profissional, gra\u00e7as ao fortalecimento da sua imagem. Mas obviamente: n\u00e3o adianta ficar esperando o dinheiro cair do c\u00e9u. Ele vai ser o resultado direto do seu esfor\u00e7o.<\/p>\n\n\n\n<p>Os geminianos devem ficar de olho nas oportunidades que o m\u00eas pode abrir, principalmente por interm\u00e9dio de projetos criativos que v\u00e3o te ajudar a dar aquela turbinada na conta. Mas cuidado: M\u00e1rcia destaca a import\u00e2ncia de cuidar do mental durante esse m\u00eas turbulento para evitar confilitos internos.<\/p>\n\n\n\n<h2 class=\"wp-block-heading\">Per\u00edodo de nascimento de cada signo<\/h2>\n\n\n\n<ul class=\"wp-block-list\">\n<li>\u00c1ries (21 de mar\u00e7o a 19 de abril);<\/li>\n\n\n\n<li>Touro (20 de abril a 20 de maio);<\/li>\n\n\n\n<li>G\u00eameos (21 de maio a 20 de junho);<\/li>\n\n\n\n<li>C\u00e2ncer (21 de junho a 22 de julho);<\/li>\n\n\n\n<li>Le\u00e3o (23 de julho a 22 de agosto);<\/li>\n\n\n\n<li>Virgem (23 de agosto a 22 de setembro);<\/li>\n\n\n\n<li>Libra (23 de setembro a 22 de outubro);<\/li>\n\n\n\n<li>Escorpi\u00e3o (23 de outubro a 21 de novembro);<\/li>\n\n\n\n<li>Sagit\u00e1rio (22 de novembro a 21 de dezembro);<\/li>\n\n\n\n<li>Capric\u00f3rnio (22 de dezembro a 19 de janeiro);<\/li>\n\n\n\n<li>Aqu\u00e1rio (20 de janeiro a 18 de fevereiro);<\/li>\n\n\n\n<li>Peixes (19 de fevereiro a 20 de mar\u00e7o).<\/li>\n<\/ul>\n\n\n\n<style>@media (min-width: 992px) {\n    .recomendadorV2Area1 {\n        width: 280px;\n    }\n    .recomendadorV2Area2 {\n        padding: 0px 20px;\n        width: calc(100% - 280px);\n    }\n}\n\n@media (max-width: 992px) {\n    .recomendadorV2Button {\n        margin: 0 auto;\n    }\n    .recomendadorV2Area {\n        flex-direction: column;\n        text-align: center;\n    }\n    .recomendadorV2Area2 {\n        padding: 0px 20px;\n    }\n}\n\n.recomendadorV2Area {\n    background: #eeeeee3d;\n    border-radius: 10px;\n    padding: 15px;\n    display: flex;\n    margin: 15px auto;\n    border: 1px solid #00000014;\n    max-width: 800px;\n}\n\n.recomendadorV2Area1 img {\n    width: 280px;\n    height: auto;\n    border-radius: 8px;\n}\n\n.linkrecomendadorv2 {\n    text-decoration: none !important;\n}\n\n.recomendadorV2Area2 .recomendadorV2Type {\n    text-transform: uppercase;\n    font-weight: 500;\n    font-size: 11px;\n    letter-spacing: 2px;\n    color: #666;\n    margin: 12px 0;\n    display: block;\n}\n\n.recomendadorV2Title h2 {\n    padding-top: 0px !important;\n    margin: 0px !important;\n    border-left: none !important;\n    padding-left: 0px !important;\n    line-height: 1.3;\n    color: #000 !important;\n    font-size: 24px;\n    margin-bottom: 12px !important;\n}\n\n.recomendadorV2Desc {\n    color: #333;\n    margin: 12px 0px !important;\n    font-size: 15px;\n    line-height: 1.5;\n}\n\n.recomendadorV2Button {\n    width: auto;\n    max-width: 200px;\n    margin: 0;\n    display: inline-flex;\n    align-items: center;\n    background: #1D3557;\n    border-radius: 8px;\n    color: #fff;\n    height: 36px;\n    justify-content: center;\n    text-align: center;\n    font-size: 14px;\n    padding: 0 20px;\n    transition: background-color 0.2s ease;\n}\n\n.recomendadorV2Button:hover {\n    background: #2a4d7a;\n}\n\n.recomendadorV2Button:after {\n    margin-top: -2px;\n    content: \"\u2192\";\n    padding: 0px 0px 0px 8px;\n}\n\n.recomendadorV2Alert {\n    text-align: left;\n    font-size: 11px;\n    margin-top: 8px;\n    color: #666;\n}\n\n.recomendadorFixedArea {\n    width: 100%;\n    display: flex;\n    justify-content: center;\n    align-items: center;\n}\n\n@media (min-width: 992px) {\n    #recomendadorFixed {\n        width: 32% !important;\n        left: 5%;\n    }\n    .recomendadorCloseFixed{\n        right: inherit !important;\n        left: 378px !important;\n    }\n}\n\n#recomendadorFixed {\n    width: 90%;\n    box-shadow: 0 10px 20px 0px #00000057;\n    display: none;\n    height: 90px;\n    background: #F6F6F6;\n    position: fixed;\n    flex-direction: row;\n    bottom: 10px;\n    z-index: 9999;\n    border-radius: 16px;\n    padding: 7px 10px;\n}\n\n.recomendadorLeftArea {\n    width: 160px;\n}\n\n.recomendadorRightArea h2 {\n    padding-top: 0px;\n    margin: 2px 0px 4px 0px !important;\n    font-weight: 400;\n    text-align: center;\n    padding-left: 0px !important;\n    color: #000 !important;\n    border-left: none !important;\n    line-height: 20px;\n    font-size: 12px !important;\n}\n\n.recomendadorImgFixed {\n    overflow: hidden;\n    padding: 8px 6px;\n    height: 100%;\n}\n\n.recomendadorImgFixed img {\n    height: 100% !important;\n    border-radius: 16px;\n}\n\n.recomendadorRightArea {\n    padding-top: 6px;\n    display: flex;\n    width: calc(100% - 130px);\n    justify-content: space-between;\n    align-items: center;\n    flex-direction: column;\n}\n\n.recomendadorButtonFixed {\n    margin: 0 auto;\n    background: #1D3557;\n    width: 80%;\n    text-align: center;\n    font-size: 10px;\n    color: #FFF;\n    padding: 2px 10px;\n    border-radius: 3px;\n}\n\n.recomendadorButtonFixed:after {\n    margin-top: -3px;\n    content: \"\u2192\";\n    padding: 0px 0px 0px 10px;\n}\n\n.recomendadorAlertFixed {\n    font-weight: 400;\n    text-align: center;\n    color: #484848;\n    font-size: 8px;\n}\n\n.recomendadorCloseFixed {\n    z-index: 99999;\n    display: none;\n    right: 0px;\n    left: inherit;\n    bottom: 99px;\n    position: fixed;\n    justify-content: center;\n    background: #F6F6F6;\n    width: 25px;\n    align-items: center;\n    height: 25px;\n    font-weight: 800;\n    border-radius: 50%;\n    border: 1px solid #EBEBEB;\n}\n\n.recomendadorV2Desc{\n    color: #000000;\n    margin: 20px 0px;\n}\n\n@media (max-width: 576px) {\n    .recomendadorV2Area {\n      padding: 10px;\n      max-width: 100%;\n    }\n  \n    .recomendadorV2Area1 img {\n      width: 100%;\n      border-radius: 6px;\n    }\n  \n    .recomendadorV2Area2 .recomendadorV2Type {\n      font-size: 9px;\n      letter-spacing: 1px;\n      margin: 8px 0;\n    }\n  \n    .recomendadorV2Title h2 {\n      font-size: 18px !important;\n      margin-bottom: 8px !important;\n      line-height: 1.2;\n    }\n  \n    .recomendadorV2Desc {\n      font-size: 14px;\n      margin: 8px 0 !important;\n      line-height: 1.4;\n    }\n  \n    .recomendadorV2Button {\n      font-size: 14px;\n      height: 40px;\n      padding: 0 12px;\n      max-width: 100%;\n      width: 100%;\n    }\n  \n    .recomendadorV2Button:after {\n      padding-left: 6px;\n    }\n  }\n  <\/style>\n        <div class=\"lazyblock-recomendador-v2-2jDGz wp-block-lazyblock-recomendador-v2\">\n        <a class=\"linkrecomendadorv2\" href=\"https:\/\/diariodocomercio.com.br\/mix\/menopausa-novo-remedio-promete-acabar-com-o-fogacho\/\">\n            <div class=\"recomendadorV2Area\">\n            <div class=\"recomendadorV2Area1\">\n                <div class=\"recomendadorV2Img\">\n                <img class=\"lazyloaded\" decoding=\"async\" src=\"https:\/\/diariodocomercio.com.br\/mix\/wp-content\/uploads\/2026\/03\/menopausa-calor.jpg\" data-src=\"https:\/\/diariodocomercio.com.br\/mix\/wp-content\/uploads\/2026\/03\/menopausa-calor.jpg\" alt=\"\">\n                <\/div>\n            <\/div>\n            <div class=\"recomendadorV2Area2\">\n                <div class=\"recomendadorV2Type\">\n                    <span>SA\u00daDE<\/span>\n                <\/div>\n                <div class=\"recomendadorV2Title\">\n                <h2><span>Menopausa: novo rem\u00e9dio promete acabar com o fogacho<\/span><\/h2>\n                <\/div>\n                <div class=\"recomendadorV2Desc\">\n                <span>O fogacho, as temidas ondas de calor, s\u00e3o um dos principais inc\u00f4modos para mulheres passando pela menopausa. No Reino Unido, \u2026<\/span>\n                <\/div>\n                <div class=\"recomendadorV2Button\">Leia mais<\/div>\n                <div class=\"recomendadorV2Alert\"><\/div>\n            <\/div>\n            <\/div>\n        <\/a>\n        <div>\n            <div style=\"z-index:99999;\" id=\"buttonClose\" onclick=\"closeRecomendadorFixed()\">\n            <div class=\"recomendadorCloseFixed\">X<\/div>\n            <\/div>\n            <a href=\"https:\/\/diariodocomercio.com.br\/mix\/menopausa-novo-remedio-promete-acabar-com-o-fogacho\/\">\n            <div class=\"recomendadorFixedArea\">\n                <div id=\"recomendadorFixed\">\n                <div class=\"recomendadorLeftArea\">\n                    <div class=\"recomendadorImgFixed\">\n                    <img class=\"lazyload\" decoding=\"async\" src=\"https:\/\/diariodocomercio.com.br\/mix\/wp-content\/uploads\/2026\/03\/menopausa-calor.jpg\" alt=\"\">\n                    <\/div>\n                <\/div>\n                <div class=\"recomendadorRightArea\">\n                    <div class=\"recomendadorTitleFixed\">\n                    <h2><span>Menopausa: novo rem\u00e9dio promete acabar com o fogacho<\/span><\/h2>\n                    <\/div>\n                    <div class=\"recomendadorButtonFixed\">Leia mais<\/div>\n                    <div class=\"recomendadorAlertFixed\"><\/div>\n                <\/div>\n                <\/div>\n            <\/div>\n            <\/a>\n        <\/div>\n        <\/div>\n","protected":false},"excerpt":{"rendered":"<p>M\u00e1rcia Sensitiva afirma que, em mar\u00e7o, os astros v\u00e3o ajudar esses dois signos sortudos a darem aquela turbinada na vida financeira e profissional.<\/p>\n","protected":false},"author":6,"featured_media":11319,"comment_status":"closed","ping_status":"closed","sticky":false,"template":"","format":"standard","meta":{"jnews-multi-image_gallery":[],"jnews_single_post":{"format":"standard"},"jnews_primary_category":[],"jnews_social_meta":[],"jnews_override_counter":[],"jnews_post_split":[],"footnotes":""},"categories":[1],"tags":[],"class_list":["post-38647","post","type-post","status-publish","format-standard","has-post-thumbnail","hentry","category-geral"],"_referencia":"","_links":{"self":[{"href":"https:\/\/diariodocomercio.com.br\/mix\/wp-json\/wp\/v2\/posts\/38647","targetHints":{"allow":["GET"]}}],"collection":[{"href":"https:\/\/diariodocomercio.com.br\/mix\/wp-json\/wp\/v2\/posts"}],"about":[{"href":"https:\/\/diariodocomercio.com.br\/mix\/wp-json\/wp\/v2\/types\/post"}],"author":[{"embeddable":true,"href":"https:\/\/diariodocomercio.com.br\/mix\/wp-json\/wp\/v2\/users\/6"}],"replies":[{"embeddable":true,"href":"https:\/\/diariodocomercio.com.br\/mix\/wp-json\/wp\/v2\/comments?post=38647"}],"version-history":[{"count":1,"href":"https:\/\/diariodocomercio.com.br\/mix\/wp-json\/wp\/v2\/posts\/38647\/revisions"}],"predecessor-version":[{"id":38648,"href":"https:\/\/diariodocomercio.com.br\/mix\/wp-json\/wp\/v2\/posts\/38647\/revisions\/38648"}],"wp:featuredmedia":[{"embeddable":true,"href":"https:\/\/diariodocomercio.com.br\/mix\/wp-json\/wp\/v2\/media\/11319"}],"wp:attachment":[{"href":"https:\/\/diariodocomercio.com.br\/mix\/wp-json\/wp\/v2\/media?parent=38647"}],"wp:term":[{"taxonomy":"category","embeddable":true,"href":"https:\/\/diariodocomercio.com.br\/mix\/wp-json\/wp\/v2\/categories?post=38647"},{"taxonomy":"post_tag","embeddable":true,"href":"https:\/\/diariodocomercio.com.br\/mix\/wp-json\/wp\/v2\/tags?post=38647"}],"curies":[{"name":"wp","href":"https:\/\/api.w.org\/{rel}","templated":true}]}}