{"id":38649,"date":"2026-03-17T08:08:24","date_gmt":"2026-03-17T11:08:24","guid":{"rendered":"https:\/\/diariodocomercio.com.br\/mix\/?p=38649"},"modified":"2026-03-17T08:08:26","modified_gmt":"2026-03-17T11:08:26","slug":"apos-maduro-trump-exige-que-outro-presidente-da-america-latina-renuncie-ao-cargo-politico","status":"publish","type":"post","link":"https:\/\/diariodocomercio.com.br\/mix\/apos-maduro-trump-exige-que-outro-presidente-da-america-latina-renuncie-ao-cargo-politico\/","title":{"rendered":"Ap\u00f3s Maduro, Trump exige que outro presidente da Am\u00e9rica Latina renuncie ao cargo pol\u00edtico"},"content":{"rendered":"\n<p>O presidente dos Estados Unidos, <strong>Donald Trump<\/strong>, voltou a gerar tens\u00e3o na Am\u00e9rica Latina ao pressionar publicamente pela <strong>sa\u00edda do presidente de Cuba, Miguel D\u00edaz-Canel<\/strong>, do cargo. A posi\u00e7\u00e3o ocorre ap\u00f3s a crise pol\u00edtica envolvendo a Venezuela e marca uma nova escalada nas rela\u00e7\u00f5es entre Washington e o governo cubano.<\/p>\n\n\n\n<p>De acordo com informa\u00e7\u00f5es divulgadas pela imprensa internacional, autoridades norte-americanas teriam indicado em negocia\u00e7\u00f5es com representantes cubanos que <strong>a ren\u00fancia de D\u00edaz-Canel seria um dos objetivos centrais nas conversas bilaterais<\/strong>.<\/p>\n\n\n\n<p>A tens\u00e3o acontece em um momento delicado para Cuba. O pa\u00eds enfrentou recentemente <strong>um colapso total da rede el\u00e9trica nacional<\/strong>, que deixou grande parte da popula\u00e7\u00e3o sem energia.<\/p>\n\n\n\n<p>A estatal <strong>Uni\u00f3n Nacional El\u00e9ctrica (UNE)<\/strong> confirmou o desligamento completo do sistema el\u00e9trico, afetando cerca de <strong>10 milh\u00f5es de habitantes<\/strong>. Parte da energia come\u00e7ou a ser restabelecida gradualmente, principalmente em hospitais e setores considerados essenciais.<\/p>\n\n\n\n<p>Segundo o governo cubano, o pa\u00eds tamb\u00e9m enfrenta <strong>escassez de combust\u00edveis<\/strong>, agravada ap\u00f3s a interrup\u00e7\u00e3o de envios de petr\u00f3leo da Venezuela.<\/p>\n\n\n<div class=\"wp-block-image\">\n<figure class=\"aligncenter size-full\"><img decoding=\"async\" width=\"770\" height=\"513\" src=\"https:\/\/diariodocomercio.com.br\/mix\/wp-content\/uploads\/2026\/03\/image-130.png\" alt=\"\" class=\"wp-image-38653\" srcset=\"https:\/\/diariodocomercio.com.br\/mix\/wp-content\/uploads\/2026\/03\/image-130.png 770w, https:\/\/diariodocomercio.com.br\/mix\/wp-content\/uploads\/2026\/03\/image-130-300x200.png 300w, https:\/\/diariodocomercio.com.br\/mix\/wp-content\/uploads\/2026\/03\/image-130-768x512.png 768w, https:\/\/diariodocomercio.com.br\/mix\/wp-content\/uploads\/2026\/03\/image-130-150x100.png 150w, https:\/\/diariodocomercio.com.br\/mix\/wp-content\/uploads\/2026\/03\/image-130-750x500.png 750w\" sizes=\"(max-width: 770px) 100vw, 770px\" \/><figcaption class=\"wp-element-caption\">Havana, Cuba (Reprodu\u00e7\u00e3o\/AFP)<\/figcaption><\/figure>\n<\/div>\n\n\n<h2 class=\"wp-block-heading\"><strong>Declara\u00e7\u00f5es aumentam press\u00e3o pol\u00edtica<\/strong><\/h2>\n\n\n\n<p>Durante conversa com jornalistas na Casa Branca, Trump afirmou que os Estados Unidos poderiam <strong>intervir de alguma forma na ilha caribenha<\/strong> diante da fragilidade econ\u00f4mica e energ\u00e9tica do pa\u00eds.<\/p>\n\n\n\n<blockquote class=\"wp-block-quote is-layout-flow wp-block-quote-is-layout-flow\">\n<p>\u201cEu acho que posso fazer o que quiser com Cuba, para dizer a verdade. Eles est\u00e3o muito enfraquecidos agora\u201d, declarou o presidente norte-americano.<\/p>\n<\/blockquote>\n\n\n\n<p>O mandat\u00e1rio tamb\u00e9m sugeriu a possibilidade de uma <strong>\u201ctomada amig\u00e1vel\u201d da ilha<\/strong>, embora n\u00e3o tenha detalhado como essa interven\u00e7\u00e3o ocorreria.<\/p>\n\n\n\n<p>A press\u00e3o sobre Cuba ocorre ap\u00f3s a crise pol\u00edtica envolvendo a <strong>Venezuela<\/strong>, onde Trump tamb\u00e9m havia defendido a sa\u00edda do presidente <strong>Nicol\u00e1s Maduro<\/strong> do poder.<\/p>\n\n\n\n<p>A economia cubana tem forte depend\u00eancia de combust\u00edveis venezuelanos, e a interrup\u00e7\u00e3o desses envios aumentou as dificuldades energ\u00e9ticas no pa\u00eds. Nos \u00faltimos meses, a ilha registrou <strong>apag\u00f5es frequentes e racionamento de energia<\/strong>, com impactos diretos na economia.<\/p>\n\n\n\n<h2 class=\"wp-block-heading\"><strong>Governo cubano rejeita interfer\u00eancia<\/strong><\/h2>\n\n\n\n<p>O presidente <strong>Miguel D\u00edaz-Canel<\/strong>, que assumiu o cargo em 2018 ap\u00f3s a era dos irm\u00e3os <strong>Fidel e Ra\u00fal Castro<\/strong>, afirmou que qualquer negocia\u00e7\u00e3o com os Estados Unidos deve ocorrer com <strong>respeito \u00e0 soberania e ao sistema pol\u00edtico cubano<\/strong>.<\/p>\n\n\n\n<p>Historicamente, Cuba rejeita qualquer tipo de interfer\u00eancia externa em seus assuntos internos, posi\u00e7\u00e3o que permanece desde a Revolu\u00e7\u00e3o Cubana de 1959.<\/p>\n\n\n\n<p>Especialistas apontam que a escalada de declara\u00e7\u00f5es pode aumentar ainda mais a <strong>tens\u00e3o diplom\u00e1tica entre os dois pa\u00edses<\/strong>, que j\u00e1 mant\u00eam rela\u00e7\u00f5es marcadas por d\u00e9cadas de embargos e disputas pol\u00edticas.<\/p>\n","protected":false},"excerpt":{"rendered":"<p>O presidente dos Estados Unidos, Donald Trump, voltou a gerar tens\u00e3o na Am\u00e9rica Latina ao pressionar publicamente pela sa\u00edda do presidente de Cuba, Miguel D\u00edaz-Canel, do cargo. A posi\u00e7\u00e3o ocorre ap\u00f3s a crise pol\u00edtica envolvendo a Venezuela e marca uma nova escalada nas rela\u00e7\u00f5es entre Washington e o governo cubano. De acordo com informa\u00e7\u00f5es divulgadas [&hellip;]<\/p>\n","protected":false},"author":9,"featured_media":38654,"comment_status":"closed","ping_status":"closed","sticky":false,"template":"","format":"standard","meta":{"jnews-multi-image_gallery":[],"jnews_single_post":{"format":"standard"},"jnews_primary_category":[],"jnews_social_meta":[],"jnews_override_counter":[],"jnews_post_split":[],"footnotes":""},"categories":[1],"tags":[],"class_list":["post-38649","post","type-post","status-publish","format-standard","has-post-thumbnail","hentry","category-geral"],"_referencia":"","_links":{"self":[{"href":"https:\/\/diariodocomercio.com.br\/mix\/wp-json\/wp\/v2\/posts\/38649","targetHints":{"allow":["GET"]}}],"collection":[{"href":"https:\/\/diariodocomercio.com.br\/mix\/wp-json\/wp\/v2\/posts"}],"about":[{"href":"https:\/\/diariodocomercio.com.br\/mix\/wp-json\/wp\/v2\/types\/post"}],"author":[{"embeddable":true,"href":"https:\/\/diariodocomercio.com.br\/mix\/wp-json\/wp\/v2\/users\/9"}],"replies":[{"embeddable":true,"href":"https:\/\/diariodocomercio.com.br\/mix\/wp-json\/wp\/v2\/comments?post=38649"}],"version-history":[{"count":1,"href":"https:\/\/diariodocomercio.com.br\/mix\/wp-json\/wp\/v2\/posts\/38649\/revisions"}],"predecessor-version":[{"id":38655,"href":"https:\/\/diariodocomercio.com.br\/mix\/wp-json\/wp\/v2\/posts\/38649\/revisions\/38655"}],"wp:featuredmedia":[{"embeddable":true,"href":"https:\/\/diariodocomercio.com.br\/mix\/wp-json\/wp\/v2\/media\/38654"}],"wp:attachment":[{"href":"https:\/\/diariodocomercio.com.br\/mix\/wp-json\/wp\/v2\/media?parent=38649"}],"wp:term":[{"taxonomy":"category","embeddable":true,"href":"https:\/\/diariodocomercio.com.br\/mix\/wp-json\/wp\/v2\/categories?post=38649"},{"taxonomy":"post_tag","embeddable":true,"href":"https:\/\/diariodocomercio.com.br\/mix\/wp-json\/wp\/v2\/tags?post=38649"}],"curies":[{"name":"wp","href":"https:\/\/api.w.org\/{rel}","templated":true}]}}