{"id":38650,"date":"2026-03-17T08:15:01","date_gmt":"2026-03-17T11:15:01","guid":{"rendered":"https:\/\/diariodocomercio.com.br\/mix\/?p=38650"},"modified":"2026-03-17T08:15:04","modified_gmt":"2026-03-17T11:15:04","slug":"nova-cerveja-da-ambev-sera-apresentada-em-evento-em-sao-paulo","status":"publish","type":"post","link":"https:\/\/diariodocomercio.com.br\/mix\/nova-cerveja-da-ambev-sera-apresentada-em-evento-em-sao-paulo\/","title":{"rendered":"Nova cerveja da Ambev ser\u00e1 apresentada em evento em S\u00e3o Paulo"},"content":{"rendered":"\n<p>Aproveitando a enorme repercuss\u00e3o do Lollapalooza 2026, que acontece neste fim de semana em S\u00e3o Paulo, a Ambev escolheu o evento de m\u00fasica para impulsionar a sua nova cerveja no mercado nacional. Criada na \u00c1frica do Sul e j\u00e1 testada no sul do Brasil, a Flying Fish \u00e9 uma cerveja saborizada que entra no mercado com os olhos focados na Gera\u00e7\u00e3o Z.<\/p>\n\n\n\n<details class=\"wp-block-details is-layout-flow wp-block-details-is-layout-flow\"><summary>Gera\u00e7\u00e3o Z<\/summary>\n<p>A Gera\u00e7\u00e3o Z engloba os nascidos aproximadamente entre 1997 e 2010, sucedendo os Millenials, e s\u00e3o a primeira gera\u00e7\u00e3o a crescer com internet e tecnologia desde a inf\u00e2ncia.<\/p>\n\n\n\n<h2 class=\"wp-block-heading\">Saiba mais sobre a nova cerveja da Ambev<\/h2>\n<\/details>\n\n\n\n<p>Em sua divulga\u00e7\u00e3o, a Ambev destaca que a Flying Fish \u00e9 uma cerveja que &#8220;voc\u00ea nem imaginava que queria&#8221;. <em>&#8220;Inspirada por uma gera\u00e7\u00e3o sem r\u00f3tulos, Flying Fish \u00e9 o convite para experimentar o inesperado, celebrar o diferente e se divertir sem regras&#8221;<\/em>, afirma o site oficial da empresa. O diferencial do novo r\u00f3tulo da Ambev \u00e9 que ela conta com um toque de lim\u00e3o, prometendo um equil\u00edbrio entre leveza, frescor e sabor. Segundo a Exame, ela lembra mais uma Beats do que outras cervejas tradicionais. No mercado sul-africano, onde ela j\u00e1 est\u00e1 consolidada, a Flying Fish j\u00e1 \u00e9 a quarta marca de cerveja mais consumida.<\/p>\n\n\n\n<p>O lan\u00e7amento faz parte de uma estrat\u00e9gia maior da empresa: a Beyond Beer (Al\u00e9m de Cerveja, em portugu\u00eas). Essa estrat\u00e9gia da Ambev \u00e9 montar um portf\u00f3lio de produtos al\u00e9m da cerveja tradicional para atrair novos perfis de consumo, com marcas como Beats, Mike&#8217;s e Brutal Fruit, considerando os h\u00e1bitos de consumo da Gera\u00e7\u00e3o Z, que consome menos \u00e1lcool do que gera\u00e7\u00f5es anteriores.<\/p>\n\n\n\n<figure class=\"wp-block-image size-large\"><img decoding=\"async\" width=\"1200\" height=\"593\" src=\"https:\/\/diariodocomercio.com.br\/mix\/wp-content\/uploads\/2026\/03\/flying-fish-cerveja-1200x593.webp\" alt=\"flying fish cerveja\" class=\"wp-image-38651\" srcset=\"https:\/\/diariodocomercio.com.br\/mix\/wp-content\/uploads\/2026\/03\/flying-fish-cerveja-1200x593.webp 1200w, https:\/\/diariodocomercio.com.br\/mix\/wp-content\/uploads\/2026\/03\/flying-fish-cerveja-300x148.webp 300w, https:\/\/diariodocomercio.com.br\/mix\/wp-content\/uploads\/2026\/03\/flying-fish-cerveja-768x380.webp 768w, https:\/\/diariodocomercio.com.br\/mix\/wp-content\/uploads\/2026\/03\/flying-fish-cerveja-1536x760.webp 1536w, https:\/\/diariodocomercio.com.br\/mix\/wp-content\/uploads\/2026\/03\/flying-fish-cerveja-150x74.webp 150w, https:\/\/diariodocomercio.com.br\/mix\/wp-content\/uploads\/2026\/03\/flying-fish-cerveja-750x371.webp 750w, https:\/\/diariodocomercio.com.br\/mix\/wp-content\/uploads\/2026\/03\/flying-fish-cerveja-1140x564.webp 1140w, https:\/\/diariodocomercio.com.br\/mix\/wp-content\/uploads\/2026\/03\/flying-fish-cerveja.webp 1638w\" sizes=\"(max-width: 1200px) 100vw, 1200px\" \/><figcaption class=\"wp-element-caption\">Imagem: divulga\u00e7\u00e3o\/Ambev<\/figcaption><\/figure>\n\n\n\n<style>@media (min-width: 992px) {\n    .recomendadorV2Area1 {\n        width: 280px;\n    }\n    .recomendadorV2Area2 {\n        padding: 0px 20px;\n        width: calc(100% - 280px);\n    }\n}\n\n@media (max-width: 992px) {\n    .recomendadorV2Button {\n        margin: 0 auto;\n    }\n    .recomendadorV2Area {\n        flex-direction: column;\n        text-align: center;\n    }\n    .recomendadorV2Area2 {\n        padding: 0px 20px;\n    }\n}\n\n.recomendadorV2Area {\n    background: #eeeeee3d;\n    border-radius: 10px;\n    padding: 15px;\n    display: flex;\n    margin: 15px auto;\n    border: 1px solid #00000014;\n    max-width: 800px;\n}\n\n.recomendadorV2Area1 img {\n    width: 280px;\n    height: auto;\n    border-radius: 8px;\n}\n\n.linkrecomendadorv2 {\n    text-decoration: none !important;\n}\n\n.recomendadorV2Area2 .recomendadorV2Type {\n    text-transform: uppercase;\n    font-weight: 500;\n    font-size: 11px;\n    letter-spacing: 2px;\n    color: #666;\n    margin: 12px 0;\n    display: block;\n}\n\n.recomendadorV2Title h2 {\n    padding-top: 0px !important;\n    margin: 0px !important;\n    border-left: none !important;\n    padding-left: 0px !important;\n    line-height: 1.3;\n    color: #000 !important;\n    font-size: 24px;\n    margin-bottom: 12px !important;\n}\n\n.recomendadorV2Desc {\n    color: #333;\n    margin: 12px 0px !important;\n    font-size: 15px;\n    line-height: 1.5;\n}\n\n.recomendadorV2Button {\n    width: auto;\n    max-width: 200px;\n    margin: 0;\n    display: inline-flex;\n    align-items: center;\n    background: #1D3557;\n    border-radius: 8px;\n    color: #fff;\n    height: 36px;\n    justify-content: center;\n    text-align: center;\n    font-size: 14px;\n    padding: 0 20px;\n    transition: background-color 0.2s ease;\n}\n\n.recomendadorV2Button:hover {\n    background: #2a4d7a;\n}\n\n.recomendadorV2Button:after {\n    margin-top: -2px;\n    content: \"\u2192\";\n    padding: 0px 0px 0px 8px;\n}\n\n.recomendadorV2Alert {\n    text-align: left;\n    font-size: 11px;\n    margin-top: 8px;\n    color: #666;\n}\n\n.recomendadorFixedArea {\n    width: 100%;\n    display: flex;\n    justify-content: center;\n    align-items: center;\n}\n\n@media (min-width: 992px) {\n    #recomendadorFixed {\n        width: 32% !important;\n        left: 5%;\n    }\n    .recomendadorCloseFixed{\n        right: inherit !important;\n        left: 378px !important;\n    }\n}\n\n#recomendadorFixed {\n    width: 90%;\n    box-shadow: 0 10px 20px 0px #00000057;\n    display: none;\n    height: 90px;\n    background: #F6F6F6;\n    position: fixed;\n    flex-direction: row;\n    bottom: 10px;\n    z-index: 9999;\n    border-radius: 16px;\n    padding: 7px 10px;\n}\n\n.recomendadorLeftArea {\n    width: 160px;\n}\n\n.recomendadorRightArea h2 {\n    padding-top: 0px;\n    margin: 2px 0px 4px 0px !important;\n    font-weight: 400;\n    text-align: center;\n    padding-left: 0px !important;\n    color: #000 !important;\n    border-left: none !important;\n    line-height: 20px;\n    font-size: 12px !important;\n}\n\n.recomendadorImgFixed {\n    overflow: hidden;\n    padding: 8px 6px;\n    height: 100%;\n}\n\n.recomendadorImgFixed img {\n    height: 100% !important;\n    border-radius: 16px;\n}\n\n.recomendadorRightArea {\n    padding-top: 6px;\n    display: flex;\n    width: calc(100% - 130px);\n    justify-content: space-between;\n    align-items: center;\n    flex-direction: column;\n}\n\n.recomendadorButtonFixed {\n    margin: 0 auto;\n    background: #1D3557;\n    width: 80%;\n    text-align: center;\n    font-size: 10px;\n    color: #FFF;\n    padding: 2px 10px;\n    border-radius: 3px;\n}\n\n.recomendadorButtonFixed:after {\n    margin-top: -3px;\n    content: \"\u2192\";\n    padding: 0px 0px 0px 10px;\n}\n\n.recomendadorAlertFixed {\n    font-weight: 400;\n    text-align: center;\n    color: #484848;\n    font-size: 8px;\n}\n\n.recomendadorCloseFixed {\n    z-index: 99999;\n    display: none;\n    right: 0px;\n    left: inherit;\n    bottom: 99px;\n    position: fixed;\n    justify-content: center;\n    background: #F6F6F6;\n    width: 25px;\n    align-items: center;\n    height: 25px;\n    font-weight: 800;\n    border-radius: 50%;\n    border: 1px solid #EBEBEB;\n}\n\n.recomendadorV2Desc{\n    color: #000000;\n    margin: 20px 0px;\n}\n\n@media (max-width: 576px) {\n    .recomendadorV2Area {\n      padding: 10px;\n      max-width: 100%;\n    }\n  \n    .recomendadorV2Area1 img {\n      width: 100%;\n      border-radius: 6px;\n    }\n  \n    .recomendadorV2Area2 .recomendadorV2Type {\n      font-size: 9px;\n      letter-spacing: 1px;\n      margin: 8px 0;\n    }\n  \n    .recomendadorV2Title h2 {\n      font-size: 18px !important;\n      margin-bottom: 8px !important;\n      line-height: 1.2;\n    }\n  \n    .recomendadorV2Desc {\n      font-size: 14px;\n      margin: 8px 0 !important;\n      line-height: 1.4;\n    }\n  \n    .recomendadorV2Button {\n      font-size: 14px;\n      height: 40px;\n      padding: 0 12px;\n      max-width: 100%;\n      width: 100%;\n    }\n  \n    .recomendadorV2Button:after {\n      padding-left: 6px;\n    }\n  }\n  <\/style>\n        <div class=\"lazyblock-recomendador-v2-2jDGz wp-block-lazyblock-recomendador-v2\">\n        <a class=\"linkrecomendadorv2\" href=\"https:\/\/diariodocomercio.com.br\/mix\/2-signos-podem-ficar-com-a-conta-turbinada-no-fim-de-marco-revela-a-vidente-marcia-sensitiva\/\">\n            <div class=\"recomendadorV2Area\">\n            <div class=\"recomendadorV2Area1\">\n                <div class=\"recomendadorV2Img\">\n                <img class=\"lazyloaded\" decoding=\"async\" src=\"https:\/\/diariodocomercio.com.br\/mix\/wp-content\/uploads\/2025\/06\/marcia-sensitiva.jpg\" data-src=\"https:\/\/diariodocomercio.com.br\/mix\/wp-content\/uploads\/2025\/06\/marcia-sensitiva.jpg\" alt=\"\">\n                <\/div>\n            <\/div>\n            <div class=\"recomendadorV2Area2\">\n                <div class=\"recomendadorV2Type\">\n                    <span>SIGNOS<\/span>\n                <\/div>\n                <div class=\"recomendadorV2Title\">\n                <h2><span>2 signos podem ficar com a conta turbinada no fim de mar\u00e7o, revela a vidente M\u00e1rcia Sensitiva<\/span><\/h2>\n                <\/div>\n                <div class=\"recomendadorV2Desc\">\n                <span>M\u00e1rcia Sensitiva afirma que, em mar\u00e7o, os astros v\u00e3o ajudar esses dois signos sortudos a darem aquela turbinada na vida \u2026<\/span>\n                <\/div>\n                <div class=\"recomendadorV2Button\">Leia mais<\/div>\n                <div class=\"recomendadorV2Alert\"><\/div>\n            <\/div>\n            <\/div>\n        <\/a>\n        <div>\n            <div style=\"z-index:99999;\" id=\"buttonClose\" onclick=\"closeRecomendadorFixed()\">\n            <div class=\"recomendadorCloseFixed\">X<\/div>\n            <\/div>\n            <a href=\"https:\/\/diariodocomercio.com.br\/mix\/2-signos-podem-ficar-com-a-conta-turbinada-no-fim-de-marco-revela-a-vidente-marcia-sensitiva\/\">\n            <div class=\"recomendadorFixedArea\">\n                <div id=\"recomendadorFixed\">\n                <div class=\"recomendadorLeftArea\">\n                    <div class=\"recomendadorImgFixed\">\n                    <img class=\"lazyload\" decoding=\"async\" src=\"https:\/\/diariodocomercio.com.br\/mix\/wp-content\/uploads\/2025\/06\/marcia-sensitiva.jpg\" alt=\"\">\n                    <\/div>\n                <\/div>\n                <div class=\"recomendadorRightArea\">\n                    <div class=\"recomendadorTitleFixed\">\n                    <h2><span>2 signos podem ficar com a conta turbinada no fim de mar\u00e7o, revela a vidente M\u00e1rcia Sensitiva<\/span><\/h2>\n                    <\/div>\n                    <div class=\"recomendadorButtonFixed\">Leia mais<\/div>\n                    <div class=\"recomendadorAlertFixed\"><\/div>\n                <\/div>\n                <\/div>\n            <\/div>\n            <\/a>\n        <\/div>\n        <\/div>\n","protected":false},"excerpt":{"rendered":"<p>A Ambev vai aproveitar um dos maiores eventos de m\u00fasica do Brasil, que acontece neste fim de semana, para impulsionar sua nova cerveja.<\/p>\n","protected":false},"author":6,"featured_media":24293,"comment_status":"closed","ping_status":"closed","sticky":false,"template":"","format":"standard","meta":{"jnews-multi-image_gallery":[],"jnews_single_post":{"format":"standard"},"jnews_primary_category":[],"jnews_social_meta":[],"jnews_override_counter":[],"jnews_post_split":[],"footnotes":""},"categories":[1],"tags":[],"class_list":["post-38650","post","type-post","status-publish","format-standard","has-post-thumbnail","hentry","category-geral"],"_referencia":"","_links":{"self":[{"href":"https:\/\/diariodocomercio.com.br\/mix\/wp-json\/wp\/v2\/posts\/38650","targetHints":{"allow":["GET"]}}],"collection":[{"href":"https:\/\/diariodocomercio.com.br\/mix\/wp-json\/wp\/v2\/posts"}],"about":[{"href":"https:\/\/diariodocomercio.com.br\/mix\/wp-json\/wp\/v2\/types\/post"}],"author":[{"embeddable":true,"href":"https:\/\/diariodocomercio.com.br\/mix\/wp-json\/wp\/v2\/users\/6"}],"replies":[{"embeddable":true,"href":"https:\/\/diariodocomercio.com.br\/mix\/wp-json\/wp\/v2\/comments?post=38650"}],"version-history":[{"count":1,"href":"https:\/\/diariodocomercio.com.br\/mix\/wp-json\/wp\/v2\/posts\/38650\/revisions"}],"predecessor-version":[{"id":38657,"href":"https:\/\/diariodocomercio.com.br\/mix\/wp-json\/wp\/v2\/posts\/38650\/revisions\/38657"}],"wp:featuredmedia":[{"embeddable":true,"href":"https:\/\/diariodocomercio.com.br\/mix\/wp-json\/wp\/v2\/media\/24293"}],"wp:attachment":[{"href":"https:\/\/diariodocomercio.com.br\/mix\/wp-json\/wp\/v2\/media?parent=38650"}],"wp:term":[{"taxonomy":"category","embeddable":true,"href":"https:\/\/diariodocomercio.com.br\/mix\/wp-json\/wp\/v2\/categories?post=38650"},{"taxonomy":"post_tag","embeddable":true,"href":"https:\/\/diariodocomercio.com.br\/mix\/wp-json\/wp\/v2\/tags?post=38650"}],"curies":[{"name":"wp","href":"https:\/\/api.w.org\/{rel}","templated":true}]}}