{"id":38656,"date":"2026-03-17T08:25:24","date_gmt":"2026-03-17T11:25:24","guid":{"rendered":"https:\/\/diariodocomercio.com.br\/mix\/?p=38656"},"modified":"2026-03-18T17:42:04","modified_gmt":"2026-03-18T20:42:04","slug":"inss-de-abril-vai-chegar-com-pagamento-triplo-para-aposentados","status":"publish","type":"post","link":"https:\/\/diariodocomercio.com.br\/mix\/inss-de-abril-vai-chegar-com-pagamento-triplo-para-aposentados\/","title":{"rendered":"INSS de abril vai chegar com pagamento triplo para aposentados"},"content":{"rendered":"\n<p>A folha de pagamentos do <strong>INSS prevista para abril<\/strong> pode trazer um al\u00edvio financeiro para milh\u00f5es de aposentados e pensionistas. Al\u00e9m do benef\u00edcio mensal, parte dos segurados poder\u00e1 receber <strong>a primeira parcela do 13\u00ba sal\u00e1rio antecipado<\/strong> e tamb\u00e9m <strong>valores devolvidos por descontos associativos considerados indevidos<\/strong>, o que pode resultar em um pagamento triplo no per\u00edodo.<\/p>\n\n\n\n<p>A medida envolve diferentes iniciativas do governo federal e do Instituto Nacional do Seguro Social que devem beneficiar <strong>cerca de 35 milh\u00f5es de segurados<\/strong> em todo o pa\u00eds.<\/p>\n\n\n\n<p>O governo federal estuda antecipar o <strong>13\u00ba sal\u00e1rio dos benefici\u00e1rios do INSS<\/strong> para os meses de abril e maio. A proposta prev\u00ea o pagamento em <strong>duas parcelas de 50%<\/strong>, sendo a primeira inclu\u00edda na folha de abril e a segunda em maio.<\/p>\n\n\n\n<p>Caso o decreto presidencial seja publicado at\u00e9 o in\u00edcio de abril, a antecipa\u00e7\u00e3o dever\u00e1 <strong>injetar aproximadamente R$ 78 bilh\u00f5es na economia brasileira<\/strong>.<\/p>\n\n\n<style>@media (min-width: 992px) {\n    .recomendadorV2Area1 {\n        width: 280px;\n    }\n    .recomendadorV2Area2 {\n        padding: 0px 20px;\n        width: calc(100% - 280px);\n    }\n}\n\n@media (max-width: 992px) {\n    .recomendadorV2Button {\n        margin: 0 auto;\n    }\n    .recomendadorV2Area {\n        flex-direction: column;\n        text-align: center;\n    }\n    .recomendadorV2Area2 {\n        padding: 0px 20px;\n    }\n}\n\n.recomendadorV2Area {\n    background: #eeeeee3d;\n    border-radius: 10px;\n    padding: 15px;\n    display: flex;\n    margin: 15px auto;\n    border: 1px solid #00000014;\n    max-width: 800px;\n}\n\n.recomendadorV2Area1 img {\n    width: 280px;\n    height: auto;\n    border-radius: 8px;\n}\n\n.linkrecomendadorv2 {\n    text-decoration: none !important;\n}\n\n.recomendadorV2Area2 .recomendadorV2Type {\n    text-transform: uppercase;\n    font-weight: 500;\n    font-size: 11px;\n    letter-spacing: 2px;\n    color: #666;\n    margin: 12px 0;\n    display: block;\n}\n\n.recomendadorV2Title h2 {\n    padding-top: 0px !important;\n    margin: 0px !important;\n    border-left: none !important;\n    padding-left: 0px !important;\n    line-height: 1.3;\n    color: #000 !important;\n    font-size: 24px;\n    margin-bottom: 12px !important;\n}\n\n.recomendadorV2Desc {\n    color: #333;\n    margin: 12px 0px !important;\n    font-size: 15px;\n    line-height: 1.5;\n}\n\n.recomendadorV2Button {\n    width: auto;\n    max-width: 200px;\n    margin: 0;\n    display: inline-flex;\n    align-items: center;\n    background: #1D3557;\n    border-radius: 8px;\n    color: #fff;\n    height: 36px;\n    justify-content: center;\n    text-align: center;\n    font-size: 14px;\n    padding: 0 20px;\n    transition: background-color 0.2s ease;\n}\n\n.recomendadorV2Button:hover {\n    background: #2a4d7a;\n}\n\n.recomendadorV2Button:after {\n    margin-top: -2px;\n    content: \"\u2192\";\n    padding: 0px 0px 0px 8px;\n}\n\n.recomendadorV2Alert {\n    text-align: left;\n    font-size: 11px;\n    margin-top: 8px;\n    color: #666;\n}\n\n.recomendadorFixedArea {\n    width: 100%;\n    display: flex;\n    justify-content: center;\n    align-items: center;\n}\n\n@media (min-width: 992px) {\n    #recomendadorFixed {\n        width: 32% !important;\n        left: 5%;\n    }\n    .recomendadorCloseFixed{\n        right: inherit !important;\n        left: 378px !important;\n    }\n}\n\n#recomendadorFixed {\n    width: 90%;\n    box-shadow: 0 10px 20px 0px #00000057;\n    display: none;\n    height: 90px;\n    background: #F6F6F6;\n    position: fixed;\n    flex-direction: row;\n    bottom: 10px;\n    z-index: 9999;\n    border-radius: 16px;\n    padding: 7px 10px;\n}\n\n.recomendadorLeftArea {\n    width: 160px;\n}\n\n.recomendadorRightArea h2 {\n    padding-top: 0px;\n    margin: 2px 0px 4px 0px !important;\n    font-weight: 400;\n    text-align: center;\n    padding-left: 0px !important;\n    color: #000 !important;\n    border-left: none !important;\n    line-height: 20px;\n    font-size: 12px !important;\n}\n\n.recomendadorImgFixed {\n    overflow: hidden;\n    padding: 8px 6px;\n    height: 100%;\n}\n\n.recomendadorImgFixed img {\n    height: 100% !important;\n    border-radius: 16px;\n}\n\n.recomendadorRightArea {\n    padding-top: 6px;\n    display: flex;\n    width: calc(100% - 130px);\n    justify-content: space-between;\n    align-items: center;\n    flex-direction: column;\n}\n\n.recomendadorButtonFixed {\n    margin: 0 auto;\n    background: #1D3557;\n    width: 80%;\n    text-align: center;\n    font-size: 10px;\n    color: #FFF;\n    padding: 2px 10px;\n    border-radius: 3px;\n}\n\n.recomendadorButtonFixed:after {\n    margin-top: -3px;\n    content: \"\u2192\";\n    padding: 0px 0px 0px 10px;\n}\n\n.recomendadorAlertFixed {\n    font-weight: 400;\n    text-align: center;\n    color: #484848;\n    font-size: 8px;\n}\n\n.recomendadorCloseFixed {\n    z-index: 99999;\n    display: none;\n    right: 0px;\n    left: inherit;\n    bottom: 99px;\n    position: fixed;\n    justify-content: center;\n    background: #F6F6F6;\n    width: 25px;\n    align-items: center;\n    height: 25px;\n    font-weight: 800;\n    border-radius: 50%;\n    border: 1px solid #EBEBEB;\n}\n\n.recomendadorV2Desc{\n    color: #000000;\n    margin: 20px 0px;\n}\n\n@media (max-width: 576px) {\n    .recomendadorV2Area {\n      padding: 10px;\n      max-width: 100%;\n    }\n  \n    .recomendadorV2Area1 img {\n      width: 100%;\n      border-radius: 6px;\n    }\n  \n    .recomendadorV2Area2 .recomendadorV2Type {\n      font-size: 9px;\n      letter-spacing: 1px;\n      margin: 8px 0;\n    }\n  \n    .recomendadorV2Title h2 {\n      font-size: 18px !important;\n      margin-bottom: 8px !important;\n      line-height: 1.2;\n    }\n  \n    .recomendadorV2Desc {\n      font-size: 14px;\n      margin: 8px 0 !important;\n      line-height: 1.4;\n    }\n  \n    .recomendadorV2Button {\n      font-size: 14px;\n      height: 40px;\n      padding: 0 12px;\n      max-width: 100%;\n      width: 100%;\n    }\n  \n    .recomendadorV2Button:after {\n      padding-left: 6px;\n    }\n  }\n  <\/style>\n        <div class=\"lazyblock-recomendador-v2-2jDGz wp-block-lazyblock-recomendador-v2\">\n        <a class=\"linkrecomendadorv2\" href=\"https:\/\/diariodocomercio.com.br\/mix\/atencao-aposentado-veja-quanto-voce-recebera-na-primeira-parcela-do-13o-salario-do-inss\/?utm_source=lazy\">\n            <div class=\"recomendadorV2Area\">\n            <div class=\"recomendadorV2Area1\">\n                <div class=\"recomendadorV2Img\">\n                <img class=\"lazyloaded\" decoding=\"async\" src=\"https:\/\/diariodocomercio.com.br\/mix\/wp-content\/uploads\/2025\/04\/inss-pode-bloquear-sua-aposentadoria-por-isso-750x375.jpg\" data-src=\"https:\/\/diariodocomercio.com.br\/mix\/wp-content\/uploads\/2025\/04\/inss-pode-bloquear-sua-aposentadoria-por-isso-750x375.jpg\" alt=\"\">\n                <\/div>\n            <\/div>\n            <div class=\"recomendadorV2Area2\">\n                <div class=\"recomendadorV2Type\">\n                    <span>INSS alerta<\/span>\n                <\/div>\n                <div class=\"recomendadorV2Title\">\n                <h2><span>13\u00ba sai \ud83d\udcb0<\/span><\/h2>\n                <\/div>\n                <div class=\"recomendadorV2Desc\">\n                <span>Veja valor da 1\u00aa parcela do benef\u00edcio<\/span>\n                <\/div>\n                <div class=\"recomendadorV2Button\">Confira agora<\/div>\n                <div class=\"recomendadorV2Alert\"><\/div>\n            <\/div>\n            <\/div>\n        <\/a>\n        <div>\n            <div style=\"z-index:99999;\" id=\"buttonClose\" onclick=\"closeRecomendadorFixed()\">\n            <div class=\"recomendadorCloseFixed\">X<\/div>\n            <\/div>\n            <a href=\"https:\/\/diariodocomercio.com.br\/mix\/atencao-aposentado-veja-quanto-voce-recebera-na-primeira-parcela-do-13o-salario-do-inss\/?utm_source=lazy\">\n            <div class=\"recomendadorFixedArea\">\n                <div id=\"recomendadorFixed\">\n                <div class=\"recomendadorLeftArea\">\n                    <div class=\"recomendadorImgFixed\">\n                    <img class=\"lazyload\" decoding=\"async\" src=\"https:\/\/diariodocomercio.com.br\/mix\/wp-content\/uploads\/2025\/04\/inss-pode-bloquear-sua-aposentadoria-por-isso-750x375.jpg\" alt=\"\">\n                    <\/div>\n                <\/div>\n                <div class=\"recomendadorRightArea\">\n                    <div class=\"recomendadorTitleFixed\">\n                    <h2><span>13\u00ba sai \ud83d\udcb0<\/span><\/h2>\n                    <\/div>\n                    <div class=\"recomendadorButtonFixed\">Confira agora<\/div>\n                    <div class=\"recomendadorAlertFixed\"><\/div>\n                <\/div>\n                <\/div>\n            <\/div>\n            <\/a>\n        <\/div>\n        <\/div>\n\n\n\n<p>T\u00eam direito ao abono anual segurados que recebem:<\/p>\n\n\n\n<ul class=\"wp-block-list\">\n<li>Aposentadoria<\/li>\n\n\n\n<li>Pens\u00e3o por morte<\/li>\n\n\n\n<li>Aux\u00edlio por incapacidade tempor\u00e1ria (antigo aux\u00edlio-doen\u00e7a)<\/li>\n\n\n\n<li>Aux\u00edlio-acidente<\/li>\n\n\n\n<li>Aux\u00edlio-reclus\u00e3o<\/li>\n<\/ul>\n\n\n\n<p>Benefici\u00e1rios do <strong>Benef\u00edcio de Presta\u00e7\u00e3o Continuada (BPC)<\/strong> n\u00e3o recebem o 13\u00ba sal\u00e1rio.<\/p>\n\n\n\n<h2 class=\"wp-block-heading\"><strong>Devolu\u00e7\u00e3o de descontos indevidos<\/strong><\/h2>\n\n\n\n<p>Outro fator que pode aumentar o valor recebido em abril \u00e9 o <strong>ressarcimento de descontos associativos n\u00e3o autorizados<\/strong> feitos nos benef\u00edcios previdenci\u00e1rios.<\/p>\n\n\n\n<p>Aposentados e pensionistas t\u00eam <strong>at\u00e9 sexta-feira, 20 de mar\u00e7o<\/strong>, para contestar essas cobran\u00e7as e participar do acordo administrativo de devolu\u00e7\u00e3o oferecido pelo governo.<\/p>\n\n\n\n<p>O procedimento pode ser feito por:<\/p>\n\n\n\n<ul class=\"wp-block-list\">\n<li>Aplicativo ou site <strong>Meu INSS<\/strong><\/li>\n\n\n\n<li><strong>Central telef\u00f4nica 135<\/strong><\/li>\n\n\n\n<li><strong>Ag\u00eancias dos Correios<\/strong><\/li>\n<\/ul>\n\n\n\n<p>At\u00e9 agora, <strong>mais de 6,3 milh\u00f5es de benefici\u00e1rios<\/strong> j\u00e1 contestaram os descontos, e cerca de <strong>4,3 milh\u00f5es aderiram ao acordo<\/strong>. O total devolvido j\u00e1 ultrapassa <strong>R$ 2,9 bilh\u00f5es<\/strong>.<\/p>\n\n\n\n<p>Ap\u00f3s a contesta\u00e7\u00e3o, a entidade respons\u00e1vel pelo desconto tem <strong>at\u00e9 15 dias \u00fateis para responder<\/strong>. Caso n\u00e3o apresente justificativa ou documenta\u00e7\u00e3o v\u00e1lida, o segurado poder\u00e1 aderir ao acordo e receber os valores corrigidos.<\/p>\n\n\n\n<p>Como muitos pedidos est\u00e3o sendo feitos neste m\u00eas, parte das devolu\u00e7\u00f5es pode ocorrer <strong>j\u00e1 no pagamento de abril<\/strong>, dependendo da an\u00e1lise de cada caso.<\/p>\n\n\n\n<h2 class=\"wp-block-heading\"><strong>Poss\u00edvel refor\u00e7o no benef\u00edcio<\/strong><\/h2>\n\n\n\n<p>Com a soma do pagamento regular do benef\u00edcio, da primeira parcela do 13\u00ba sal\u00e1rio e, em alguns casos, da devolu\u00e7\u00e3o de descontos indevidos, alguns aposentados poder\u00e3o ver o valor depositado triplicar no pr\u00f3ximo pagamento do INSS.<\/p>\n\n\n\n<p>O calend\u00e1rio oficial segue o padr\u00e3o tradicional do instituto, com dep\u00f3sitos realizados entre o fim de abril e o in\u00edcio de maio, conforme o n\u00famero final do cart\u00e3o do benef\u00edcio.<\/p>\n","protected":false},"excerpt":{"rendered":"<p>A folha de pagamentos do INSS prevista para abril pode trazer um al\u00edvio financeiro para milh\u00f5es de aposentados e pensionistas. Al\u00e9m do benef\u00edcio mensal, parte dos segurados poder\u00e1 receber a primeira parcela do 13\u00ba sal\u00e1rio antecipado e tamb\u00e9m valores devolvidos por descontos associativos considerados indevidos, o que pode resultar em um pagamento triplo no per\u00edodo. [&hellip;]<\/p>\n","protected":false},"author":9,"featured_media":5211,"comment_status":"closed","ping_status":"closed","sticky":false,"template":"","format":"standard","meta":{"jnews-multi-image_gallery":[],"jnews_single_post":{"format":"standard"},"jnews_primary_category":[],"jnews_social_meta":[],"jnews_override_counter":[],"jnews_post_split":[],"footnotes":""},"categories":[1],"tags":[],"class_list":["post-38656","post","type-post","status-publish","format-standard","has-post-thumbnail","hentry","category-geral"],"_referencia":"","_links":{"self":[{"href":"https:\/\/diariodocomercio.com.br\/mix\/wp-json\/wp\/v2\/posts\/38656","targetHints":{"allow":["GET"]}}],"collection":[{"href":"https:\/\/diariodocomercio.com.br\/mix\/wp-json\/wp\/v2\/posts"}],"about":[{"href":"https:\/\/diariodocomercio.com.br\/mix\/wp-json\/wp\/v2\/types\/post"}],"author":[{"embeddable":true,"href":"https:\/\/diariodocomercio.com.br\/mix\/wp-json\/wp\/v2\/users\/9"}],"replies":[{"embeddable":true,"href":"https:\/\/diariodocomercio.com.br\/mix\/wp-json\/wp\/v2\/comments?post=38656"}],"version-history":[{"count":2,"href":"https:\/\/diariodocomercio.com.br\/mix\/wp-json\/wp\/v2\/posts\/38656\/revisions"}],"predecessor-version":[{"id":38942,"href":"https:\/\/diariodocomercio.com.br\/mix\/wp-json\/wp\/v2\/posts\/38656\/revisions\/38942"}],"wp:featuredmedia":[{"embeddable":true,"href":"https:\/\/diariodocomercio.com.br\/mix\/wp-json\/wp\/v2\/media\/5211"}],"wp:attachment":[{"href":"https:\/\/diariodocomercio.com.br\/mix\/wp-json\/wp\/v2\/media?parent=38656"}],"wp:term":[{"taxonomy":"category","embeddable":true,"href":"https:\/\/diariodocomercio.com.br\/mix\/wp-json\/wp\/v2\/categories?post=38656"},{"taxonomy":"post_tag","embeddable":true,"href":"https:\/\/diariodocomercio.com.br\/mix\/wp-json\/wp\/v2\/tags?post=38656"}],"curies":[{"name":"wp","href":"https:\/\/api.w.org\/{rel}","templated":true}]}}