{"id":38660,"date":"2026-03-17T08:33:28","date_gmt":"2026-03-17T11:33:28","guid":{"rendered":"https:\/\/diariodocomercio.com.br\/mix\/?p=38660"},"modified":"2026-03-17T08:33:30","modified_gmt":"2026-03-17T11:33:30","slug":"quantos-filhos-neymar-tem-veja-quem-sao-os-herdeiros-do-jogador","status":"publish","type":"post","link":"https:\/\/diariodocomercio.com.br\/mix\/quantos-filhos-neymar-tem-veja-quem-sao-os-herdeiros-do-jogador\/","title":{"rendered":"Quantos filhos Neymar tem? Veja quem s\u00e3o os herdeiros do jogador"},"content":{"rendered":"\n<p>O jogador <strong>Neymar Jr.<\/strong>, atualmente no <strong>Santos<\/strong>, \u00e9 pai de <strong>quatro filhos<\/strong>. O assunto voltou a ganhar destaque ap\u00f3s o atleta publicar nas redes sociais uma imagem de <strong>uma chuteira personalizada com os nomes das crian\u00e7as<\/strong>, refor\u00e7ando o v\u00ednculo que mant\u00e9m com a fam\u00edlia.<\/p>\n\n\n\n<p>Na foto divulgada pelo craque, aparecem os nomes <strong>Davi Lucca, Mavie, Helena e Mel<\/strong>, organizados de acordo com a ordem de nascimento. O item foi criado especialmente para o jogador utilizar em campo.<\/p>\n\n\n\n<p>O primog\u00eanito do jogador \u00e9 <strong>Davi Lucca<\/strong>, nascido em 2011, fruto do relacionamento de Neymar com <strong>Carol Dantas<\/strong>. Hoje com 14 anos, o adolescente vive em <strong>Barcelona, na Espanha<\/strong>, com a m\u00e3e e o padrasto, mas costuma visitar o pai no Brasil em datas especiais.<\/p>\n\n\n\n<p>A segunda filha do atleta \u00e9 <strong>Mavie<\/strong>, nascida em 2023, do relacionamento com a influenciadora <strong>Bruna Biancardi<\/strong>. A menina aparece com frequ\u00eancia nas redes sociais do casal e costuma participar de momentos familiares divulgados pelo jogador.<\/p>\n\n\n\n<p>J\u00e1 <strong>Helena<\/strong>, terceira filha do atacante, nasceu em <strong>2024<\/strong>. Ela \u00e9 fruto da rela\u00e7\u00e3o de Neymar com a modelo <strong>Amanda Kimberlly<\/strong> e vive em <strong>S\u00e3o Paulo<\/strong> com a m\u00e3e, visitando o pai periodicamente.<\/p>\n\n\n\n<p>A ca\u00e7ula da fam\u00edlia \u00e9 <strong>Mel<\/strong>, nascida em <strong>2025<\/strong>, tamb\u00e9m filha de Neymar com <strong>Bruna Biancardi<\/strong>.<\/p>\n\n\n<div class=\"wp-block-image\">\n<figure class=\"aligncenter size-full\"><img decoding=\"async\" width=\"615\" height=\"461\" src=\"https:\/\/diariodocomercio.com.br\/mix\/wp-content\/uploads\/2026\/03\/image-132.png\" alt=\"\" class=\"wp-image-38662\" srcset=\"https:\/\/diariodocomercio.com.br\/mix\/wp-content\/uploads\/2026\/03\/image-132.png 615w, https:\/\/diariodocomercio.com.br\/mix\/wp-content\/uploads\/2026\/03\/image-132-300x225.png 300w, https:\/\/diariodocomercio.com.br\/mix\/wp-content\/uploads\/2026\/03\/image-132-150x112.png 150w\" sizes=\"(max-width: 615px) 100vw, 615px\" \/><figcaption class=\"wp-element-caption\">(Reprodu\u00e7\u00e3o\/Instagram\/@neymarjr)<\/figcaption><\/figure>\n<\/div>\n\n\n<h2 class=\"wp-block-heading\"><strong>Desafio de conciliar carreira e paternidade<\/strong><\/h2>\n\n\n\n<p>Em entrevistas recentes, Neymar comentou sobre as dificuldades de conciliar a carreira no futebol com a presen\u00e7a constante na vida dos filhos, principalmente por conta da dist\u00e2ncia geogr\u00e1fica entre eles.<\/p>\n\n\n\n<p>Segundo o jogador, dois dos herdeiros vivem em cidades diferentes. <strong>Davi Lucca mora em Barcelona<\/strong>, enquanto <strong>Helena reside em S\u00e3o Paulo<\/strong>, o que dificulta o conv\u00edvio di\u00e1rio. J\u00e1 <strong>Mavie e Mel<\/strong> vivem mais pr\u00f3ximas do atleta, que atualmente mora no litoral paulista.<\/p>\n\n\n\n<p>Apesar da rotina intensa do futebol, Neymar costuma demonstrar nas redes sociais que faz quest\u00e3o de <strong>manter contato frequente com todos os filhos<\/strong> e participar de momentos importantes da vida de cada um.<\/p>\n","protected":false},"excerpt":{"rendered":"<p>O jogador Neymar Jr., atualmente no Santos, \u00e9 pai de quatro filhos. O assunto voltou a ganhar destaque ap\u00f3s o atleta publicar nas redes sociais uma imagem de uma chuteira personalizada com os nomes das crian\u00e7as, refor\u00e7ando o v\u00ednculo que mant\u00e9m com a fam\u00edlia. Na foto divulgada pelo craque, aparecem os nomes Davi Lucca, Mavie, [&hellip;]<\/p>\n","protected":false},"author":9,"featured_media":22175,"comment_status":"closed","ping_status":"closed","sticky":false,"template":"","format":"standard","meta":{"jnews-multi-image_gallery":[],"jnews_single_post":{"format":"standard"},"jnews_primary_category":[],"jnews_social_meta":[],"jnews_override_counter":[],"jnews_post_split":[],"footnotes":""},"categories":[1],"tags":[],"class_list":["post-38660","post","type-post","status-publish","format-standard","has-post-thumbnail","hentry","category-geral"],"_referencia":"","_links":{"self":[{"href":"https:\/\/diariodocomercio.com.br\/mix\/wp-json\/wp\/v2\/posts\/38660","targetHints":{"allow":["GET"]}}],"collection":[{"href":"https:\/\/diariodocomercio.com.br\/mix\/wp-json\/wp\/v2\/posts"}],"about":[{"href":"https:\/\/diariodocomercio.com.br\/mix\/wp-json\/wp\/v2\/types\/post"}],"author":[{"embeddable":true,"href":"https:\/\/diariodocomercio.com.br\/mix\/wp-json\/wp\/v2\/users\/9"}],"replies":[{"embeddable":true,"href":"https:\/\/diariodocomercio.com.br\/mix\/wp-json\/wp\/v2\/comments?post=38660"}],"version-history":[{"count":1,"href":"https:\/\/diariodocomercio.com.br\/mix\/wp-json\/wp\/v2\/posts\/38660\/revisions"}],"predecessor-version":[{"id":38663,"href":"https:\/\/diariodocomercio.com.br\/mix\/wp-json\/wp\/v2\/posts\/38660\/revisions\/38663"}],"wp:featuredmedia":[{"embeddable":true,"href":"https:\/\/diariodocomercio.com.br\/mix\/wp-json\/wp\/v2\/media\/22175"}],"wp:attachment":[{"href":"https:\/\/diariodocomercio.com.br\/mix\/wp-json\/wp\/v2\/media?parent=38660"}],"wp:term":[{"taxonomy":"category","embeddable":true,"href":"https:\/\/diariodocomercio.com.br\/mix\/wp-json\/wp\/v2\/categories?post=38660"},{"taxonomy":"post_tag","embeddable":true,"href":"https:\/\/diariodocomercio.com.br\/mix\/wp-json\/wp\/v2\/tags?post=38660"}],"curies":[{"name":"wp","href":"https:\/\/api.w.org\/{rel}","templated":true}]}}