{"id":38678,"date":"2026-03-17T10:37:39","date_gmt":"2026-03-17T13:37:39","guid":{"rendered":"https:\/\/diariodocomercio.com.br\/mix\/?p=38678"},"modified":"2026-03-17T18:38:46","modified_gmt":"2026-03-17T21:38:46","slug":"brasil-ainda-precisara-vencer-um-jogo-para-conquistar-vaga-na-copa-do-mundo-2026","status":"publish","type":"post","link":"https:\/\/diariodocomercio.com.br\/mix\/brasil-ainda-precisara-vencer-um-jogo-para-conquistar-vaga-na-copa-do-mundo-2026\/","title":{"rendered":"Brasil ainda precisar\u00e1 vencer um jogo para conquistar vaga na Copa do Mundo 2026"},"content":{"rendered":"\n<p>A <strong>sele\u00e7\u00e3o brasileira feminina de basquete<\/strong> entra em quadra nesta ter\u00e7a-feira (17) com a chance de garantir uma vaga na <strong>Copa do Mundo da modalidade<\/strong>, que ser\u00e1 disputada em <strong>setembro, na Alemanha<\/strong>. Para conquistar a classifica\u00e7\u00e3o direta, o Brasil precisa <strong>vencer a China<\/strong> no confronto marcado para <strong>8h30 (hor\u00e1rio de Bras\u00edlia)<\/strong>, em Wuhan.<\/p>\n\n\n\n<p>O duelo faz parte do <strong>torneio Pr\u00e9-Mundial<\/strong>, que distribui vagas para o principal campeonato internacional da modalidade. A equipe comandada pela t\u00e9cnica <strong>Pokey Chatman<\/strong> soma at\u00e9 agora <strong>duas vit\u00f3rias e duas derrotas<\/strong> na competi\u00e7\u00e3o.<\/p>\n\n\n\n<p>O Brasil integra o <strong>Grupo A<\/strong>, ao lado de <strong>B\u00e9lgica, China, Rep\u00fablica Tcheca, Sud\u00e3o do Sul e Mali<\/strong>. Na campanha atual, a sele\u00e7\u00e3o venceu <strong>Sud\u00e3o do Sul e Mali<\/strong>, mas acabou derrotada por <strong>Rep\u00fablica Tcheca e B\u00e9lgica<\/strong>.<\/p>\n\n\n\n<p>Para garantir a vaga no Mundial, tr\u00eas cen\u00e1rios podem beneficiar o Brasil:<\/p>\n\n\n\n<ul class=\"wp-block-list\">\n<li><strong>Vit\u00f3ria do Brasil sobre a China<\/strong><\/li>\n\n\n\n<li><strong>Vit\u00f3ria da Rep\u00fablica Tcheca contra a B\u00e9lgica<\/strong><\/li>\n\n\n\n<li><strong>Vit\u00f3ria do Sud\u00e3o do Sul contra Mali<\/strong><\/li>\n<\/ul>\n\n\n\n<p>Apesar das possibilidades matem\u00e1ticas, a equipe depende principalmente de <strong>um triunfo pr\u00f3prio<\/strong>, considerado o caminho mais seguro para assegurar a classifica\u00e7\u00e3o.<\/p>\n\n\n\n<figure class=\"wp-block-image size-full\"><img decoding=\"async\" width=\"984\" height=\"656\" src=\"https:\/\/diariodocomercio.com.br\/mix\/wp-content\/uploads\/2026\/03\/image-133.png\" alt=\"\" class=\"wp-image-38679\" srcset=\"https:\/\/diariodocomercio.com.br\/mix\/wp-content\/uploads\/2026\/03\/image-133.png 984w, https:\/\/diariodocomercio.com.br\/mix\/wp-content\/uploads\/2026\/03\/image-133-300x200.png 300w, https:\/\/diariodocomercio.com.br\/mix\/wp-content\/uploads\/2026\/03\/image-133-768x512.png 768w, https:\/\/diariodocomercio.com.br\/mix\/wp-content\/uploads\/2026\/03\/image-133-150x100.png 150w, https:\/\/diariodocomercio.com.br\/mix\/wp-content\/uploads\/2026\/03\/image-133-750x500.png 750w\" sizes=\"(max-width: 984px) 100vw, 984px\" \/><figcaption class=\"wp-element-caption\">Damaris Dantas (Reprodu\u00e7\u00e3o\/RBA)<\/figcaption><\/figure>\n\n\n\n<h2 class=\"wp-block-heading\"><strong>Desafio do Brasil diante das chinesas<\/strong><\/h2>\n\n\n\n<p>A tarefa, no entanto, n\u00e3o ser\u00e1 simples. A <strong>China j\u00e1 est\u00e1 classificada<\/strong> para o Mundial por ser sede da etapa qualificat\u00f3ria e tem uma campanha s\u00f3lida, com apenas <strong>uma derrota no torneio<\/strong>, justamente para a B\u00e9lgica.<\/p>\n\n\n\n<p>Antes do Pr\u00e9-Mundial, as sele\u00e7\u00f5es tamb\u00e9m se enfrentaram em <strong>dois amistosos<\/strong>, ambos vencidos pelas chinesas por <strong>74 a 69<\/strong> e <strong>72 a 66<\/strong>.<\/p>\n\n\n\n<h2 class=\"wp-block-heading\"><strong>Destaques da sele\u00e7\u00e3o<\/strong><\/h2>\n\n\n\n<p>A esperan\u00e7a do pa\u00eds sul-americano est\u00e1 na dupla formada por <strong>Damiris Dantas e Kamilla Cardoso<\/strong>, respons\u00e1veis por <strong>mais da metade dos pontos da equipe<\/strong> ao longo da competi\u00e7\u00e3o.<\/p>\n\n\n\n<p>Kamilla foi eleita <strong>melhor jogadora da partida<\/strong> na vit\u00f3ria sobre o Sud\u00e3o do Sul, enquanto Damiris recebeu o mesmo reconhecimento ap\u00f3s o triunfo contra Mali.<\/p>\n\n\n\n<p>Caso consiga a classifica\u00e7\u00e3o, o Brasil voltar\u00e1 a disputar o <strong>Mundial feminino de basquete pela primeira vez em 12 anos<\/strong>, encerrando um longo per\u00edodo fora da principal competi\u00e7\u00e3o internacional da modalidade.<\/p>\n","protected":false},"excerpt":{"rendered":"<p>A sele\u00e7\u00e3o brasileira feminina de basquete entra em quadra nesta ter\u00e7a-feira (17) com a chance de garantir uma vaga na Copa do Mundo da modalidade, que ser\u00e1 disputada em setembro, na Alemanha. Para conquistar a classifica\u00e7\u00e3o direta, o Brasil precisa vencer a China no confronto marcado para 8h30 (hor\u00e1rio de Bras\u00edlia), em Wuhan. O duelo [&hellip;]<\/p>\n","protected":false},"author":9,"featured_media":22782,"comment_status":"closed","ping_status":"closed","sticky":false,"template":"","format":"standard","meta":{"jnews-multi-image_gallery":[],"jnews_single_post":{"format":"standard"},"jnews_primary_category":[],"jnews_social_meta":[],"jnews_override_counter":[],"jnews_post_split":[],"footnotes":""},"categories":[1],"tags":[],"class_list":["post-38678","post","type-post","status-publish","format-standard","has-post-thumbnail","hentry","category-geral"],"_referencia":"","_links":{"self":[{"href":"https:\/\/diariodocomercio.com.br\/mix\/wp-json\/wp\/v2\/posts\/38678","targetHints":{"allow":["GET"]}}],"collection":[{"href":"https:\/\/diariodocomercio.com.br\/mix\/wp-json\/wp\/v2\/posts"}],"about":[{"href":"https:\/\/diariodocomercio.com.br\/mix\/wp-json\/wp\/v2\/types\/post"}],"author":[{"embeddable":true,"href":"https:\/\/diariodocomercio.com.br\/mix\/wp-json\/wp\/v2\/users\/9"}],"replies":[{"embeddable":true,"href":"https:\/\/diariodocomercio.com.br\/mix\/wp-json\/wp\/v2\/comments?post=38678"}],"version-history":[{"count":2,"href":"https:\/\/diariodocomercio.com.br\/mix\/wp-json\/wp\/v2\/posts\/38678\/revisions"}],"predecessor-version":[{"id":38766,"href":"https:\/\/diariodocomercio.com.br\/mix\/wp-json\/wp\/v2\/posts\/38678\/revisions\/38766"}],"wp:featuredmedia":[{"embeddable":true,"href":"https:\/\/diariodocomercio.com.br\/mix\/wp-json\/wp\/v2\/media\/22782"}],"wp:attachment":[{"href":"https:\/\/diariodocomercio.com.br\/mix\/wp-json\/wp\/v2\/media?parent=38678"}],"wp:term":[{"taxonomy":"category","embeddable":true,"href":"https:\/\/diariodocomercio.com.br\/mix\/wp-json\/wp\/v2\/categories?post=38678"},{"taxonomy":"post_tag","embeddable":true,"href":"https:\/\/diariodocomercio.com.br\/mix\/wp-json\/wp\/v2\/tags?post=38678"}],"curies":[{"name":"wp","href":"https:\/\/api.w.org\/{rel}","templated":true}]}}