{"id":38684,"date":"2026-03-17T13:23:28","date_gmt":"2026-03-17T16:23:28","guid":{"rendered":"https:\/\/diariodocomercio.com.br\/mix\/?p=38684"},"modified":"2026-03-17T13:23:30","modified_gmt":"2026-03-17T16:23:30","slug":"ira-vai-a-fifa-para-mudar-o-palco-da-copa-do-mundo-de-2026-e-enfurece-os-eua","status":"publish","type":"post","link":"https:\/\/diariodocomercio.com.br\/mix\/ira-vai-a-fifa-para-mudar-o-palco-da-copa-do-mundo-de-2026-e-enfurece-os-eua\/","title":{"rendered":"Ir\u00e3 vai \u00e0 FIFA para mudar o palco da Copa do Mundo de 2026 e enfurece os EUA"},"content":{"rendered":"\n<p>A <strong>Federa\u00e7\u00e3o de Futebol do Ir\u00e3<\/strong> iniciou conversas com a <strong>FIFA<\/strong> para tentar transferir as partidas da sele\u00e7\u00e3o na <strong>Copa do Mundo de 2026<\/strong> dos Estados Unidos para o M\u00e9xico. O pedido ocorre em meio \u00e0 escalada de tens\u00f5es entre <strong>Teer\u00e3 e Washington<\/strong>, ap\u00f3s ataques militares conjuntos dos Estados Unidos e de Israel contra alvos iranianos.<\/p>\n\n\n\n<p>De acordo com autoridades iranianas, a solicita\u00e7\u00e3o tem como objetivo garantir <strong>seguran\u00e7a \u00e0 delega\u00e7\u00e3o e aos jogadores<\/strong> durante o torneio.<\/p>\n\n\n\n<p>Pelo calend\u00e1rio oficial da competi\u00e7\u00e3o, o Ir\u00e3 disputaria <strong>tr\u00eas partidas da fase de grupos em territ\u00f3rio norte-americano<\/strong> \u2014 duas em <strong>Los Angeles<\/strong> e uma em <strong>Seattle<\/strong>.<\/p>\n\n\n\n<p>No entanto, o presidente da Federa\u00e7\u00e3o Iraniana de Futebol, <strong>Mehdi Taj<\/strong>, afirmou que a entidade j\u00e1 iniciou negocia\u00e7\u00f5es com a FIFA para que os jogos sejam transferidos para <strong>cidades mexicanas<\/strong>, outro pa\u00eds que sediar\u00e1 o Mundial de 2026 ao lado dos Estados Unidos e do Canad\u00e1.<\/p>\n\n\n\n<p>Segundo Taj, a proposta surge diante do cen\u00e1rio pol\u00edtico e das preocupa\u00e7\u00f5es relacionadas \u00e0 seguran\u00e7a da equipe.<\/p>\n\n\n\n<h2 class=\"wp-block-heading\"><strong>FIFA resiste a mudan\u00e7as<\/strong><\/h2>\n\n\n\n<p>Apesar das discuss\u00f5es, a <strong>FIFA sinalizou que n\u00e3o pretende alterar o cronograma do torneio<\/strong> neste momento. A entidade informou que mant\u00e9m contato com todas as federa\u00e7\u00f5es participantes, mas espera que as partidas sejam disputadas conforme o calend\u00e1rio j\u00e1 divulgado.<\/p>\n\n\n\n<p>Fontes ligadas \u00e0 organiza\u00e7\u00e3o afirmam que uma eventual mudan\u00e7a poderia gerar <strong>impactos log\u00edsticos e comerciais<\/strong>, j\u00e1 que ingressos j\u00e1 foram vendidos e contratos de transmiss\u00e3o e patroc\u00ednio foram firmados com base nas sedes definidas.<\/p>\n\n\n\n<p>No sorteio da Copa do Mundo de 2026, o Ir\u00e3 foi colocado no <strong>Grupo G<\/strong>, ao lado de:<\/p>\n\n\n\n<ul class=\"wp-block-list\">\n<li><strong>B\u00e9lgica<\/strong><\/li>\n\n\n\n<li><strong>Egito<\/strong><\/li>\n\n\n\n<li><strong>Nova Zel\u00e2ndia<\/strong><\/li>\n<\/ul>\n\n\n\n<p>H\u00e1 ainda outro fator que aumenta a tens\u00e3o pol\u00edtica: caso avance em segundo lugar no grupo, a sele\u00e7\u00e3o iraniana poderia enfrentar <strong>os Estados Unidos na fase de mata-mata<\/strong>, em uma poss\u00edvel partida nas oitavas de final, prevista para acontecer em <strong>Dallas<\/strong>.<\/p>\n\n\n\n<h2 class=\"wp-block-heading\"><strong>Tens\u00e3o pol\u00edtica influencia o futebol<\/strong><\/h2>\n\n\n\n<p>Autoridades iranianas afirmam que a Copa do Mundo \u00e9 organizada pela <strong>FIFA e n\u00e3o por um \u00fanico pa\u00eds<\/strong>, defendendo que o torneio precisa garantir condi\u00e7\u00f5es de seguran\u00e7a para todas as sele\u00e7\u00f5es.<\/p>\n\n\n\n<p>Nos bastidores do futebol internacional, analistas apontam que o epis\u00f3dio pode representar um <strong>impasse diplom\u00e1tico dentro do esporte<\/strong>, com os dois pa\u00edses pressionando indiretamente a organiza\u00e7\u00e3o do torneio.<\/p>\n\n\n\n<p>A <strong>Copa do Mundo de 2026<\/strong>, que ser\u00e1 disputada em <strong>Estados Unidos, M\u00e9xico e Canad\u00e1<\/strong>, marcar\u00e1 a primeira edi\u00e7\u00e3o com <strong>48 sele\u00e7\u00f5es participantes<\/strong>.<\/p>\n","protected":false},"excerpt":{"rendered":"<p>A Federa\u00e7\u00e3o de Futebol do Ir\u00e3 iniciou conversas com a FIFA para tentar transferir as partidas da sele\u00e7\u00e3o na Copa do Mundo de 2026 dos Estados Unidos para o M\u00e9xico. O pedido ocorre em meio \u00e0 escalada de tens\u00f5es entre Teer\u00e3 e Washington, ap\u00f3s ataques militares conjuntos dos Estados Unidos e de Israel contra alvos [&hellip;]<\/p>\n","protected":false},"author":9,"featured_media":38695,"comment_status":"closed","ping_status":"closed","sticky":false,"template":"","format":"standard","meta":{"jnews-multi-image_gallery":[],"jnews_single_post":{"format":"standard"},"jnews_primary_category":[],"jnews_social_meta":[],"jnews_override_counter":[],"jnews_post_split":[],"footnotes":""},"categories":[1],"tags":[],"class_list":["post-38684","post","type-post","status-publish","format-standard","has-post-thumbnail","hentry","category-geral"],"_referencia":"","_links":{"self":[{"href":"https:\/\/diariodocomercio.com.br\/mix\/wp-json\/wp\/v2\/posts\/38684","targetHints":{"allow":["GET"]}}],"collection":[{"href":"https:\/\/diariodocomercio.com.br\/mix\/wp-json\/wp\/v2\/posts"}],"about":[{"href":"https:\/\/diariodocomercio.com.br\/mix\/wp-json\/wp\/v2\/types\/post"}],"author":[{"embeddable":true,"href":"https:\/\/diariodocomercio.com.br\/mix\/wp-json\/wp\/v2\/users\/9"}],"replies":[{"embeddable":true,"href":"https:\/\/diariodocomercio.com.br\/mix\/wp-json\/wp\/v2\/comments?post=38684"}],"version-history":[{"count":1,"href":"https:\/\/diariodocomercio.com.br\/mix\/wp-json\/wp\/v2\/posts\/38684\/revisions"}],"predecessor-version":[{"id":38696,"href":"https:\/\/diariodocomercio.com.br\/mix\/wp-json\/wp\/v2\/posts\/38684\/revisions\/38696"}],"wp:featuredmedia":[{"embeddable":true,"href":"https:\/\/diariodocomercio.com.br\/mix\/wp-json\/wp\/v2\/media\/38695"}],"wp:attachment":[{"href":"https:\/\/diariodocomercio.com.br\/mix\/wp-json\/wp\/v2\/media?parent=38684"}],"wp:term":[{"taxonomy":"category","embeddable":true,"href":"https:\/\/diariodocomercio.com.br\/mix\/wp-json\/wp\/v2\/categories?post=38684"},{"taxonomy":"post_tag","embeddable":true,"href":"https:\/\/diariodocomercio.com.br\/mix\/wp-json\/wp\/v2\/tags?post=38684"}],"curies":[{"name":"wp","href":"https:\/\/api.w.org\/{rel}","templated":true}]}}