{"id":38699,"date":"2026-03-17T13:56:52","date_gmt":"2026-03-17T16:56:52","guid":{"rendered":"https:\/\/diariodocomercio.com.br\/mix\/?p=38699"},"modified":"2026-03-17T13:56:54","modified_gmt":"2026-03-17T16:56:54","slug":"joao-pedro-fora-da-selecao-atacante-do-chelsea-foi-surpreendido-por-ancelotti","status":"publish","type":"post","link":"https:\/\/diariodocomercio.com.br\/mix\/joao-pedro-fora-da-selecao-atacante-do-chelsea-foi-surpreendido-por-ancelotti\/","title":{"rendered":"Jo\u00e3o Pedro fora da sele\u00e7\u00e3o? Atacante do Chelsea foi surpreendido por Ancelotti"},"content":{"rendered":"\n<p>O atacante <strong>Jo\u00e3o Pedro<\/strong>, do <strong>Chelsea<\/strong>, passou por um momento de surpresa durante a divulga\u00e7\u00e3o da convoca\u00e7\u00e3o da <strong>sele\u00e7\u00e3o brasileira<\/strong> nesta segunda-feira (16). O jogador revelou que chegou a acreditar que havia ficado fora da lista anunciada pelo t\u00e9cnico <strong>Carlo Ancelotti<\/strong>, ap\u00f3s o treinador aparentemente n\u00e3o citar seu nome no primeiro momento.<\/p>\n\n\n\n<p>A convoca\u00e7\u00e3o foi realizada visando os <strong>amistosos contra Fran\u00e7a e Cro\u00e1cia<\/strong>, que acontecer\u00e3o nos dias <strong>26 e 31 de mar\u00e7o<\/strong>, nos Estados Unidos.<\/p>\n\n\n\n<p>Segundo o pr\u00f3prio jogador, ele acompanhava o an\u00fancio com expectativa quando percebeu que a leitura dos nomes havia terminado sem que fosse citado.<\/p>\n\n\n\n<p>Em entrevista ao programa <em>Panela sportv<\/em>, Jo\u00e3o Pedro contou que chegou a pensar que havia sido cortado da lista.<\/p>\n\n\n\n<p>\u201cFalei: \u2018Caraca, fiquei de fora\u2019. Daqui a pouco todo mundo come\u00e7ou a me ligar e eu n\u00e3o estava entendendo. Voltei a ver e pensei: \u2018Caraca, estou dentro\u2019\u201d, relatou o atacante.<\/p>\n\n\n\n<h2 class=\"wp-block-heading\"><strong>Disputa forte no ataque<\/strong><\/h2>\n\n\n\n<p>A posi\u00e7\u00e3o de ataque \u00e9 uma das mais concorridas da sele\u00e7\u00e3o brasileira. Mesmo assim, Jo\u00e3o Pedro destacou que espera aproveitar a oportunidade e realizar um sonho antigo: marcar seu primeiro gol com a camisa da sele\u00e7\u00e3o.<\/p>\n\n\n\n<p>O jogador afirmou que prefere atuar como <strong>centroavante<\/strong>, mas tamb\u00e9m pode desempenhar fun\u00e7\u00f5es mais recuadas no ataque.<\/p>\n\n\n\n<p>\u201cAnsiedade de fazer gol na Sele\u00e7\u00e3o \u00e9 sonho de crian\u00e7a. Vou seguir trabalhando que uma hora vai acontecer\u201d, disse.<\/p>\n\n\n\n<h2 class=\"wp-block-heading\"><strong>Testes para a Copa de 2026<\/strong><\/h2>\n\n\n\n<p>De acordo com Carlo Ancelotti, a convoca\u00e7\u00e3o atual tem como objetivo <strong>avaliar novas op\u00e7\u00f5es e observar jogadores em posi\u00e7\u00f5es ainda indefinidas<\/strong> no elenco.<\/p>\n\n\n\n<p>O treinador revelou que a sele\u00e7\u00e3o j\u00e1 possui <strong>uma base praticamente definida para a Copa do Mundo de 2026<\/strong>, com cerca de <strong>17 a 18 atletas praticamente garantidos<\/strong> na lista final.<\/p>\n\n\n\n<p>Entre as novidades da convoca\u00e7\u00e3o est\u00e3o <strong>L\u00e9o Pereira, Gabriel Sara, Igor Thiago e Rayan<\/strong>, que podem fazer suas primeiras partidas com a camisa da sele\u00e7\u00e3o brasileira.<\/p>\n\n\n\n<p>A atual Data Fifa ser\u00e1 considerada uma das <strong>\u00faltimas oportunidades para testes antes da defini\u00e7\u00e3o do grupo que disputar\u00e1 o Mundial de 2026<\/strong>.<\/p>\n","protected":false},"excerpt":{"rendered":"<p>O atacante Jo\u00e3o Pedro, do Chelsea, passou por um momento de surpresa durante a divulga\u00e7\u00e3o da convoca\u00e7\u00e3o da sele\u00e7\u00e3o brasileira nesta segunda-feira (16). O jogador revelou que chegou a acreditar que havia ficado fora da lista anunciada pelo t\u00e9cnico Carlo Ancelotti, ap\u00f3s o treinador aparentemente n\u00e3o citar seu nome no primeiro momento. A convoca\u00e7\u00e3o foi [&hellip;]<\/p>\n","protected":false},"author":9,"featured_media":38702,"comment_status":"closed","ping_status":"closed","sticky":false,"template":"","format":"standard","meta":{"jnews-multi-image_gallery":[],"jnews_single_post":{"format":"standard"},"jnews_primary_category":[],"jnews_social_meta":[],"jnews_override_counter":[],"jnews_post_split":[],"footnotes":""},"categories":[1],"tags":[],"class_list":["post-38699","post","type-post","status-publish","format-standard","has-post-thumbnail","hentry","category-geral"],"_referencia":"","_links":{"self":[{"href":"https:\/\/diariodocomercio.com.br\/mix\/wp-json\/wp\/v2\/posts\/38699","targetHints":{"allow":["GET"]}}],"collection":[{"href":"https:\/\/diariodocomercio.com.br\/mix\/wp-json\/wp\/v2\/posts"}],"about":[{"href":"https:\/\/diariodocomercio.com.br\/mix\/wp-json\/wp\/v2\/types\/post"}],"author":[{"embeddable":true,"href":"https:\/\/diariodocomercio.com.br\/mix\/wp-json\/wp\/v2\/users\/9"}],"replies":[{"embeddable":true,"href":"https:\/\/diariodocomercio.com.br\/mix\/wp-json\/wp\/v2\/comments?post=38699"}],"version-history":[{"count":1,"href":"https:\/\/diariodocomercio.com.br\/mix\/wp-json\/wp\/v2\/posts\/38699\/revisions"}],"predecessor-version":[{"id":38703,"href":"https:\/\/diariodocomercio.com.br\/mix\/wp-json\/wp\/v2\/posts\/38699\/revisions\/38703"}],"wp:featuredmedia":[{"embeddable":true,"href":"https:\/\/diariodocomercio.com.br\/mix\/wp-json\/wp\/v2\/media\/38702"}],"wp:attachment":[{"href":"https:\/\/diariodocomercio.com.br\/mix\/wp-json\/wp\/v2\/media?parent=38699"}],"wp:term":[{"taxonomy":"category","embeddable":true,"href":"https:\/\/diariodocomercio.com.br\/mix\/wp-json\/wp\/v2\/categories?post=38699"},{"taxonomy":"post_tag","embeddable":true,"href":"https:\/\/diariodocomercio.com.br\/mix\/wp-json\/wp\/v2\/tags?post=38699"}],"curies":[{"name":"wp","href":"https:\/\/api.w.org\/{rel}","templated":true}]}}