{"id":38791,"date":"2026-03-17T19:57:20","date_gmt":"2026-03-17T22:57:20","guid":{"rendered":"https:\/\/diariodocomercio.com.br\/mix\/?p=38791"},"modified":"2026-03-17T19:57:23","modified_gmt":"2026-03-17T22:57:23","slug":"carteira-de-trabalho-esconde-numero-secreto-que-pode-render-premio-em-dinheiro","status":"publish","type":"post","link":"https:\/\/diariodocomercio.com.br\/mix\/carteira-de-trabalho-esconde-numero-secreto-que-pode-render-premio-em-dinheiro\/","title":{"rendered":"Carteira de Trabalho esconde n\u00famero secreto que pode render \u201cpr\u00eamio\u201d em dinheiro"},"content":{"rendered":"\n<p>Em 2026, trabalhadores brasileiros podem consultar o <strong>n\u00famero do PIS <\/strong>pelo aplicativo <strong>Carteira de Trabalho Digital, <\/strong>dispon\u00edvel para celulares e tablets. O calend\u00e1rio de pagamentos do abono salarial PIS\/Pasep, referente ao ano-base 2024, come\u00e7a em 15 de fevereiro e vai at\u00e9 15 de agosto. Isso torna essencial saber como acessar essas informa\u00e7\u00f5es para planejamento financeiro.<\/p>\n\n\n\n<p>O aplicativo oferece um m\u00e9todo r\u00e1pido para essa consulta. Ao utilizar o CPF, os trabalhadores podem acessar informa\u00e7\u00f5es trabalhistas otimizadas, garantindo que todos saibam sobre seus direitos e benef\u00edcios.<\/p>\n\n\n\n<h2 class=\"wp-block-heading\">Processo de consulta<\/h2>\n\n\n\n<p>Consultar o PIS pelo aplicativo \u00e9 um processo acess\u00edvel. Veja abaixo o passo a passo detalhado:<\/p>\n\n\n\n<ol class=\"wp-block-list\">\n<li>Baixe o aplicativo Carteira de Trabalho Digital.<\/li>\n\n\n\n<li>Efetue login utilizando seu CPF e a senha do Portal Gov.br.<\/li>\n\n\n\n<li>Na tela inicial, selecione &#8220;Contratos&#8221;.<\/li>\n\n\n\n<li>Ao acessar qualquer contrato listado, o n\u00famero do PIS\/Pasep estar\u00e1 vis\u00edvel.<\/li>\n\n\n\n<li>Para informa\u00e7\u00f5es sobre benef\u00edcios, acesse a aba &#8220;Benef\u00edcios&#8221; e clique em &#8220;Abono Salarial&#8221;.<\/li>\n<\/ol>\n\n\n\n<h2 class=\"wp-block-heading\">Outras alternativas de acesso<\/h2>\n\n\n\n<p>Se o aplicativo Carteira de Trabalho Digital n\u00e3o estiver dispon\u00edvel, existem op\u00e7\u00f5es. O site da Caixa Econ\u00f4mica Federal permite consulta pelo CPF atrav\u00e9s da ferramenta &#8220;Acessar meu NIS&#8221;.<\/p>\n\n\n\n<p>Alternativamente, os trabalhadores podem usar o telefone 158, dispon\u00edvel das 7h \u00e0s 22h, ou consultar as Superintend\u00eancias Regionais do Trabalho.<\/p>\n\n\n\n<p>O uso da tecnologia em plataformas m\u00f3veis est\u00e1 mais presente, ampliando a conectividade entre trabalhadores e dados trabalhistas.&nbsp;<\/p>\n","protected":false},"excerpt":{"rendered":"<p>Se o aplicativo Carteira de Trabalho Digital n\u00e3o estiver dispon\u00edvel, existem op\u00e7\u00f5es. <\/p>\n","protected":false},"author":12,"featured_media":18506,"comment_status":"closed","ping_status":"closed","sticky":false,"template":"","format":"standard","meta":{"jnews-multi-image_gallery":[],"jnews_single_post":{"format":"standard"},"jnews_primary_category":[],"jnews_social_meta":[],"jnews_override_counter":[],"jnews_post_split":[],"footnotes":""},"categories":[1],"tags":[],"class_list":["post-38791","post","type-post","status-publish","format-standard","has-post-thumbnail","hentry","category-geral"],"_referencia":"","_links":{"self":[{"href":"https:\/\/diariodocomercio.com.br\/mix\/wp-json\/wp\/v2\/posts\/38791","targetHints":{"allow":["GET"]}}],"collection":[{"href":"https:\/\/diariodocomercio.com.br\/mix\/wp-json\/wp\/v2\/posts"}],"about":[{"href":"https:\/\/diariodocomercio.com.br\/mix\/wp-json\/wp\/v2\/types\/post"}],"author":[{"embeddable":true,"href":"https:\/\/diariodocomercio.com.br\/mix\/wp-json\/wp\/v2\/users\/12"}],"replies":[{"embeddable":true,"href":"https:\/\/diariodocomercio.com.br\/mix\/wp-json\/wp\/v2\/comments?post=38791"}],"version-history":[{"count":1,"href":"https:\/\/diariodocomercio.com.br\/mix\/wp-json\/wp\/v2\/posts\/38791\/revisions"}],"predecessor-version":[{"id":38792,"href":"https:\/\/diariodocomercio.com.br\/mix\/wp-json\/wp\/v2\/posts\/38791\/revisions\/38792"}],"wp:featuredmedia":[{"embeddable":true,"href":"https:\/\/diariodocomercio.com.br\/mix\/wp-json\/wp\/v2\/media\/18506"}],"wp:attachment":[{"href":"https:\/\/diariodocomercio.com.br\/mix\/wp-json\/wp\/v2\/media?parent=38791"}],"wp:term":[{"taxonomy":"category","embeddable":true,"href":"https:\/\/diariodocomercio.com.br\/mix\/wp-json\/wp\/v2\/categories?post=38791"},{"taxonomy":"post_tag","embeddable":true,"href":"https:\/\/diariodocomercio.com.br\/mix\/wp-json\/wp\/v2\/tags?post=38791"}],"curies":[{"name":"wp","href":"https:\/\/api.w.org\/{rel}","templated":true}]}}