{"id":38801,"date":"2026-03-17T20:31:00","date_gmt":"2026-03-17T23:31:00","guid":{"rendered":"https:\/\/diariodocomercio.com.br\/mix\/?p=38801"},"modified":"2026-03-17T21:22:20","modified_gmt":"2026-03-18T00:22:20","slug":"veio-da-havan-faz-doacao-para-projeto-que-promete-acabar-com-enchentes","status":"publish","type":"post","link":"https:\/\/diariodocomercio.com.br\/mix\/veio-da-havan-faz-doacao-para-projeto-que-promete-acabar-com-enchentes\/","title":{"rendered":"\u2018V\u00e9io da Havan\u2019 faz doa\u00e7\u00e3o para projeto que promete acabar com enchentes"},"content":{"rendered":"\n<p><strong>Luciano Hang, <\/strong>propriet\u00e1rio da rede varejista <strong>Havan<\/strong>, realizou uma doa\u00e7\u00e3o significativa para conter alagamentos em Brusque. O terreno, localizado na Avenida Primeiro de Maio, ser\u00e1 usado para construir uma bacia de conten\u00e7\u00e3o de enchentes.<\/p>\n\n\n\n<p>O projeto, coordenado pela Prefeitura de Brusque, prev\u00ea a reten\u00e7\u00e3o de at\u00e9 30 milh\u00f5es de litros de \u00e1gua. Iniciativas como esta visam minimizar os danos causados por chuvas intensas, especialmente em \u00e1reas propensas a alagamentos.<\/p>\n\n\n\n<p>A bacia de conten\u00e7\u00e3o atuar\u00e1 durante as chuvas mais fortes, retendo \u00e1gua temporariamente. Ap\u00f3s o ac\u00famulo, a \u00e1gua ser\u00e1 liberada de forma controlada, evitando sobrecargas no sistema de drenagem da cidade. O funcionamento est\u00e1 planejado para garantir a efici\u00eancia na preven\u00e7\u00e3o de enchentes, trazendo al\u00edvio para os moradores.<\/p>\n\n\n\n<h2 class=\"wp-block-heading\">Funcionamento<\/h2>\n\n\n\n<p>O projeto utiliza comportas para regular a vaz\u00e3o da \u00e1gua armazenada. Esse sistema permitir\u00e1 um escoamento organizado, de acordo com condi\u00e7\u00f5es meteorol\u00f3gicas. Consequentemente, o fluxo de \u00e1gua ser\u00e1 controlado, reduzindo o risco de inunda\u00e7\u00f5es.<\/p>\n\n\n\n<p>Para viabilizar a instala\u00e7\u00e3o, o terreno doado passar\u00e1 por modifica\u00e7\u00f5es. Estruturas existentes ser\u00e3o removidas e o espa\u00e7o ser\u00e1 adaptado para comportar o volume previsto de \u00e1gua. Todos os ajustes s\u00e3o parte de um plano abrangente da Secretaria Municipal de Obras e Servi\u00e7os Urbanos, voltado \u00e0 melhoria da infraestrutura de drenagem.<\/p>\n\n\n\n<p>A expectativa \u00e9 de benef\u00edcios tanto imediatos quanto a longo prazo, melhorando a qualidade de vida dos cidad\u00e3os. Com o avan\u00e7o das obras em 2026, a conclus\u00e3o est\u00e1 prevista para breve, conforme as autoridades locais.<\/p>\n","protected":false},"excerpt":{"rendered":"<p>Luciano Hang, propriet\u00e1rio da rede varejista Havan, realizou uma doa\u00e7\u00e3o significativa.<\/p>\n","protected":false},"author":12,"featured_media":30197,"comment_status":"closed","ping_status":"closed","sticky":false,"template":"","format":"standard","meta":{"jnews-multi-image_gallery":[],"jnews_single_post":{"format":"standard"},"jnews_primary_category":[],"jnews_social_meta":[],"jnews_override_counter":[],"jnews_post_split":[],"footnotes":""},"categories":[1],"tags":[],"class_list":["post-38801","post","type-post","status-publish","format-standard","has-post-thumbnail","hentry","category-geral"],"_referencia":"","_links":{"self":[{"href":"https:\/\/diariodocomercio.com.br\/mix\/wp-json\/wp\/v2\/posts\/38801","targetHints":{"allow":["GET"]}}],"collection":[{"href":"https:\/\/diariodocomercio.com.br\/mix\/wp-json\/wp\/v2\/posts"}],"about":[{"href":"https:\/\/diariodocomercio.com.br\/mix\/wp-json\/wp\/v2\/types\/post"}],"author":[{"embeddable":true,"href":"https:\/\/diariodocomercio.com.br\/mix\/wp-json\/wp\/v2\/users\/12"}],"replies":[{"embeddable":true,"href":"https:\/\/diariodocomercio.com.br\/mix\/wp-json\/wp\/v2\/comments?post=38801"}],"version-history":[{"count":4,"href":"https:\/\/diariodocomercio.com.br\/mix\/wp-json\/wp\/v2\/posts\/38801\/revisions"}],"predecessor-version":[{"id":38824,"href":"https:\/\/diariodocomercio.com.br\/mix\/wp-json\/wp\/v2\/posts\/38801\/revisions\/38824"}],"wp:featuredmedia":[{"embeddable":true,"href":"https:\/\/diariodocomercio.com.br\/mix\/wp-json\/wp\/v2\/media\/30197"}],"wp:attachment":[{"href":"https:\/\/diariodocomercio.com.br\/mix\/wp-json\/wp\/v2\/media?parent=38801"}],"wp:term":[{"taxonomy":"category","embeddable":true,"href":"https:\/\/diariodocomercio.com.br\/mix\/wp-json\/wp\/v2\/categories?post=38801"},{"taxonomy":"post_tag","embeddable":true,"href":"https:\/\/diariodocomercio.com.br\/mix\/wp-json\/wp\/v2\/tags?post=38801"}],"curies":[{"name":"wp","href":"https:\/\/api.w.org\/{rel}","templated":true}]}}