{"id":38808,"date":"2026-03-17T20:54:00","date_gmt":"2026-03-17T23:54:00","guid":{"rendered":"https:\/\/diariodocomercio.com.br\/mix\/?p=38808"},"modified":"2026-03-17T20:38:31","modified_gmt":"2026-03-17T23:38:31","slug":"novo-surto-de-doenca-viral-no-rj-secretaria-de-saude-faz-alerta-geral-para-fluminenses","status":"publish","type":"post","link":"https:\/\/diariodocomercio.com.br\/mix\/novo-surto-de-doenca-viral-no-rj-secretaria-de-saude-faz-alerta-geral-para-fluminenses\/","title":{"rendered":"Novo surto de doen\u00e7a viral no RJ? Secretaria de Sa\u00fade faz alerta geral para fluminenses"},"content":{"rendered":"\n<p>O <strong>estado do Rio de Janeiro <\/strong>tem observado casos de <strong>gastroenterite <\/strong>nas \u00faltimas semanas, de acordo com dados da Secretaria Estadual de Sa\u00fade (SES), mas os n\u00fameros est\u00e3o em queda. \u00a0<\/p>\n\n\n\n<p>Os dados geram preocupa\u00e7\u00e3o entre os moradores, embora as autoridades de sa\u00fade tenham descartado uma situa\u00e7\u00e3o de surto iminente. Medidas de preven\u00e7\u00e3o e higiene tornam-se, portanto, fundamentais.<\/p>\n\n\n\n<p>A possibilidade de aumento de casos deve ser contextualizada pelo fim do ver\u00e3o, quando as temperaturas elevadas, maior consumo de refei\u00e7\u00f5es fora de casa e aglomera\u00e7\u00f5es contribuem para a prolifera\u00e7\u00e3o da enfermidade.<\/p>\n\n\n\n<p>A gastroenterite \u00e9 uma inflama\u00e7\u00e3o gastrointestinal provocada por <strong>microrganismos transmitidos,<\/strong> principalmente, via fecal-oral. Higiene rigorosa pode prevenir a transmiss\u00e3o.<\/p>\n\n\n\n<h2 class=\"wp-block-heading\">Medidas de preven\u00e7\u00e3o<\/h2>\n\n\n\n<p>O final do ver\u00e3o \u00e9 complexo para a sa\u00fade p\u00fablica, pois variados fatores ambientais aumentam o risco de cont\u00e1gio. A transmiss\u00e3o da gastroenterite ocorre frequentemente pela ingest\u00e3o de \u00e1gua ou alimentos contaminados, ou mediante contato direto com pessoas infectadas. Pr\u00e1ticas de higiene s\u00e3o essenciais para prevenir a doen\u00e7a.<\/p>\n\n\n\n<p>Para evitar a gastroenterite, <strong>recomenda-se h\u00e1bitos como:<\/strong><\/p>\n\n\n\n<ul class=\"wp-block-list\">\n<li>Lavar as m\u00e3os frequentemente com \u00e1gua e sab\u00e3o, especialmente ap\u00f3s o uso do banheiro e antes de preparar alimentos.<\/li>\n\n\n\n<li>Beber apenas \u00e1gua tratada ou fervida.<\/li>\n\n\n\n<li>Evitar consumir alimentos de origem duvidosa.<\/li>\n\n\n\n<li>Assegurar a limpeza de superf\u00edcies onde alimentos s\u00e3o manipulados.<\/li>\n<\/ul>\n\n\n\n<h2 class=\"wp-block-heading\">Ajuda m\u00e9dica<\/h2>\n\n\n\n<p>Os sintomas frequentes de gastroenterite incluem diarreia, v\u00f4mito e febre. <strong>A orienta\u00e7\u00e3o da SES \u00e9 manter hidrata\u00e7\u00e3o<\/strong> com \u00e1gua e soro de reidrata\u00e7\u00e3o oral. Muitos casos s\u00e3o leves e resolvem-se \u00e0 medida que a pessoa se hidrata adequadamente com \u00e1gua e solu\u00e7\u00f5es de reidrata\u00e7\u00e3o oral.<\/p>\n\n\n\n<p>Contudo, \u00e9 crucial procurar atendimento m\u00e9dico quando os sintomas s\u00e3o intensos, persistentes ou ocorrem em grupos de alto risco, como crian\u00e7as, idosos e gestantes.<\/p>\n","protected":false},"excerpt":{"rendered":"<p>A possibilidade de aumento de casos deve ser contextualizada pelo fim do ver\u00e3o.<\/p>\n","protected":false},"author":12,"featured_media":10348,"comment_status":"closed","ping_status":"closed","sticky":false,"template":"","format":"standard","meta":{"jnews-multi-image_gallery":[],"jnews_single_post":{"format":"standard"},"jnews_primary_category":[],"jnews_social_meta":[],"jnews_override_counter":[],"jnews_post_split":[],"footnotes":""},"categories":[1],"tags":[],"class_list":["post-38808","post","type-post","status-publish","format-standard","has-post-thumbnail","hentry","category-geral"],"_referencia":"","_links":{"self":[{"href":"https:\/\/diariodocomercio.com.br\/mix\/wp-json\/wp\/v2\/posts\/38808","targetHints":{"allow":["GET"]}}],"collection":[{"href":"https:\/\/diariodocomercio.com.br\/mix\/wp-json\/wp\/v2\/posts"}],"about":[{"href":"https:\/\/diariodocomercio.com.br\/mix\/wp-json\/wp\/v2\/types\/post"}],"author":[{"embeddable":true,"href":"https:\/\/diariodocomercio.com.br\/mix\/wp-json\/wp\/v2\/users\/12"}],"replies":[{"embeddable":true,"href":"https:\/\/diariodocomercio.com.br\/mix\/wp-json\/wp\/v2\/comments?post=38808"}],"version-history":[{"count":2,"href":"https:\/\/diariodocomercio.com.br\/mix\/wp-json\/wp\/v2\/posts\/38808\/revisions"}],"predecessor-version":[{"id":38812,"href":"https:\/\/diariodocomercio.com.br\/mix\/wp-json\/wp\/v2\/posts\/38808\/revisions\/38812"}],"wp:featuredmedia":[{"embeddable":true,"href":"https:\/\/diariodocomercio.com.br\/mix\/wp-json\/wp\/v2\/media\/10348"}],"wp:attachment":[{"href":"https:\/\/diariodocomercio.com.br\/mix\/wp-json\/wp\/v2\/media?parent=38808"}],"wp:term":[{"taxonomy":"category","embeddable":true,"href":"https:\/\/diariodocomercio.com.br\/mix\/wp-json\/wp\/v2\/categories?post=38808"},{"taxonomy":"post_tag","embeddable":true,"href":"https:\/\/diariodocomercio.com.br\/mix\/wp-json\/wp\/v2\/tags?post=38808"}],"curies":[{"name":"wp","href":"https:\/\/api.w.org\/{rel}","templated":true}]}}