{"id":38831,"date":"2026-03-18T08:43:25","date_gmt":"2026-03-18T11:43:25","guid":{"rendered":"https:\/\/diariodocomercio.com.br\/mix\/?p=38831"},"modified":"2026-03-18T08:43:28","modified_gmt":"2026-03-18T11:43:28","slug":"ancelotti-joga-tudo-no-ventilador-apos-nao-convocar-hugo-souza-do-corinthians","status":"publish","type":"post","link":"https:\/\/diariodocomercio.com.br\/mix\/ancelotti-joga-tudo-no-ventilador-apos-nao-convocar-hugo-souza-do-corinthians\/","title":{"rendered":"Ancelotti joga tudo no ventilador ap\u00f3s n\u00e3o convocar Hugo Souza, do Corinthians"},"content":{"rendered":"\n<p>A aus\u00eancia do goleiro <strong>Hugo Souza<\/strong>, do Corinthians, na \u00faltima convoca\u00e7\u00e3o da <strong>Sele\u00e7\u00e3o Brasileira<\/strong> chamou aten\u00e7\u00e3o entre torcedores e analistas. Ap\u00f3s divulgar a lista de jogadores para os amistosos contra <strong>Fran\u00e7a e Cro\u00e1cia<\/strong>, o t\u00e9cnico <strong>Carlo Ancelotti<\/strong> explicou os motivos que levaram \u00e0 escolha de outros nomes para a posi\u00e7\u00e3o.<\/p>\n\n\n\n<p>Segundo o treinador italiano, a decis\u00e3o foi baseada no desempenho recente dos atletas e n\u00e3o significa que a posi\u00e7\u00e3o esteja definida para a <strong>Copa do Mundo de 2026<\/strong>.<\/p>\n\n\n\n<p>\u201cN\u00e3o tem posi\u00e7\u00e3o 100% fechada. A evolu\u00e7\u00e3o \u00e9 cont\u00ednua em cada jogo para cada atleta. Pensamos que <strong>Alisson, Bento e Ederson<\/strong> s\u00e3o os melhores neste momento\u201d, afirmou Ancelotti.<\/p>\n\n\n\n<p>A lista divulgada pelo t\u00e9cnico ser\u00e1 utilizada nos amistosos da Data Fifa contra <strong>Fran\u00e7a, no dia 26 de mar\u00e7o<\/strong>, em Boston, e <strong>Cro\u00e1cia, no dia 31<\/strong>, em Orlando.<\/p>\n\n\n\n<p>Essa ser\u00e1 a <strong>\u00faltima convoca\u00e7\u00e3o antes da defini\u00e7\u00e3o da lista final para a Copa do Mundo de 2026<\/strong>, o que aumenta a disputa por vagas no elenco.<\/p>\n\n\n\n<p>Apesar da aus\u00eancia de Hugo Souza, Ancelotti destacou que a comiss\u00e3o t\u00e9cnica segue acompanhando todos os jogadores que podem disputar posi\u00e7\u00e3o.<\/p>\n\n\n\n<p>\u201cAt\u00e9 maio isso pode mudar. Estamos de olhos abertos. Os jogadores que querem ir para a Copa precisam jogar bem, trabalhar bem e mostrar atitude. N\u00e3o h\u00e1 outra maneira de convencer a comiss\u00e3o t\u00e9cnica\u201d, completou.<\/p>\n\n\n\n<h2 class=\"wp-block-heading\"><strong>Hugo Souza vive bom momento no Corinthians<\/strong><\/h2>\n\n\n\n<p>Mesmo fora da convoca\u00e7\u00e3o, Hugo Souza mant\u00e9m <strong>status de titular absoluto no Corinthians<\/strong> e segue em boa fase pelo clube paulista.<\/p>\n\n\n\n<p>Na temporada de <strong>2026<\/strong>, o goleiro disputou <strong>16 partidas<\/strong>, somando <strong>1.622 minutos em campo<\/strong> e sofrendo <strong>14 gols<\/strong>. Um dos momentos mais marcantes foi nas <strong>quartas de final do Campeonato Paulista<\/strong>, quando defendeu <strong>tr\u00eas p\u00eanaltis contra a Portuguesa<\/strong>, ajudando o time a garantir a classifica\u00e7\u00e3o.<\/p>\n\n\n\n<p>Nos \u00faltimos anos, Hugo tamb\u00e9m se consolidou como um dos destaques do elenco corintiano, participando das conquistas do <strong>Paulist\u00e3o e da Copa do Brasil em 2025<\/strong>, al\u00e9m da <strong>Supercopa do Brasil em 2026<\/strong>.<\/p>\n\n\n\n<p>Apesar de n\u00e3o aparecer na lista atual, Hugo Souza j\u00e1 havia sido convocado anteriormente por Ancelotti e continua no radar da comiss\u00e3o t\u00e9cnica.<\/p>\n","protected":false},"excerpt":{"rendered":"<p>A aus\u00eancia do goleiro Hugo Souza, do Corinthians, na \u00faltima convoca\u00e7\u00e3o da Sele\u00e7\u00e3o Brasileira chamou aten\u00e7\u00e3o entre torcedores e analistas. Ap\u00f3s divulgar a lista de jogadores para os amistosos contra Fran\u00e7a e Cro\u00e1cia, o t\u00e9cnico Carlo Ancelotti explicou os motivos que levaram \u00e0 escolha de outros nomes para a posi\u00e7\u00e3o. Segundo o treinador italiano, a [&hellip;]<\/p>\n","protected":false},"author":9,"featured_media":38835,"comment_status":"closed","ping_status":"closed","sticky":false,"template":"","format":"standard","meta":{"jnews-multi-image_gallery":[],"jnews_single_post":{"format":"standard"},"jnews_primary_category":[],"jnews_social_meta":[],"jnews_override_counter":[],"jnews_post_split":[],"footnotes":""},"categories":[1],"tags":[],"class_list":["post-38831","post","type-post","status-publish","format-standard","has-post-thumbnail","hentry","category-geral"],"_referencia":"","_links":{"self":[{"href":"https:\/\/diariodocomercio.com.br\/mix\/wp-json\/wp\/v2\/posts\/38831","targetHints":{"allow":["GET"]}}],"collection":[{"href":"https:\/\/diariodocomercio.com.br\/mix\/wp-json\/wp\/v2\/posts"}],"about":[{"href":"https:\/\/diariodocomercio.com.br\/mix\/wp-json\/wp\/v2\/types\/post"}],"author":[{"embeddable":true,"href":"https:\/\/diariodocomercio.com.br\/mix\/wp-json\/wp\/v2\/users\/9"}],"replies":[{"embeddable":true,"href":"https:\/\/diariodocomercio.com.br\/mix\/wp-json\/wp\/v2\/comments?post=38831"}],"version-history":[{"count":1,"href":"https:\/\/diariodocomercio.com.br\/mix\/wp-json\/wp\/v2\/posts\/38831\/revisions"}],"predecessor-version":[{"id":38836,"href":"https:\/\/diariodocomercio.com.br\/mix\/wp-json\/wp\/v2\/posts\/38831\/revisions\/38836"}],"wp:featuredmedia":[{"embeddable":true,"href":"https:\/\/diariodocomercio.com.br\/mix\/wp-json\/wp\/v2\/media\/38835"}],"wp:attachment":[{"href":"https:\/\/diariodocomercio.com.br\/mix\/wp-json\/wp\/v2\/media?parent=38831"}],"wp:term":[{"taxonomy":"category","embeddable":true,"href":"https:\/\/diariodocomercio.com.br\/mix\/wp-json\/wp\/v2\/categories?post=38831"},{"taxonomy":"post_tag","embeddable":true,"href":"https:\/\/diariodocomercio.com.br\/mix\/wp-json\/wp\/v2\/tags?post=38831"}],"curies":[{"name":"wp","href":"https:\/\/api.w.org\/{rel}","templated":true}]}}