{"id":38839,"date":"2026-03-18T09:12:13","date_gmt":"2026-03-18T12:12:13","guid":{"rendered":"https:\/\/diariodocomercio.com.br\/mix\/?p=38839"},"modified":"2026-03-18T09:12:16","modified_gmt":"2026-03-18T12:12:16","slug":"nasa-define-data-para-evento-que-vai-mudar-a-historia-da-humanidade","status":"publish","type":"post","link":"https:\/\/diariodocomercio.com.br\/mix\/nasa-define-data-para-evento-que-vai-mudar-a-historia-da-humanidade\/","title":{"rendered":"NASA define data para evento que vai mudar a hist\u00f3ria da humanidade"},"content":{"rendered":"\n<p>A <strong>NASA<\/strong> anunciou que a miss\u00e3o <strong>Artemis II<\/strong>, considerada um dos projetos espaciais mais importantes das \u00faltimas d\u00e9cadas, poder\u00e1 ser lan\u00e7ada <strong>a partir de 1\u00ba de abril<\/strong>. A opera\u00e7\u00e3o marcar\u00e1 o <strong>primeiro voo tripulado ao redor da Lua em mais de 50 anos<\/strong>, desde o fim do programa Apollo.<\/p>\n\n\n\n<p>A miss\u00e3o faz parte do <strong>programa Artemis<\/strong>, iniciativa que pretende levar novamente seres humanos \u00e0 Lua e preparar futuras viagens tripuladas para Marte.<\/p>\n\n\n\n<p>Antes da decolagem, a ag\u00eancia espacial norte-americana deve realizar o transporte do foguete <strong>SLS (Space Launch System)<\/strong> at\u00e9 a <strong>plataforma de lan\u00e7amento 39B<\/strong>, no Centro Espacial Kennedy, na Fl\u00f3rida.<\/p>\n\n\n\n<p>O deslocamento do ve\u00edculo do pr\u00e9dio de montagem at\u00e9 a base de lan\u00e7amento pode levar <strong>at\u00e9 12 horas<\/strong>. Inicialmente, o procedimento havia sido adiado por causa da substitui\u00e7\u00e3o de um <strong>cabo el\u00e9trico no sistema de seguran\u00e7a do foguete<\/strong>, mas os reparos foram conclu\u00eddos antes do prazo previsto.<\/p>\n\n\n\n<p>A NASA informou que transmitir\u00e1 <strong>ao vivo<\/strong> o processo de deslocamento do foguete.<\/p>\n\n\n\n<p>A Artemis II ser\u00e1 uma miss\u00e3o tripulada com <strong>quatro astronautas<\/strong> a bordo:<\/p>\n\n\n\n<ul class=\"wp-block-list\">\n<li><strong>Reid Wiseman<\/strong>, comandante da miss\u00e3o<\/li>\n\n\n\n<li><strong>Victor Glover<\/strong>, piloto<\/li>\n\n\n\n<li><strong>Christina Koch<\/strong>, especialista de miss\u00e3o<\/li>\n\n\n\n<li><strong>Jeremy Hansen<\/strong>, astronauta da Ag\u00eancia Espacial Canadense<\/li>\n<\/ul>\n\n\n\n<p>Durante o voo, a nave far\u00e1 inicialmente uma <strong>\u00f3rbita ao redor da Terra<\/strong> antes de seguir em dire\u00e7\u00e3o \u00e0 Lua.<\/p>\n\n\n\n<figure class=\"wp-block-image size-large\"><img decoding=\"async\" width=\"1200\" height=\"960\" src=\"https:\/\/diariodocomercio.com.br\/mix\/wp-content\/uploads\/2026\/03\/4169-1200x960.avif\" alt=\"\" class=\"wp-image-38843\" srcset=\"https:\/\/diariodocomercio.com.br\/mix\/wp-content\/uploads\/2026\/03\/4169-1200x960.avif 1200w, https:\/\/diariodocomercio.com.br\/mix\/wp-content\/uploads\/2026\/03\/4169-300x240.avif 300w, https:\/\/diariodocomercio.com.br\/mix\/wp-content\/uploads\/2026\/03\/4169-768x614.avif 768w, https:\/\/diariodocomercio.com.br\/mix\/wp-content\/uploads\/2026\/03\/4169-1536x1229.avif 1536w, https:\/\/diariodocomercio.com.br\/mix\/wp-content\/uploads\/2026\/03\/4169-150x120.avif 150w, https:\/\/diariodocomercio.com.br\/mix\/wp-content\/uploads\/2026\/03\/4169-750x600.avif 750w, https:\/\/diariodocomercio.com.br\/mix\/wp-content\/uploads\/2026\/03\/4169-1140x912.avif 1140w, https:\/\/diariodocomercio.com.br\/mix\/wp-content\/uploads\/2026\/03\/4169.avif 1900w\" sizes=\"(max-width: 1200px) 100vw, 1200px\" \/><figcaption class=\"wp-element-caption\">(Reprodu\u00e7\u00e3o\/EPA)<\/figcaption><\/figure>\n\n\n\n<h2 class=\"wp-block-heading\"><strong>Viagem dar\u00e1 volta na Lua<\/strong><\/h2>\n\n\n\n<p>Diferentemente das miss\u00f5es Apollo, a Artemis II <strong>n\u00e3o realizar\u00e1 pouso lunar<\/strong>. O objetivo \u00e9 realizar um <strong>sobrevoo ao redor da Lua<\/strong>, testar sistemas da nave e retornar com seguran\u00e7a \u00e0 Terra.<\/p>\n\n\n\n<p>A dist\u00e2ncia entre a nave e a superf\u00edcie lunar poder\u00e1 variar entre <strong>4 mil e 6 mil milhas<\/strong> (aproximadamente <strong>6,4 mil a 9,6 mil quil\u00f4metros<\/strong>), dependendo da data exata do lan\u00e7amento.<\/p>\n\n\n\n<p>Mesmo sem pousar no sat\u00e9lite natural, a miss\u00e3o levar\u00e1 astronautas <strong>mais perto da Lua do que qualquer ser humano esteve nas \u00faltimas cinco d\u00e9cadas<\/strong>.<\/p>\n\n\n\n<h2 class=\"wp-block-heading\"><strong>Pr\u00f3ximas etapas do programa Artemis<\/strong><\/h2>\n\n\n\n<p>A Artemis II ser\u00e1 sucedida por novas miss\u00f5es dentro do programa da NASA. A <strong>Artemis III<\/strong> dever\u00e1 realizar o <strong>retorno de astronautas \u00e0 superf\u00edcie lunar<\/strong>, enquanto a <strong>Artemis IV<\/strong> tem como objetivo consolidar opera\u00e7\u00f5es no entorno da Lua e ampliar a explora\u00e7\u00e3o espacial.<\/p>\n\n\n\n<p>Segundo a ag\u00eancia espacial, essas etapas s\u00e3o fundamentais para <strong>estabelecer uma presen\u00e7a humana sustent\u00e1vel na Lua<\/strong> e abrir caminho para futuras miss\u00f5es tripuladas a <strong>Marte<\/strong>.<\/p>\n","protected":false},"excerpt":{"rendered":"<p>A NASA anunciou que a miss\u00e3o Artemis II, considerada um dos projetos espaciais mais importantes das \u00faltimas d\u00e9cadas, poder\u00e1 ser lan\u00e7ada a partir de 1\u00ba de abril. A opera\u00e7\u00e3o marcar\u00e1 o primeiro voo tripulado ao redor da Lua em mais de 50 anos, desde o fim do programa Apollo. A miss\u00e3o faz parte do programa [&hellip;]<\/p>\n","protected":false},"author":9,"featured_media":20412,"comment_status":"closed","ping_status":"closed","sticky":false,"template":"","format":"standard","meta":{"jnews-multi-image_gallery":[],"jnews_single_post":{"format":"standard"},"jnews_primary_category":[],"jnews_social_meta":[],"jnews_override_counter":[],"jnews_post_split":[],"footnotes":""},"categories":[1],"tags":[],"class_list":["post-38839","post","type-post","status-publish","format-standard","has-post-thumbnail","hentry","category-geral"],"_referencia":"","_links":{"self":[{"href":"https:\/\/diariodocomercio.com.br\/mix\/wp-json\/wp\/v2\/posts\/38839","targetHints":{"allow":["GET"]}}],"collection":[{"href":"https:\/\/diariodocomercio.com.br\/mix\/wp-json\/wp\/v2\/posts"}],"about":[{"href":"https:\/\/diariodocomercio.com.br\/mix\/wp-json\/wp\/v2\/types\/post"}],"author":[{"embeddable":true,"href":"https:\/\/diariodocomercio.com.br\/mix\/wp-json\/wp\/v2\/users\/9"}],"replies":[{"embeddable":true,"href":"https:\/\/diariodocomercio.com.br\/mix\/wp-json\/wp\/v2\/comments?post=38839"}],"version-history":[{"count":1,"href":"https:\/\/diariodocomercio.com.br\/mix\/wp-json\/wp\/v2\/posts\/38839\/revisions"}],"predecessor-version":[{"id":38844,"href":"https:\/\/diariodocomercio.com.br\/mix\/wp-json\/wp\/v2\/posts\/38839\/revisions\/38844"}],"wp:featuredmedia":[{"embeddable":true,"href":"https:\/\/diariodocomercio.com.br\/mix\/wp-json\/wp\/v2\/media\/20412"}],"wp:attachment":[{"href":"https:\/\/diariodocomercio.com.br\/mix\/wp-json\/wp\/v2\/media?parent=38839"}],"wp:term":[{"taxonomy":"category","embeddable":true,"href":"https:\/\/diariodocomercio.com.br\/mix\/wp-json\/wp\/v2\/categories?post=38839"},{"taxonomy":"post_tag","embeddable":true,"href":"https:\/\/diariodocomercio.com.br\/mix\/wp-json\/wp\/v2\/tags?post=38839"}],"curies":[{"name":"wp","href":"https:\/\/api.w.org\/{rel}","templated":true}]}}