{"id":38845,"date":"2026-03-18T12:21:00","date_gmt":"2026-03-18T15:21:00","guid":{"rendered":"https:\/\/diariodocomercio.com.br\/mix\/?p=38845"},"modified":"2026-03-18T09:26:21","modified_gmt":"2026-03-18T12:26:21","slug":"novela-avenida-brasil-voltara-a-ser-exibida-mas-nao-na-globo","status":"publish","type":"post","link":"https:\/\/diariodocomercio.com.br\/mix\/novela-avenida-brasil-voltara-a-ser-exibida-mas-nao-na-globo\/","title":{"rendered":"Novela \u201cAvenida Brasil\u201d voltar\u00e1 a ser exibida, mas n\u00e3o na Globo"},"content":{"rendered":"\n<p>A novela <strong>\u201cAvenida Brasil\u201d<\/strong>, um dos maiores sucessos da televis\u00e3o brasileira, voltar\u00e1 \u00e0 programa\u00e7\u00e3o de TV, mas n\u00e3o apenas no Brasil. A produ\u00e7\u00e3o ser\u00e1 exibida tamb\u00e9m no <strong>Chile<\/strong>, onde passar\u00e1 a integrar a grade da emissora p\u00fablica <strong>TVN<\/strong> a partir de abril.<\/p>\n\n\n\n<p>A trama brasileira refor\u00e7ar\u00e1 a programa\u00e7\u00e3o do hor\u00e1rio nobre da emissora chilena, sendo exibida na <strong>segunda faixa do prime time<\/strong>, logo ap\u00f3s a novela <strong>\u201cMois\u00e9s e os Dez Mandamentos\u201d<\/strong>, que tem registrado bons \u00edndices de audi\u00eancia no pa\u00eds.<\/p>\n\n\n\n<p>Exibida originalmente no Brasil em <strong>2012<\/strong>, \u201cAvenida Brasil\u201d se transformou em um fen\u00f4meno de audi\u00eancia e repercuss\u00e3o cultural. A hist\u00f3ria criada por <strong>Jo\u00e3o Emanuel Carneiro<\/strong> conquistou milh\u00f5es de espectadores em diversos pa\u00edses gra\u00e7as aos seus personagens marcantes e \u00e0s reviravoltas dram\u00e1ticas.<\/p>\n\n\n\n<p>A trama acompanha a hist\u00f3ria de <strong>Rita<\/strong>, uma menina que perde o pai ap\u00f3s uma s\u00e9rie de manipula\u00e7\u00f5es da madrasta ambiciosa <strong>Carminha<\/strong>. Depois de ser abandonada em um lix\u00e3o no Rio de Janeiro, a jovem \u00e9 adotada por outra fam\u00edlia e cresce determinada a se vingar.<\/p>\n\n\n\n<p>Anos depois, j\u00e1 adulta e usando o nome <strong>Nina<\/strong>, ela retorna para se infiltrar na casa da madrasta, iniciando um complexo jogo de segredos, mentiras e confrontos.<\/p>\n\n\n\n<figure class=\"wp-block-embed is-type-video is-provider-youtube wp-block-embed-youtube wp-embed-aspect-16-9 wp-has-aspect-ratio\"><div class=\"wp-block-embed__wrapper\">\n<div class=\"jeg_video_container jeg_video_content\"><iframe loading=\"lazy\" title=\"Trailer Da Novela - Avenida Brasil (Rede Globo)\" width=\"500\" height=\"281\" src=\"https:\/\/www.youtube.com\/embed\/9i4NMdK3LGU?feature=oembed\" frameborder=\"0\" allow=\"accelerometer; autoplay; clipboard-write; encrypted-media; gyroscope; picture-in-picture; web-share\" referrerpolicy=\"strict-origin-when-cross-origin\" allowfullscreen><\/iframe><\/div>\n<\/div><\/figure>\n\n\n\n<h2 class=\"wp-block-heading\"><strong>Reprise tamb\u00e9m est\u00e1 confirmada no Brasil<\/strong><\/h2>\n\n\n\n<p>Al\u00e9m da exibi\u00e7\u00e3o no Chile, a novela tamb\u00e9m voltar\u00e1 \u00e0 programa\u00e7\u00e3o brasileira. A <strong>TV Globo confirmou que \u201cAvenida Brasil\u201d ser\u00e1 reprisada no \u201cVale a Pena Ver de Novo\u201d a partir de 30 de mar\u00e7o de 2026<\/strong>, cerca de 14 anos ap\u00f3s sua exibi\u00e7\u00e3o original.<\/p>\n\n\n\n<p>Considerada uma das produ\u00e7\u00f5es mais marcantes da televis\u00e3o brasileira, a novela se consolidou como um dos maiores sucessos da dramaturgia nacional, mantendo forte popularidade mesmo anos ap\u00f3s o fim de sua transmiss\u00e3o original.<\/p>\n\n\n\n<h2 class=\"wp-block-heading\"><strong>Elenco re\u00fane grandes nomes da TV brasileira<\/strong><\/h2>\n\n\n\n<p>O elenco da novela re\u00fane alguns dos nomes mais conhecidos da televis\u00e3o brasileira. <strong>Adriana Esteves<\/strong> interpretou a vil\u00e3 Carminha, personagem que se tornou um dos pap\u00e9is mais marcantes da dramaturgia nacional.<\/p>\n\n\n\n<p>A protagonista Nina foi vivida por <strong>D\u00e9bora Falabella<\/strong>, enquanto <strong>Murilo Ben\u00edcio<\/strong> interpretou o ex-jogador de futebol <strong>Tuf\u00e3o<\/strong>. J\u00e1 <strong>Cau\u00e3 Reymond<\/strong> deu vida ao personagem <strong>Jorginho<\/strong>, par rom\u00e2ntico da protagonista.<\/p>\n\n\n\n<p>Outros nomes de destaque no elenco incluem <strong>Eliane Giardini, Marcos Caruso, Vera Holtz e Alexandre Borges<\/strong>.<\/p>\n","protected":false},"excerpt":{"rendered":"<p>A novela \u201cAvenida Brasil\u201d, um dos maiores sucessos da televis\u00e3o brasileira, voltar\u00e1 \u00e0 programa\u00e7\u00e3o de TV, mas n\u00e3o apenas no Brasil. A produ\u00e7\u00e3o ser\u00e1 exibida tamb\u00e9m no Chile, onde passar\u00e1 a integrar a grade da emissora p\u00fablica TVN a partir de abril. A trama brasileira refor\u00e7ar\u00e1 a programa\u00e7\u00e3o do hor\u00e1rio nobre da emissora chilena, sendo [&hellip;]<\/p>\n","protected":false},"author":9,"featured_media":38848,"comment_status":"closed","ping_status":"closed","sticky":false,"template":"","format":"standard","meta":{"jnews-multi-image_gallery":[],"jnews_single_post":{"format":"standard"},"jnews_primary_category":[],"jnews_social_meta":[],"jnews_override_counter":[],"jnews_post_split":[],"footnotes":""},"categories":[1],"tags":[],"class_list":["post-38845","post","type-post","status-publish","format-standard","has-post-thumbnail","hentry","category-geral"],"_referencia":"","_links":{"self":[{"href":"https:\/\/diariodocomercio.com.br\/mix\/wp-json\/wp\/v2\/posts\/38845","targetHints":{"allow":["GET"]}}],"collection":[{"href":"https:\/\/diariodocomercio.com.br\/mix\/wp-json\/wp\/v2\/posts"}],"about":[{"href":"https:\/\/diariodocomercio.com.br\/mix\/wp-json\/wp\/v2\/types\/post"}],"author":[{"embeddable":true,"href":"https:\/\/diariodocomercio.com.br\/mix\/wp-json\/wp\/v2\/users\/9"}],"replies":[{"embeddable":true,"href":"https:\/\/diariodocomercio.com.br\/mix\/wp-json\/wp\/v2\/comments?post=38845"}],"version-history":[{"count":2,"href":"https:\/\/diariodocomercio.com.br\/mix\/wp-json\/wp\/v2\/posts\/38845\/revisions"}],"predecessor-version":[{"id":38851,"href":"https:\/\/diariodocomercio.com.br\/mix\/wp-json\/wp\/v2\/posts\/38845\/revisions\/38851"}],"wp:featuredmedia":[{"embeddable":true,"href":"https:\/\/diariodocomercio.com.br\/mix\/wp-json\/wp\/v2\/media\/38848"}],"wp:attachment":[{"href":"https:\/\/diariodocomercio.com.br\/mix\/wp-json\/wp\/v2\/media?parent=38845"}],"wp:term":[{"taxonomy":"category","embeddable":true,"href":"https:\/\/diariodocomercio.com.br\/mix\/wp-json\/wp\/v2\/categories?post=38845"},{"taxonomy":"post_tag","embeddable":true,"href":"https:\/\/diariodocomercio.com.br\/mix\/wp-json\/wp\/v2\/tags?post=38845"}],"curies":[{"name":"wp","href":"https:\/\/api.w.org\/{rel}","templated":true}]}}