{"id":38869,"date":"2026-03-18T11:11:43","date_gmt":"2026-03-18T14:11:43","guid":{"rendered":"https:\/\/diariodocomercio.com.br\/mix\/?p=38869"},"modified":"2026-03-18T11:11:46","modified_gmt":"2026-03-18T14:11:46","slug":"beneficiarios-do-bolsa-familia-podem-resgatar-adicional-de-r-300-caso-consigam-um-emprego","status":"publish","type":"post","link":"https:\/\/diariodocomercio.com.br\/mix\/beneficiarios-do-bolsa-familia-podem-resgatar-adicional-de-r-300-caso-consigam-um-emprego\/","title":{"rendered":"Benefici\u00e1rios do Bolsa Fam\u00edlia podem resgatar adicional de R$ 300, caso consigam um emprego"},"content":{"rendered":"\n<p>Benefici\u00e1rios do Bolsa Fam\u00edlia que conseguirem um emprego formal podem receber um aux\u00edlio adicional de at\u00e9 R$ 300 por m\u00eas durante um per\u00edodo de transi\u00e7\u00e3o. A medida faz parte de um programa criado pela Prefeitura de Crici\u00fama, em Santa Catarina, com o objetivo de incentivar a entrada de fam\u00edlias de baixa renda no mercado de trabalho.<\/p>\n\n\n\n<p>O programa, chamado Promove \u2014 Programa de Renda e Oportunidade Municipal para Ocupa\u00e7\u00e3o, Valoriza\u00e7\u00e3o e Emprego, foi sancionado em fevereiro de 2026 e prev\u00ea apoio financeiro tempor\u00e1rio para fam\u00edlias que deixam gradualmente programas de transfer\u00eancia de renda.<\/p>\n\n\n\n<p>Pelas regras do programa, o benef\u00edcio municipal de <strong>R$ 300 mensais<\/strong> poder\u00e1 ser pago por <strong>at\u00e9 seis meses<\/strong>, mesmo que o benefici\u00e1rio j\u00e1 tenha conseguido um emprego com carteira assinada.<\/p>\n\n\n\n<p>A proposta \u00e9 garantir uma <strong>rede de prote\u00e7\u00e3o financeira durante o per\u00edodo de adapta\u00e7\u00e3o ao trabalho formal<\/strong>, evitando que a redu\u00e7\u00e3o ou perda do benef\u00edcio federal cause impacto imediato no or\u00e7amento familiar.<\/p>\n\n\n\n<p>Segundo a prefeitura, a iniciativa busca <strong>reduzir o tempo de perman\u00eancia em programas assistenciais<\/strong> e incentivar a autonomia financeira das fam\u00edlias.<\/p>\n\n\n\n<h2 class=\"wp-block-heading\"><strong>Quem pode participar<\/strong><\/h2>\n\n\n\n<p>O Promove deve atender <strong>at\u00e9 mil fam\u00edlias<\/strong> que cumpram alguns crit\u00e9rios estabelecidos pelo munic\u00edpio. Entre os requisitos est\u00e3o:<\/p>\n\n\n\n<ul class=\"wp-block-list\">\n<li>Estar inscrito no <strong>Cadastro \u00danico para Programas Sociais (Cad\u00danico)<\/strong><\/li>\n\n\n\n<li>Ser benefici\u00e1rio do <strong>Bolsa Fam\u00edlia<\/strong><\/li>\n\n\n\n<li>Estar na <strong>regra de transi\u00e7\u00e3o do programa federal<\/strong><\/li>\n\n\n\n<li>Comprovar participa\u00e7\u00e3o ou inscri\u00e7\u00e3o em <strong>cursos de qualifica\u00e7\u00e3o profissional ou programas de inclus\u00e3o produtiva<\/strong> reconhecidos pela prefeitura<\/li>\n\n\n\n<li><strong>Residir em Crici\u00fama<\/strong>, com documenta\u00e7\u00e3o comprobat\u00f3ria<\/li>\n<\/ul>\n\n\n\n<p>Al\u00e9m disso, o benefici\u00e1rio precisa <strong>manter o v\u00ednculo de trabalho formal<\/strong> durante o per\u00edodo em que receber o aux\u00edlio municipal.<\/p>\n\n\n\n<h2 class=\"wp-block-heading\"><strong>Incentivo \u00e0 autonomia financeira<\/strong><\/h2>\n\n\n\n<p>De acordo com a administra\u00e7\u00e3o municipal, o objetivo do programa \u00e9 funcionar como uma <strong>ponte entre a assist\u00eancia social e o mercado de trabalho<\/strong>, oferecendo condi\u00e7\u00f5es para que fam\u00edlias em situa\u00e7\u00e3o de vulnerabilidade consigam se estabilizar financeiramente.<\/p>\n\n\n\n<p>A elabora\u00e7\u00e3o do Promove contou com a participa\u00e7\u00e3o das <strong>secretarias municipais de Desenvolvimento Econ\u00f4mico e Assist\u00eancia Social<\/strong>, al\u00e9m da <strong>Controladoria Geral e da Procuradoria Geral do Munic\u00edpio<\/strong>.<\/p>\n\n\n\n<p>A expectativa da prefeitura \u00e9 que a iniciativa possa servir de <strong>refer\u00eancia para outras cidades<\/strong> interessadas em criar pol\u00edticas p\u00fablicas que integrem programas de transfer\u00eancia de renda com a\u00e7\u00f5es de gera\u00e7\u00e3o de emprego e qualifica\u00e7\u00e3o profissional.<\/p>\n","protected":false},"excerpt":{"rendered":"<p>Benefici\u00e1rios do Bolsa Fam\u00edlia que conseguirem um emprego formal podem receber um aux\u00edlio adicional de at\u00e9 R$ 300 por m\u00eas durante um per\u00edodo de transi\u00e7\u00e3o. A medida faz parte de um programa criado pela Prefeitura de Crici\u00fama, em Santa Catarina, com o objetivo de incentivar a entrada de fam\u00edlias de baixa renda no mercado de [&hellip;]<\/p>\n","protected":false},"author":9,"featured_media":9091,"comment_status":"closed","ping_status":"closed","sticky":false,"template":"","format":"standard","meta":{"jnews-multi-image_gallery":[],"jnews_single_post":{"format":"standard"},"jnews_primary_category":[],"jnews_social_meta":[],"jnews_override_counter":[],"jnews_post_split":[],"footnotes":""},"categories":[1],"tags":[],"class_list":["post-38869","post","type-post","status-publish","format-standard","has-post-thumbnail","hentry","category-geral"],"_referencia":"","_links":{"self":[{"href":"https:\/\/diariodocomercio.com.br\/mix\/wp-json\/wp\/v2\/posts\/38869","targetHints":{"allow":["GET"]}}],"collection":[{"href":"https:\/\/diariodocomercio.com.br\/mix\/wp-json\/wp\/v2\/posts"}],"about":[{"href":"https:\/\/diariodocomercio.com.br\/mix\/wp-json\/wp\/v2\/types\/post"}],"author":[{"embeddable":true,"href":"https:\/\/diariodocomercio.com.br\/mix\/wp-json\/wp\/v2\/users\/9"}],"replies":[{"embeddable":true,"href":"https:\/\/diariodocomercio.com.br\/mix\/wp-json\/wp\/v2\/comments?post=38869"}],"version-history":[{"count":1,"href":"https:\/\/diariodocomercio.com.br\/mix\/wp-json\/wp\/v2\/posts\/38869\/revisions"}],"predecessor-version":[{"id":38870,"href":"https:\/\/diariodocomercio.com.br\/mix\/wp-json\/wp\/v2\/posts\/38869\/revisions\/38870"}],"wp:featuredmedia":[{"embeddable":true,"href":"https:\/\/diariodocomercio.com.br\/mix\/wp-json\/wp\/v2\/media\/9091"}],"wp:attachment":[{"href":"https:\/\/diariodocomercio.com.br\/mix\/wp-json\/wp\/v2\/media?parent=38869"}],"wp:term":[{"taxonomy":"category","embeddable":true,"href":"https:\/\/diariodocomercio.com.br\/mix\/wp-json\/wp\/v2\/categories?post=38869"},{"taxonomy":"post_tag","embeddable":true,"href":"https:\/\/diariodocomercio.com.br\/mix\/wp-json\/wp\/v2\/tags?post=38869"}],"curies":[{"name":"wp","href":"https:\/\/api.w.org\/{rel}","templated":true}]}}