{"id":38871,"date":"2026-03-18T11:59:50","date_gmt":"2026-03-18T14:59:50","guid":{"rendered":"https:\/\/diariodocomercio.com.br\/mix\/?p=38871"},"modified":"2026-03-18T17:53:10","modified_gmt":"2026-03-18T20:53:10","slug":"lei-da-cnh-motoristas-com-mais-de-69-anos-vao-perder-beneficio","status":"publish","type":"post","link":"https:\/\/diariodocomercio.com.br\/mix\/lei-da-cnh-motoristas-com-mais-de-69-anos-vao-perder-beneficio\/","title":{"rendered":"Lei da CNH: motoristas com mais de 69 anos v\u00e3o perder benef\u00edcio"},"content":{"rendered":"\n<p>Motoristas com <strong>70 anos ou mais<\/strong> n\u00e3o poder\u00e3o utilizar o novo sistema de <strong>renova\u00e7\u00e3o autom\u00e1tica da Carteira Nacional de Habilita\u00e7\u00e3o (CNH)<\/strong>, criado pelo governo federal para simplificar o processo de revalida\u00e7\u00e3o do documento. Apesar disso, os condutores dessa faixa et\u00e1ria continuam autorizados a dirigir normalmente no Brasil, desde que cumpram as regras de renova\u00e7\u00e3o estabelecidas pelo C\u00f3digo de Tr\u00e2nsito.<\/p>\n\n\n\n<p>A medida faz parte da <strong>Medida Provis\u00f3ria n\u00ba 1.327\/2025<\/strong>, conhecida como <strong>MP do Bom Condutor<\/strong>, assinada pelo presidente Luiz In\u00e1cio Lula da Silva e publicada no Di\u00e1rio Oficial da Uni\u00e3o em dezembro do ano passado. A proposta busca reduzir burocracia e custos para motoristas com bom hist\u00f3rico no tr\u00e2nsito.<\/p>\n\n\n\n<p>Com a nova regra, a renova\u00e7\u00e3o autom\u00e1tica da CNH passou a ser liberada apenas para condutores <strong>com menos de 70 anos<\/strong>, desde que n\u00e3o tenham cometido <strong>infra\u00e7\u00f5es de tr\u00e2nsito com pontua\u00e7\u00e3o na carteira nos \u00faltimos 12 meses<\/strong>.<\/p>\n\n\n\n<p>Motoristas entre <strong>50 e 69 anos<\/strong> tamb\u00e9m podem utilizar o benef\u00edcio, por\u00e9m <strong>apenas uma vez<\/strong>. Na renova\u00e7\u00e3o seguinte, esses condutores voltar\u00e3o a passar pelos procedimentos tradicionais.<\/p>\n\n\n\n<p>Segundo o governo federal, mais de <strong>um milh\u00e3o de motoristas<\/strong> j\u00e1 tiveram o documento renovado automaticamente nos primeiros meses de implementa\u00e7\u00e3o da medida.<\/p>\n\n\n\n<h2 class=\"wp-block-heading\"><strong>Exames continuam obrigat\u00f3rios para idosos<\/strong><\/h2>\n\n\n\n<p>Para motoristas com <strong>70 anos ou mais<\/strong>, a legisla\u00e7\u00e3o mant\u00e9m a exig\u00eancia de <strong>avalia\u00e7\u00f5es m\u00e9dicas presenciais<\/strong> no Departamento Estadual de Tr\u00e2nsito (Detran). O objetivo \u00e9 verificar se o condutor continua apto a dirigir com seguran\u00e7a.<\/p>\n\n\n\n<p>Al\u00e9m disso, o prazo de validade da habilita\u00e7\u00e3o tamb\u00e9m \u00e9 reduzido para essa faixa et\u00e1ria.<\/p>\n\n\n\n<p>Atualmente, os per\u00edodos de renova\u00e7\u00e3o da CNH seguem o seguinte crit\u00e9rio:<\/p>\n\n\n\n<ul class=\"wp-block-list\">\n<li><strong>At\u00e9 50 anos:<\/strong> validade de 10 anos<\/li>\n\n\n\n<li><strong>Entre 50 e 69 anos:<\/strong> validade de 5 anos<\/li>\n\n\n\n<li><strong>70 anos ou mais:<\/strong> validade de 3 anos<\/li>\n<\/ul>\n\n\n\n<p>De acordo com especialistas em tr\u00e2nsito, a exig\u00eancia de exames peri\u00f3dicos busca garantir a seguran\u00e7a nas vias, considerando poss\u00edveis altera\u00e7\u00f5es de sa\u00fade que podem ocorrer com o avan\u00e7o da idade.<\/p>\n\n\n\n<h2 class=\"wp-block-heading\"><strong>Infra\u00e7\u00e3o por dirigir com CNH vencida<\/strong><\/h2>\n\n\n\n<p>Independentemente da idade, conduzir um ve\u00edculo com a <strong>CNH vencida h\u00e1 mais de 30 dias<\/strong> \u00e9 considerado <strong>infra\u00e7\u00e3o grav\u00edssima<\/strong>, sujeita a multa e pontos na carteira.<\/p>\n\n\n\n<p>Nos casos em que a renova\u00e7\u00e3o exige avalia\u00e7\u00e3o m\u00e9dica, o custo pode variar conforme o estado e os exames solicitados pelo Detran, podendo ultrapassar <strong>R$ 500<\/strong> em algumas situa\u00e7\u00f5es.<\/p>\n","protected":false},"excerpt":{"rendered":"<p>Motoristas com 70 anos ou mais n\u00e3o poder\u00e3o utilizar o novo sistema de renova\u00e7\u00e3o autom\u00e1tica da Carteira Nacional de Habilita\u00e7\u00e3o (CNH), criado pelo governo federal para simplificar o processo de revalida\u00e7\u00e3o do documento. Apesar disso, os condutores dessa faixa et\u00e1ria continuam autorizados a dirigir normalmente no Brasil, desde que cumpram as regras de renova\u00e7\u00e3o estabelecidas [&hellip;]<\/p>\n","protected":false},"author":9,"featured_media":5445,"comment_status":"closed","ping_status":"closed","sticky":false,"template":"","format":"standard","meta":{"jnews-multi-image_gallery":[],"jnews_single_post":{"format":"standard"},"jnews_primary_category":[],"jnews_social_meta":[],"jnews_override_counter":[],"jnews_post_split":[],"footnotes":""},"categories":[1],"tags":[],"class_list":["post-38871","post","type-post","status-publish","format-standard","has-post-thumbnail","hentry","category-geral"],"_referencia":"","_links":{"self":[{"href":"https:\/\/diariodocomercio.com.br\/mix\/wp-json\/wp\/v2\/posts\/38871","targetHints":{"allow":["GET"]}}],"collection":[{"href":"https:\/\/diariodocomercio.com.br\/mix\/wp-json\/wp\/v2\/posts"}],"about":[{"href":"https:\/\/diariodocomercio.com.br\/mix\/wp-json\/wp\/v2\/types\/post"}],"author":[{"embeddable":true,"href":"https:\/\/diariodocomercio.com.br\/mix\/wp-json\/wp\/v2\/users\/9"}],"replies":[{"embeddable":true,"href":"https:\/\/diariodocomercio.com.br\/mix\/wp-json\/wp\/v2\/comments?post=38871"}],"version-history":[{"count":1,"href":"https:\/\/diariodocomercio.com.br\/mix\/wp-json\/wp\/v2\/posts\/38871\/revisions"}],"predecessor-version":[{"id":38873,"href":"https:\/\/diariodocomercio.com.br\/mix\/wp-json\/wp\/v2\/posts\/38871\/revisions\/38873"}],"wp:featuredmedia":[{"embeddable":true,"href":"https:\/\/diariodocomercio.com.br\/mix\/wp-json\/wp\/v2\/media\/5445"}],"wp:attachment":[{"href":"https:\/\/diariodocomercio.com.br\/mix\/wp-json\/wp\/v2\/media?parent=38871"}],"wp:term":[{"taxonomy":"category","embeddable":true,"href":"https:\/\/diariodocomercio.com.br\/mix\/wp-json\/wp\/v2\/categories?post=38871"},{"taxonomy":"post_tag","embeddable":true,"href":"https:\/\/diariodocomercio.com.br\/mix\/wp-json\/wp\/v2\/tags?post=38871"}],"curies":[{"name":"wp","href":"https:\/\/api.w.org\/{rel}","templated":true}]}}