{"id":38879,"date":"2026-03-18T13:29:48","date_gmt":"2026-03-18T16:29:48","guid":{"rendered":"https:\/\/diariodocomercio.com.br\/mix\/?p=38879"},"modified":"2026-03-18T17:50:41","modified_gmt":"2026-03-18T20:50:41","slug":"greve-e-anunciada-no-sul-e-pode-paralisar-todo-o-brasil-nos-proximos-dias","status":"publish","type":"post","link":"https:\/\/diariodocomercio.com.br\/mix\/greve-e-anunciada-no-sul-e-pode-paralisar-todo-o-brasil-nos-proximos-dias\/","title":{"rendered":"Greve \u00e9 anunciada no Sul e pode paralisar todo o Brasil nos pr\u00f3ximos dias"},"content":{"rendered":"\n<p>A possibilidade de uma <strong>greve de caminhoneiros<\/strong> voltou a ganhar for\u00e7a no Brasil e pode provocar impactos no transporte de cargas e na economia nos pr\u00f3ximos dias. Lideran\u00e7as da categoria afirmam que a paralisa\u00e7\u00e3o j\u00e1 foi discutida em assembleias e pode ocorrer em breve, com ades\u00e3o de motoristas aut\u00f4nomos e profissionais ligados a transportadoras.<\/p>\n\n\n\n<p>O movimento tem como principal motiva\u00e7\u00e3o o <strong>aumento recente no pre\u00e7o do \u00f3leo diesel<\/strong>, que elevou os custos de opera\u00e7\u00e3o do transporte rodovi\u00e1rio. De acordo com representantes da categoria, a atividade tornou-se financeiramente invi\u00e1vel para muitos profissionais.<\/p>\n\n\n\n<p>Segundo Wallace Landim, presidente da <strong>Associa\u00e7\u00e3o Brasileira dos Condutores de Ve\u00edculos Automotores (Abrava)<\/strong>, conhecido como Chor\u00e3o, a mobiliza\u00e7\u00e3o deixou de ser apenas uma possibilidade.<\/p>\n\n\n\n<p>\u201cVai ter greve. Se for preciso, vamos fechar rodovias. A categoria j\u00e1 deliberou por isso e estamos articulando nacionalmente com outros grupos\u201d, afirmou de acordo com a revista Veja.<\/p>\n\n\n\n<p>O alerta inicial para a paralisa\u00e7\u00e3o surgiu principalmente em estados da <strong>regi\u00e3o Sul<\/strong>, onde a mobiliza\u00e7\u00e3o tem ganhado apoio de motoristas. A <strong>Pol\u00edcia Rodovi\u00e1ria Federal (PRF)<\/strong> informou que, at\u00e9 a manh\u00e3 desta quarta-feira (18), as rodovias federais em <strong>Santa Catarina<\/strong> seguiam com fluxo normal e sem bloqueios registrados.<\/p>\n\n\n\n<p>Apesar disso, o \u00f3rg\u00e3o afirmou que acompanha a situa\u00e7\u00e3o e monitora poss\u00edveis manifesta\u00e7\u00f5es nas estradas.<\/p>\n\n\n\n<p>Entidades do setor, como a <strong>Confedera\u00e7\u00e3o Nacional dos Trabalhadores em Transportes e Log\u00edstica (CNTTL)<\/strong> e a pr\u00f3pria Abrava, t\u00eam orientado que caminhoneiros evitem bloqueios de rodovias para n\u00e3o sofrer penalidades. A recomenda\u00e7\u00e3o \u00e9 que, caso a greve seja confirmada, os motoristas permane\u00e7am parados em postos ou em casa.<\/p>\n\n\n<style>@media (min-width: 992px) {\n    .recomendadorV2Area1 {\n        width: 280px;\n    }\n    .recomendadorV2Area2 {\n        padding: 0px 20px;\n        width: calc(100% - 280px);\n    }\n}\n\n@media (max-width: 992px) {\n    .recomendadorV2Button {\n        margin: 0 auto;\n    }\n    .recomendadorV2Area {\n        flex-direction: column;\n        text-align: center;\n    }\n    .recomendadorV2Area2 {\n        padding: 0px 20px;\n    }\n}\n\n.recomendadorV2Area {\n    background: #eeeeee3d;\n    border-radius: 10px;\n    padding: 15px;\n    display: flex;\n    margin: 15px auto;\n    border: 1px solid #00000014;\n    max-width: 800px;\n}\n\n.recomendadorV2Area1 img {\n    width: 280px;\n    height: auto;\n    border-radius: 8px;\n}\n\n.linkrecomendadorv2 {\n    text-decoration: none !important;\n}\n\n.recomendadorV2Area2 .recomendadorV2Type {\n    text-transform: uppercase;\n    font-weight: 500;\n    font-size: 11px;\n    letter-spacing: 2px;\n    color: #666;\n    margin: 12px 0;\n    display: block;\n}\n\n.recomendadorV2Title h2 {\n    padding-top: 0px !important;\n    margin: 0px !important;\n    border-left: none !important;\n    padding-left: 0px !important;\n    line-height: 1.3;\n    color: #000 !important;\n    font-size: 24px;\n    margin-bottom: 12px !important;\n}\n\n.recomendadorV2Desc {\n    color: #333;\n    margin: 12px 0px !important;\n    font-size: 15px;\n    line-height: 1.5;\n}\n\n.recomendadorV2Button {\n    width: auto;\n    max-width: 200px;\n    margin: 0;\n    display: inline-flex;\n    align-items: center;\n    background: #1D3557;\n    border-radius: 8px;\n    color: #fff;\n    height: 36px;\n    justify-content: center;\n    text-align: center;\n    font-size: 14px;\n    padding: 0 20px;\n    transition: background-color 0.2s ease;\n}\n\n.recomendadorV2Button:hover {\n    background: #2a4d7a;\n}\n\n.recomendadorV2Button:after {\n    margin-top: -2px;\n    content: \"\u2192\";\n    padding: 0px 0px 0px 8px;\n}\n\n.recomendadorV2Alert {\n    text-align: left;\n    font-size: 11px;\n    margin-top: 8px;\n    color: #666;\n}\n\n.recomendadorFixedArea {\n    width: 100%;\n    display: flex;\n    justify-content: center;\n    align-items: center;\n}\n\n@media (min-width: 992px) {\n    #recomendadorFixed {\n        width: 32% !important;\n        left: 5%;\n    }\n    .recomendadorCloseFixed{\n        right: inherit !important;\n        left: 378px !important;\n    }\n}\n\n#recomendadorFixed {\n    width: 90%;\n    box-shadow: 0 10px 20px 0px #00000057;\n    display: none;\n    height: 90px;\n    background: #F6F6F6;\n    position: fixed;\n    flex-direction: row;\n    bottom: 10px;\n    z-index: 9999;\n    border-radius: 16px;\n    padding: 7px 10px;\n}\n\n.recomendadorLeftArea {\n    width: 160px;\n}\n\n.recomendadorRightArea h2 {\n    padding-top: 0px;\n    margin: 2px 0px 4px 0px !important;\n    font-weight: 400;\n    text-align: center;\n    padding-left: 0px !important;\n    color: #000 !important;\n    border-left: none !important;\n    line-height: 20px;\n    font-size: 12px !important;\n}\n\n.recomendadorImgFixed {\n    overflow: hidden;\n    padding: 8px 6px;\n    height: 100%;\n}\n\n.recomendadorImgFixed img {\n    height: 100% !important;\n    border-radius: 16px;\n}\n\n.recomendadorRightArea {\n    padding-top: 6px;\n    display: flex;\n    width: calc(100% - 130px);\n    justify-content: space-between;\n    align-items: center;\n    flex-direction: column;\n}\n\n.recomendadorButtonFixed {\n    margin: 0 auto;\n    background: #1D3557;\n    width: 80%;\n    text-align: center;\n    font-size: 10px;\n    color: #FFF;\n    padding: 2px 10px;\n    border-radius: 3px;\n}\n\n.recomendadorButtonFixed:after {\n    margin-top: -3px;\n    content: \"\u2192\";\n    padding: 0px 0px 0px 10px;\n}\n\n.recomendadorAlertFixed {\n    font-weight: 400;\n    text-align: center;\n    color: #484848;\n    font-size: 8px;\n}\n\n.recomendadorCloseFixed {\n    z-index: 99999;\n    display: none;\n    right: 0px;\n    left: inherit;\n    bottom: 99px;\n    position: fixed;\n    justify-content: center;\n    background: #F6F6F6;\n    width: 25px;\n    align-items: center;\n    height: 25px;\n    font-weight: 800;\n    border-radius: 50%;\n    border: 1px solid #EBEBEB;\n}\n\n.recomendadorV2Desc{\n    color: #000000;\n    margin: 20px 0px;\n}\n\n@media (max-width: 576px) {\n    .recomendadorV2Area {\n      padding: 10px;\n      max-width: 100%;\n    }\n  \n    .recomendadorV2Area1 img {\n      width: 100%;\n      border-radius: 6px;\n    }\n  \n    .recomendadorV2Area2 .recomendadorV2Type {\n      font-size: 9px;\n      letter-spacing: 1px;\n      margin: 8px 0;\n    }\n  \n    .recomendadorV2Title h2 {\n      font-size: 18px !important;\n      margin-bottom: 8px !important;\n      line-height: 1.2;\n    }\n  \n    .recomendadorV2Desc {\n      font-size: 14px;\n      margin: 8px 0 !important;\n      line-height: 1.4;\n    }\n  \n    .recomendadorV2Button {\n      font-size: 14px;\n      height: 40px;\n      padding: 0 12px;\n      max-width: 100%;\n      width: 100%;\n    }\n  \n    .recomendadorV2Button:after {\n      padding-left: 6px;\n    }\n  }\n  <\/style>\n        <div class=\"lazyblock-recomendador-v2-2jDGz wp-block-lazyblock-recomendador-v2\">\n        <a class=\"linkrecomendadorv2\" href=\"https:\/\/diariodocomercio.com.br\/mix\/itau-desativou-319-agencias-de-forma-relampago-e-demitiu-milhares-de-funcionarios\/?utm_source=lazy\">\n            <div class=\"recomendadorV2Area\">\n            <div class=\"recomendadorV2Area1\">\n                <div class=\"recomendadorV2Img\">\n                <img class=\"lazyloaded\" decoding=\"async\" src=\"https:\/\/diariodocomercio.com.br\/mix\/wp-content\/uploads\/2025\/06\/Itau_berrini_6-1392x891-1-1140x570.jpg\" data-src=\"https:\/\/diariodocomercio.com.br\/mix\/wp-content\/uploads\/2025\/06\/Itau_berrini_6-1392x891-1-1140x570.jpg\" alt=\"\">\n                <\/div>\n            <\/div>\n            <div class=\"recomendadorV2Area2\">\n                <div class=\"recomendadorV2Type\">\n                    <span>Banco fecha<\/span>\n                <\/div>\n                <div class=\"recomendadorV2Title\">\n                <h2><span>Ita\u00fa corta \ud83c\udfe6<\/span><\/h2>\n                <\/div>\n                <div class=\"recomendadorV2Desc\">\n                <span>Centenas de ag\u00eancias fechadas<\/span>\n                <\/div>\n                <div class=\"recomendadorV2Button\">Veja impacto<\/div>\n                <div class=\"recomendadorV2Alert\"><\/div>\n            <\/div>\n            <\/div>\n        <\/a>\n        <div>\n            <div style=\"z-index:99999;\" id=\"buttonClose\" onclick=\"closeRecomendadorFixed()\">\n            <div class=\"recomendadorCloseFixed\">X<\/div>\n            <\/div>\n            <a href=\"https:\/\/diariodocomercio.com.br\/mix\/itau-desativou-319-agencias-de-forma-relampago-e-demitiu-milhares-de-funcionarios\/?utm_source=lazy\">\n            <div class=\"recomendadorFixedArea\">\n                <div id=\"recomendadorFixed\">\n                <div class=\"recomendadorLeftArea\">\n                    <div class=\"recomendadorImgFixed\">\n                    <img class=\"lazyload\" decoding=\"async\" src=\"https:\/\/diariodocomercio.com.br\/mix\/wp-content\/uploads\/2025\/06\/Itau_berrini_6-1392x891-1-1140x570.jpg\" alt=\"\">\n                    <\/div>\n                <\/div>\n                <div class=\"recomendadorRightArea\">\n                    <div class=\"recomendadorTitleFixed\">\n                    <h2><span>Ita\u00fa corta \ud83c\udfe6<\/span><\/h2>\n                    <\/div>\n                    <div class=\"recomendadorButtonFixed\">Veja impacto<\/div>\n                    <div class=\"recomendadorAlertFixed\"><\/div>\n                <\/div>\n                <\/div>\n            <\/div>\n            <\/a>\n        <\/div>\n        <\/div>\n\n\n\n<h2 class=\"wp-block-heading\"><strong>Alta do diesel pressiona categoria<\/strong><\/h2>\n\n\n\n<p>De acordo com representantes do movimento, o principal fator que impulsiona a insatisfa\u00e7\u00e3o \u00e9 a sequ\u00eancia de aumentos no pre\u00e7o do diesel, que impacta diretamente os custos de transporte.<\/p>\n\n\n\n<p>A alta do combust\u00edvel est\u00e1 ligada \u00e0 valoriza\u00e7\u00e3o do petr\u00f3leo no mercado internacional, intensificada ap\u00f3s tens\u00f5es no Oriente M\u00e9dio. O conflito envolvendo <strong>Estados Unidos e Ir\u00e3<\/strong> provocou o fechamento do <strong>Estreito de Ormuz<\/strong>, rota estrat\u00e9gica por onde circula cerca de <strong>20% do petr\u00f3leo mundial<\/strong>, elevando os pre\u00e7os globais da commodity.<\/p>\n\n\n\n<p>Outro ponto central da reivindica\u00e7\u00e3o \u00e9 o <strong>descumprimento do piso m\u00ednimo do frete<\/strong>, tabela que estabelece o valor m\u00ednimo a ser pago pelo transporte de cargas.<\/p>\n\n\n\n<p>Segundo caminhoneiros aut\u00f4nomos, algumas empresas contratantes estariam ignorando a regra, transferindo para os motoristas o impacto do aumento do combust\u00edvel.<\/p>\n\n\n\n<p>O piso do frete funciona como uma esp\u00e9cie de refer\u00eancia obrigat\u00f3ria para o setor, considerando custos como <strong>combust\u00edvel, manuten\u00e7\u00e3o e quilometragem percorrida<\/strong>.<\/p>\n\n\n\n<h2 class=\"wp-block-heading\"><strong>Governo tenta evitar paralisa\u00e7\u00e3o<\/strong><\/h2>\n\n\n\n<p>Diante do risco de greve, o governo federal anunciou medidas para tentar conter a mobiliza\u00e7\u00e3o. Entre as a\u00e7\u00f5es est\u00e3o <strong>refor\u00e7o na fiscaliza\u00e7\u00e3o contra transportadoras que desrespeitam a tabela de frete<\/strong> e <strong>isen\u00e7\u00e3o de impostos federais, como PIS e Cofins, sobre o diesel<\/strong>.<\/p>\n\n\n\n<p>Al\u00e9m disso, foram anunciados incentivos para produtores e importadores de combust\u00edvel com o objetivo de reduzir a press\u00e3o sobre o pre\u00e7o final.<\/p>\n\n\n\n<p>At\u00e9 o momento, lideran\u00e7as de <strong>S\u00e3o Paulo, Paran\u00e1, Santa Catarina, Rio Grande do Sul, Goi\u00e1s e do Distrito Federal<\/strong> j\u00e1 manifestaram apoio \u00e0 paralisa\u00e7\u00e3o. A decis\u00e3o final sobre a greve nacional depende do resultado de uma <strong>assembleia coletiva convocada para esta semana<\/strong>.<\/p>\n","protected":false},"excerpt":{"rendered":"<p>A possibilidade de uma greve de caminhoneiros voltou a ganhar for\u00e7a no Brasil e pode provocar impactos no transporte de cargas e na economia nos pr\u00f3ximos dias. Lideran\u00e7as da categoria afirmam que a paralisa\u00e7\u00e3o j\u00e1 foi discutida em assembleias e pode ocorrer em breve, com ades\u00e3o de motoristas aut\u00f4nomos e profissionais ligados a transportadoras. O [&hellip;]<\/p>\n","protected":false},"author":9,"featured_media":38880,"comment_status":"closed","ping_status":"closed","sticky":false,"template":"","format":"standard","meta":{"jnews-multi-image_gallery":[],"jnews_single_post":{"format":"standard"},"jnews_primary_category":[],"jnews_social_meta":[],"jnews_override_counter":[],"jnews_post_split":[],"footnotes":""},"categories":[1],"tags":[],"class_list":["post-38879","post","type-post","status-publish","format-standard","has-post-thumbnail","hentry","category-geral"],"_referencia":"","_links":{"self":[{"href":"https:\/\/diariodocomercio.com.br\/mix\/wp-json\/wp\/v2\/posts\/38879","targetHints":{"allow":["GET"]}}],"collection":[{"href":"https:\/\/diariodocomercio.com.br\/mix\/wp-json\/wp\/v2\/posts"}],"about":[{"href":"https:\/\/diariodocomercio.com.br\/mix\/wp-json\/wp\/v2\/types\/post"}],"author":[{"embeddable":true,"href":"https:\/\/diariodocomercio.com.br\/mix\/wp-json\/wp\/v2\/users\/9"}],"replies":[{"embeddable":true,"href":"https:\/\/diariodocomercio.com.br\/mix\/wp-json\/wp\/v2\/comments?post=38879"}],"version-history":[{"count":2,"href":"https:\/\/diariodocomercio.com.br\/mix\/wp-json\/wp\/v2\/posts\/38879\/revisions"}],"predecessor-version":[{"id":38947,"href":"https:\/\/diariodocomercio.com.br\/mix\/wp-json\/wp\/v2\/posts\/38879\/revisions\/38947"}],"wp:featuredmedia":[{"embeddable":true,"href":"https:\/\/diariodocomercio.com.br\/mix\/wp-json\/wp\/v2\/media\/38880"}],"wp:attachment":[{"href":"https:\/\/diariodocomercio.com.br\/mix\/wp-json\/wp\/v2\/media?parent=38879"}],"wp:term":[{"taxonomy":"category","embeddable":true,"href":"https:\/\/diariodocomercio.com.br\/mix\/wp-json\/wp\/v2\/categories?post=38879"},{"taxonomy":"post_tag","embeddable":true,"href":"https:\/\/diariodocomercio.com.br\/mix\/wp-json\/wp\/v2\/tags?post=38879"}],"curies":[{"name":"wp","href":"https:\/\/api.w.org\/{rel}","templated":true}]}}