{"id":38893,"date":"2026-03-18T15:13:12","date_gmt":"2026-03-18T18:13:12","guid":{"rendered":"https:\/\/diariodocomercio.com.br\/mix\/?p=38893"},"modified":"2026-03-18T15:13:14","modified_gmt":"2026-03-18T18:13:14","slug":"o-segredo-da-aparencia-impecavel-de-anne-hathaway-no-oscar-2026","status":"publish","type":"post","link":"https:\/\/diariodocomercio.com.br\/mix\/o-segredo-da-aparencia-impecavel-de-anne-hathaway-no-oscar-2026\/","title":{"rendered":"O segredo da apar\u00eancia impec\u00e1vel de Anne Hathaway no Oscar 2026"},"content":{"rendered":"\n<p>Mesmo sem concorrer a nenhuma categoria l\u00e1 no Oscar 2026, Anne Hathaway (O Di\u00e1rio da Princesa) roubou a cena durante sua passagem pelo tapete vermelho da cerim\u00f4nia e no momento em que subiu ao palco para anunciar um dos pr\u00eamio. E o motivo pelo qual a atriz chamou tanto a aten\u00e7\u00e3o foi com a sua apar\u00eancia &#8220;esticada&#8221;, que gerou especula\u00e7\u00f5es se ela havia feito um novo &#8220;facelift&#8221;. <\/p>\n\n\n\n<p>Por\u00e9m, de acordo com a atriz, o segredo da sua apar\u00eancia na cerim\u00f4nia n\u00e3o foi a faca. Hathaway publicou nas redes um v\u00eddeo mostrando a sua prepara\u00e7\u00e3o para a cerim\u00f4nia, incluindo parte do processo de cabelo e maquiagem.<\/p>\n\n\n\n<p>Em um momento, ela pede que Orlo, seu cabelereiro, revele o &#8220;segredo&#8221; da sua apar\u00eancia. O profissional mostra que faz uma pequena tran\u00e7a de cada lado da cabe\u00e7a da atriz, depois unindo as duas mechas na parte de tr\u00e1s. A atriz de O Diabo Veste Prada explicou que esse \u00e9 o truque que ela usa para parecer mais &#8220;acordada&#8221; e com a apar\u00eancia mais vitalizada em cerim\u00f4nias do tipo.<\/p>\n\n\n\n<figure class=\"wp-block-embed is-type-video is-provider-tiktok wp-block-embed-tiktok\"><div class=\"wp-block-embed__wrapper\">\n<blockquote class=\"tiktok-embed\" cite=\"https:\/\/www.tiktok.com\/@capricho\/video\/7618254911989452053\" data-video-id=\"7618254911989452053\" data-embed-from=\"oembed\" style=\"max-width:605px; min-width:325px;\"> <section> <a target=\"_blank\" title=\"@capricho\" href=\"https:\/\/www.tiktok.com\/@capricho?refer=embed\" rel=\"noopener\">@capricho<\/a> <p>Anne Hathaway mostrou o truque de como chegou no <a title=\"oscar2026\" target=\"_blank\" href=\"https:\/\/www.tiktok.com\/tag\/oscar2026?refer=embed\" rel=\"noopener\">#Oscar2026<\/a> parecendo que fez um facelift! O segredo? Trancinhas na lateral do cabelo que puxam tudo! Anotando aqui. \ud83d\ude31\u2728 \ud83d\udcf7: @annehathaway \/ Instagram<\/p> <a target=\"_blank\" title=\"\u266c sonido original - La Rosalia\" href=\"https:\/\/www.tiktok.com\/music\/sonido-original-7070235292942748422?refer=embed\" rel=\"noopener\">\u266c sonido original &#8211; La Rosalia<\/a> <\/section> <\/blockquote> <script async src=\"https:\/\/www.tiktok.com\/embed.js\"><\/script>\n<\/div><\/figure>\n\n\n\n<h2 class=\"wp-block-heading\">Anne Hathaway subiu ao palco do Oscar mesmo sem estar indicada<\/h2>\n\n\n\n<p>A atriz subiu ao palco ao lado da jornalista de moda Anna Wintour para elas apresentarem a categoria de Melhor Figurino e Melhor Cabelo e Maquiagem (ps: os dois pr\u00eamios foram para Frankenstein). O momento divertiu o p\u00fablico porque Wintour \u00e9 a inspira\u00e7\u00e3o por tr\u00e1s da chefe diab\u00f3lica da protagonista vivida por Hathaway em O Diabo Veste Prada.<\/p>\n\n\n\n<p>As duas at\u00e9 tiveram um momento divertido em que Anne pergunta o que a jornalista achou do seu vestido, ao que Anna Wintour apenas diz: <em>&#8220;E os indicados a Melhor Figurino s\u00e3o&#8230;&#8221;<\/em>.<\/p>\n\n\n\n<figure class=\"wp-block-embed is-type-video is-provider-youtube wp-block-embed-youtube wp-embed-aspect-16-9 wp-has-aspect-ratio\"><div class=\"wp-block-embed__wrapper\">\n<div class=\"jeg_video_container jeg_video_content\"><iframe loading=\"lazy\" title=\"Anne Hathaway and Anna Wintour have &#039;Devil Wears Prada&#039; moment at 2026 Oscars\" width=\"500\" height=\"281\" src=\"https:\/\/www.youtube.com\/embed\/IuQLuSoXjq8?feature=oembed\" frameborder=\"0\" allow=\"accelerometer; autoplay; clipboard-write; encrypted-media; gyroscope; picture-in-picture; web-share\" referrerpolicy=\"strict-origin-when-cross-origin\" allowfullscreen><\/iframe><\/div>\n<\/div><\/figure>\n\n\n\n<style>@media (min-width: 992px) {\n    .recomendadorV2Area1 {\n        width: 280px;\n    }\n    .recomendadorV2Area2 {\n        padding: 0px 20px;\n        width: calc(100% - 280px);\n    }\n}\n\n@media (max-width: 992px) {\n    .recomendadorV2Button {\n        margin: 0 auto;\n    }\n    .recomendadorV2Area {\n        flex-direction: column;\n        text-align: center;\n    }\n    .recomendadorV2Area2 {\n        padding: 0px 20px;\n    }\n}\n\n.recomendadorV2Area {\n    background: #eeeeee3d;\n    border-radius: 10px;\n    padding: 15px;\n    display: flex;\n    margin: 15px auto;\n    border: 1px solid #00000014;\n    max-width: 800px;\n}\n\n.recomendadorV2Area1 img {\n    width: 280px;\n    height: auto;\n    border-radius: 8px;\n}\n\n.linkrecomendadorv2 {\n    text-decoration: none !important;\n}\n\n.recomendadorV2Area2 .recomendadorV2Type {\n    text-transform: uppercase;\n    font-weight: 500;\n    font-size: 11px;\n    letter-spacing: 2px;\n    color: #666;\n    margin: 12px 0;\n    display: block;\n}\n\n.recomendadorV2Title h2 {\n    padding-top: 0px !important;\n    margin: 0px !important;\n    border-left: none !important;\n    padding-left: 0px !important;\n    line-height: 1.3;\n    color: #000 !important;\n    font-size: 24px;\n    margin-bottom: 12px !important;\n}\n\n.recomendadorV2Desc {\n    color: #333;\n    margin: 12px 0px !important;\n    font-size: 15px;\n    line-height: 1.5;\n}\n\n.recomendadorV2Button {\n    width: auto;\n    max-width: 200px;\n    margin: 0;\n    display: inline-flex;\n    align-items: center;\n    background: #1D3557;\n    border-radius: 8px;\n    color: #fff;\n    height: 36px;\n    justify-content: center;\n    text-align: center;\n    font-size: 14px;\n    padding: 0 20px;\n    transition: background-color 0.2s ease;\n}\n\n.recomendadorV2Button:hover {\n    background: #2a4d7a;\n}\n\n.recomendadorV2Button:after {\n    margin-top: -2px;\n    content: \"\u2192\";\n    padding: 0px 0px 0px 8px;\n}\n\n.recomendadorV2Alert {\n    text-align: left;\n    font-size: 11px;\n    margin-top: 8px;\n    color: #666;\n}\n\n.recomendadorFixedArea {\n    width: 100%;\n    display: flex;\n    justify-content: center;\n    align-items: center;\n}\n\n@media (min-width: 992px) {\n    #recomendadorFixed {\n        width: 32% !important;\n        left: 5%;\n    }\n    .recomendadorCloseFixed{\n        right: inherit !important;\n        left: 378px !important;\n    }\n}\n\n#recomendadorFixed {\n    width: 90%;\n    box-shadow: 0 10px 20px 0px #00000057;\n    display: none;\n    height: 90px;\n    background: #F6F6F6;\n    position: fixed;\n    flex-direction: row;\n    bottom: 10px;\n    z-index: 9999;\n    border-radius: 16px;\n    padding: 7px 10px;\n}\n\n.recomendadorLeftArea {\n    width: 160px;\n}\n\n.recomendadorRightArea h2 {\n    padding-top: 0px;\n    margin: 2px 0px 4px 0px !important;\n    font-weight: 400;\n    text-align: center;\n    padding-left: 0px !important;\n    color: #000 !important;\n    border-left: none !important;\n    line-height: 20px;\n    font-size: 12px !important;\n}\n\n.recomendadorImgFixed {\n    overflow: hidden;\n    padding: 8px 6px;\n    height: 100%;\n}\n\n.recomendadorImgFixed img {\n    height: 100% !important;\n    border-radius: 16px;\n}\n\n.recomendadorRightArea {\n    padding-top: 6px;\n    display: flex;\n    width: calc(100% - 130px);\n    justify-content: space-between;\n    align-items: center;\n    flex-direction: column;\n}\n\n.recomendadorButtonFixed {\n    margin: 0 auto;\n    background: #1D3557;\n    width: 80%;\n    text-align: center;\n    font-size: 10px;\n    color: #FFF;\n    padding: 2px 10px;\n    border-radius: 3px;\n}\n\n.recomendadorButtonFixed:after {\n    margin-top: -3px;\n    content: \"\u2192\";\n    padding: 0px 0px 0px 10px;\n}\n\n.recomendadorAlertFixed {\n    font-weight: 400;\n    text-align: center;\n    color: #484848;\n    font-size: 8px;\n}\n\n.recomendadorCloseFixed {\n    z-index: 99999;\n    display: none;\n    right: 0px;\n    left: inherit;\n    bottom: 99px;\n    position: fixed;\n    justify-content: center;\n    background: #F6F6F6;\n    width: 25px;\n    align-items: center;\n    height: 25px;\n    font-weight: 800;\n    border-radius: 50%;\n    border: 1px solid #EBEBEB;\n}\n\n.recomendadorV2Desc{\n    color: #000000;\n    margin: 20px 0px;\n}\n\n@media (max-width: 576px) {\n    .recomendadorV2Area {\n      padding: 10px;\n      max-width: 100%;\n    }\n  \n    .recomendadorV2Area1 img {\n      width: 100%;\n      border-radius: 6px;\n    }\n  \n    .recomendadorV2Area2 .recomendadorV2Type {\n      font-size: 9px;\n      letter-spacing: 1px;\n      margin: 8px 0;\n    }\n  \n    .recomendadorV2Title h2 {\n      font-size: 18px !important;\n      margin-bottom: 8px !important;\n      line-height: 1.2;\n    }\n  \n    .recomendadorV2Desc {\n      font-size: 14px;\n      margin: 8px 0 !important;\n      line-height: 1.4;\n    }\n  \n    .recomendadorV2Button {\n      font-size: 14px;\n      height: 40px;\n      padding: 0 12px;\n      max-width: 100%;\n      width: 100%;\n    }\n  \n    .recomendadorV2Button:after {\n      padding-left: 6px;\n    }\n  }\n  <\/style>\n        <div class=\"lazyblock-recomendador-v2-2jDGz wp-block-lazyblock-recomendador-v2\">\n        <a class=\"linkrecomendadorv2\" href=\"https:\/\/diariodocomercio.com.br\/mix\/uma-pessoa-morre-e-mais-100-vao-parar-no-hospital-por-causa-de-pizza\/\">\n            <div class=\"recomendadorV2Area\">\n            <div class=\"recomendadorV2Area1\">\n                <div class=\"recomendadorV2Img\">\n                <img class=\"lazyloaded\" decoding=\"async\" src=\"https:\/\/diariodocomercio.com.br\/mix\/wp-content\/uploads\/2025\/09\/pizza.jpg\" data-src=\"https:\/\/diariodocomercio.com.br\/mix\/wp-content\/uploads\/2025\/09\/pizza.jpg\" alt=\"\">\n                <\/div>\n            <\/div>\n            <div class=\"recomendadorV2Area2\">\n                <div class=\"recomendadorV2Type\">\n                    <span>CASOS ESTRANHOS<\/span>\n                <\/div>\n                <div class=\"recomendadorV2Title\">\n                <h2><span>Uma pessoa morre e mais 100 v\u00e3o parar no hospital por causa de pizza<\/span><\/h2>\n                <\/div>\n                <div class=\"recomendadorV2Desc\">\n                <span>Talvez voc\u00ea j\u00e1 tenha passado pela situa\u00e7\u00e3o de comer uma pizza que n\u00e3o caiu t\u00e3o bem assim, mas n\u00f3s achamos \u2026<\/span>\n                <\/div>\n                <div class=\"recomendadorV2Button\">Leia mais<\/div>\n                <div class=\"recomendadorV2Alert\"><\/div>\n            <\/div>\n            <\/div>\n        <\/a>\n        <div>\n            <div style=\"z-index:99999;\" id=\"buttonClose\" onclick=\"closeRecomendadorFixed()\">\n            <div class=\"recomendadorCloseFixed\">X<\/div>\n            <\/div>\n            <a href=\"https:\/\/diariodocomercio.com.br\/mix\/uma-pessoa-morre-e-mais-100-vao-parar-no-hospital-por-causa-de-pizza\/\">\n            <div class=\"recomendadorFixedArea\">\n                <div id=\"recomendadorFixed\">\n                <div class=\"recomendadorLeftArea\">\n                    <div class=\"recomendadorImgFixed\">\n                    <img class=\"lazyload\" decoding=\"async\" src=\"https:\/\/diariodocomercio.com.br\/mix\/wp-content\/uploads\/2025\/09\/pizza.jpg\" alt=\"\">\n                    <\/div>\n                <\/div>\n                <div class=\"recomendadorRightArea\">\n                    <div class=\"recomendadorTitleFixed\">\n                    <h2><span>Uma pessoa morre e mais 100 v\u00e3o parar no hospital por causa de pizza<\/span><\/h2>\n                    <\/div>\n                    <div class=\"recomendadorButtonFixed\">Leia mais<\/div>\n                    <div class=\"recomendadorAlertFixed\"><\/div>\n                <\/div>\n                <\/div>\n            <\/div>\n            <\/a>\n        <\/div>\n        <\/div>\n","protected":false},"excerpt":{"rendered":"<p>Mesmo sem concorrer a nenhuma categoria l\u00e1 no Oscar 2026, Anne Hathaway (O Di\u00e1rio da Princesa) roubou a cena durante sua passagem pelo tapete vermelho da cerim\u00f4nia e no momento em que subiu ao palco para anunciar um dos pr\u00eamio. E o motivo pelo qual a atriz chamou tanto a aten\u00e7\u00e3o foi com a sua [&hellip;]<\/p>\n","protected":false},"author":6,"featured_media":38894,"comment_status":"closed","ping_status":"closed","sticky":false,"template":"","format":"standard","meta":{"jnews-multi-image_gallery":[],"jnews_single_post":{"format":"standard"},"jnews_primary_category":[],"jnews_social_meta":[],"jnews_override_counter":[],"jnews_post_split":[],"footnotes":""},"categories":[1],"tags":[],"class_list":["post-38893","post","type-post","status-publish","format-standard","has-post-thumbnail","hentry","category-geral"],"_referencia":"","_links":{"self":[{"href":"https:\/\/diariodocomercio.com.br\/mix\/wp-json\/wp\/v2\/posts\/38893","targetHints":{"allow":["GET"]}}],"collection":[{"href":"https:\/\/diariodocomercio.com.br\/mix\/wp-json\/wp\/v2\/posts"}],"about":[{"href":"https:\/\/diariodocomercio.com.br\/mix\/wp-json\/wp\/v2\/types\/post"}],"author":[{"embeddable":true,"href":"https:\/\/diariodocomercio.com.br\/mix\/wp-json\/wp\/v2\/users\/6"}],"replies":[{"embeddable":true,"href":"https:\/\/diariodocomercio.com.br\/mix\/wp-json\/wp\/v2\/comments?post=38893"}],"version-history":[{"count":1,"href":"https:\/\/diariodocomercio.com.br\/mix\/wp-json\/wp\/v2\/posts\/38893\/revisions"}],"predecessor-version":[{"id":38900,"href":"https:\/\/diariodocomercio.com.br\/mix\/wp-json\/wp\/v2\/posts\/38893\/revisions\/38900"}],"wp:featuredmedia":[{"embeddable":true,"href":"https:\/\/diariodocomercio.com.br\/mix\/wp-json\/wp\/v2\/media\/38894"}],"wp:attachment":[{"href":"https:\/\/diariodocomercio.com.br\/mix\/wp-json\/wp\/v2\/media?parent=38893"}],"wp:term":[{"taxonomy":"category","embeddable":true,"href":"https:\/\/diariodocomercio.com.br\/mix\/wp-json\/wp\/v2\/categories?post=38893"},{"taxonomy":"post_tag","embeddable":true,"href":"https:\/\/diariodocomercio.com.br\/mix\/wp-json\/wp\/v2\/tags?post=38893"}],"curies":[{"name":"wp","href":"https:\/\/api.w.org\/{rel}","templated":true}]}}