{"id":38898,"date":"2026-03-18T15:33:24","date_gmt":"2026-03-18T18:33:24","guid":{"rendered":"https:\/\/diariodocomercio.com.br\/mix\/?p=38898"},"modified":"2026-03-18T17:38:50","modified_gmt":"2026-03-18T20:38:50","slug":"ministerio-da-saude-suspende-411-medicos-no-brasil-apos-possivel-escandalo","status":"publish","type":"post","link":"https:\/\/diariodocomercio.com.br\/mix\/ministerio-da-saude-suspende-411-medicos-no-brasil-apos-possivel-escandalo\/","title":{"rendered":"Minist\u00e9rio da Sa\u00fade suspende 411 m\u00e9dicos no Brasil ap\u00f3s poss\u00edvel esc\u00e2ndalo"},"content":{"rendered":"\n<p>O Minist\u00e9rio da Sa\u00fade identificou <strong>411 registros m\u00e9dicos com volume at\u00edpico de prescri\u00e7\u00f5es<\/strong> no Programa Farm\u00e1cia Popular e determinou a suspens\u00e3o preventiva desses profissionais no sistema. A medida foi tomada ap\u00f3s uma auditoria apontar ind\u00edcios de irregularidades no uso de receitas m\u00e9dicas em todo o pa\u00eds.<\/p>\n\n\n\n<p>De acordo com a pasta, cada um desses registros (CRMs) ultrapassou a marca de <strong>3,5 mil prescri\u00e7\u00f5es em apenas seis meses<\/strong>, n\u00famero muito acima da m\u00e9dia habitual, que gira em torno de <strong>120 receitas por profissional no mesmo per\u00edodo<\/strong>.<\/p>\n\n\n\n<p>Como parte das a\u00e7\u00f5es de controle, o governo tamb\u00e9m interrompeu a dispensa\u00e7\u00e3o de medicamentos em <strong>94 farm\u00e1cias credenciadas<\/strong> ao programa. Os dados foram encaminhados para \u00f3rg\u00e3os de controle, como o <strong>Conselho Federal de Medicina (CFM)<\/strong>, a <strong>Controladoria-Geral da Uni\u00e3o (CGU)<\/strong> e o <strong>Departamento Nacional de Auditoria do SUS (DenaSUS)<\/strong>, que ir\u00e3o apurar poss\u00edveis irregularidades.<\/p>\n\n\n\n<p>Ap\u00f3s nova an\u00e1lise t\u00e9cnica, o Minist\u00e9rio da Sa\u00fade classificou os casos em diferentes n\u00edveis:<\/p>\n\n\n\n<ul class=\"wp-block-list\">\n<li><strong>170 m\u00e9dicos<\/strong> voltaram ao padr\u00e3o normal de prescri\u00e7\u00f5es e seguem ativos, sob monitoramento<\/li>\n\n\n\n<li><strong>190 profissionais<\/strong> tiveram suspens\u00e3o preventiva e precisam apresentar justificativas<\/li>\n\n\n\n<li><strong>51 registros<\/strong> mantiveram ind\u00edcios de irregularidades e seguem sob investiga\u00e7\u00e3o<\/li>\n<\/ul>\n\n\n\n<p>Esses \u00faltimos est\u00e3o ligados a <strong>121 estabelecimentos<\/strong>, que tamb\u00e9m ser\u00e3o monitorados.<\/p>\n\n\n\n<h2 class=\"wp-block-heading\"><strong>Suspens\u00e3o \u00e9 restrita ao programa<\/strong><\/h2>\n\n\n\n<p>O minist\u00e9rio destacou que a suspens\u00e3o se aplica <strong>apenas ao Programa Farm\u00e1cia Popular<\/strong> e n\u00e3o impede que os m\u00e9dicos continuem exercendo suas atividades normalmente fora dele.<\/p>\n\n\n\n<p>A medida tem car\u00e1ter preventivo e busca garantir a <strong>regularidade das prescri\u00e7\u00f5es e a seguran\u00e7a sanit\u00e1ria<\/strong>, al\u00e9m de evitar poss\u00edveis fraudes no sistema de ressarcimento de medicamentos.<\/p>\n\n\n\n<h2 class=\"wp-block-heading\"><strong>Refor\u00e7o na fiscaliza\u00e7\u00e3o<\/strong><\/h2>\n\n\n\n<p>A auditoria faz parte de um conjunto de a\u00e7\u00f5es para fortalecer o controle do programa. Entre as medidas adotadas est\u00e3o o cruzamento de dados de receitas, monitoramento do volume de medicamentos distribu\u00eddos e recadastramento de farm\u00e1cias.<\/p>\n\n\n\n<p>Somente em 2025, mais de <strong>9 mil farm\u00e1cias foram descredenciadas<\/strong> e outras <strong>5 mil tiveram atividades suspensas<\/strong> ap\u00f3s processos de verifica\u00e7\u00e3o.<\/p>\n\n\n\n<p>O Minist\u00e9rio da Sa\u00fade tamb\u00e9m orientou que os profissionais envolvidos confirmem a autenticidade das prescri\u00e7\u00f5es e, caso necess\u00e1rio, entrem em contato com o \u00f3rg\u00e3o para regularizar a situa\u00e7\u00e3o.<\/p>\n\n\n\n<p>A investiga\u00e7\u00e3o segue em andamento e pode resultar em novas medidas administrativas, dependendo das conclus\u00f5es dos \u00f3rg\u00e3os de controle.<\/p>\n","protected":false},"excerpt":{"rendered":"<p>O Minist\u00e9rio da Sa\u00fade identificou 411 registros m\u00e9dicos com volume at\u00edpico de prescri\u00e7\u00f5es no Programa Farm\u00e1cia Popular e determinou a suspens\u00e3o preventiva desses profissionais no sistema. A medida foi tomada ap\u00f3s uma auditoria apontar ind\u00edcios de irregularidades no uso de receitas m\u00e9dicas em todo o pa\u00eds. De acordo com a pasta, cada um desses registros [&hellip;]<\/p>\n","protected":false},"author":9,"featured_media":12903,"comment_status":"closed","ping_status":"closed","sticky":false,"template":"","format":"standard","meta":{"jnews-multi-image_gallery":[],"jnews_single_post":{"format":"standard"},"jnews_primary_category":[],"jnews_social_meta":[],"jnews_override_counter":[],"jnews_post_split":[],"footnotes":""},"categories":[1],"tags":[],"class_list":["post-38898","post","type-post","status-publish","format-standard","has-post-thumbnail","hentry","category-geral"],"_referencia":"","_links":{"self":[{"href":"https:\/\/diariodocomercio.com.br\/mix\/wp-json\/wp\/v2\/posts\/38898","targetHints":{"allow":["GET"]}}],"collection":[{"href":"https:\/\/diariodocomercio.com.br\/mix\/wp-json\/wp\/v2\/posts"}],"about":[{"href":"https:\/\/diariodocomercio.com.br\/mix\/wp-json\/wp\/v2\/types\/post"}],"author":[{"embeddable":true,"href":"https:\/\/diariodocomercio.com.br\/mix\/wp-json\/wp\/v2\/users\/9"}],"replies":[{"embeddable":true,"href":"https:\/\/diariodocomercio.com.br\/mix\/wp-json\/wp\/v2\/comments?post=38898"}],"version-history":[{"count":1,"href":"https:\/\/diariodocomercio.com.br\/mix\/wp-json\/wp\/v2\/posts\/38898\/revisions"}],"predecessor-version":[{"id":38902,"href":"https:\/\/diariodocomercio.com.br\/mix\/wp-json\/wp\/v2\/posts\/38898\/revisions\/38902"}],"wp:featuredmedia":[{"embeddable":true,"href":"https:\/\/diariodocomercio.com.br\/mix\/wp-json\/wp\/v2\/media\/12903"}],"wp:attachment":[{"href":"https:\/\/diariodocomercio.com.br\/mix\/wp-json\/wp\/v2\/media?parent=38898"}],"wp:term":[{"taxonomy":"category","embeddable":true,"href":"https:\/\/diariodocomercio.com.br\/mix\/wp-json\/wp\/v2\/categories?post=38898"},{"taxonomy":"post_tag","embeddable":true,"href":"https:\/\/diariodocomercio.com.br\/mix\/wp-json\/wp\/v2\/tags?post=38898"}],"curies":[{"name":"wp","href":"https:\/\/api.w.org\/{rel}","templated":true}]}}