{"id":38932,"date":"2026-03-18T18:10:50","date_gmt":"2026-03-18T21:10:50","guid":{"rendered":"https:\/\/diariodocomercio.com.br\/mix\/?p=38932"},"modified":"2026-03-18T18:10:51","modified_gmt":"2026-03-18T21:10:51","slug":"argentina-abandona-tratado-com-o-brasil-e-se-une-aos-eua","status":"publish","type":"post","link":"https:\/\/diariodocomercio.com.br\/mix\/argentina-abandona-tratado-com-o-brasil-e-se-une-aos-eua\/","title":{"rendered":"Argentina abandona tratado com o Brasil e se une aos EUA"},"content":{"rendered":"\n<p>O governo da Argentina formalizou, nesta ter\u00e7a-feira (17), sua sa\u00edda da <strong>Organiza\u00e7\u00e3o Mundial da Sa\u00fade (OMS)<\/strong>, em um movimento alinhado \u00e0 decis\u00e3o adotada anteriormente pelos Estados Unidos. A medida, no entanto, <strong>n\u00e3o envolve qualquer rompimento de tratados diretos com o Brasil<\/strong>, que segue como integrante da entidade internacional.<\/p>\n\n\n\n<p>A retirada foi oficializada ap\u00f3s o cumprimento do prazo previsto em acordos internacionais, um ano depois da notifica\u00e7\u00e3o enviada pelo pa\u00eds \u00e0 Organiza\u00e7\u00e3o das Na\u00e7\u00f5es Unidas (ONU).<\/p>\n\n\n\n<p>A gest\u00e3o do presidente Javier Milei justificou a sa\u00edda com base em \u201cprofundas diverg\u00eancias\u201d em rela\u00e7\u00e3o \u00e0 atua\u00e7\u00e3o da OMS, especialmente durante a pandemia de Covid-19. O governo argentino defende maior autonomia para definir suas pr\u00f3prias pol\u00edticas de sa\u00fade p\u00fablica.<\/p>\n\n\n\n<p>A posi\u00e7\u00e3o acompanha cr\u00edticas semelhantes feitas pelo governo dos Estados Unidos, que tamb\u00e9m optou por se afastar do organismo internacional.<\/p>\n\n\n\n<h2 class=\"wp-block-heading\"><strong>Coopera\u00e7\u00e3o internacional ser\u00e1 mantida<\/strong><\/h2>\n\n\n\n<p>Apesar da sa\u00edda, autoridades argentinas afirmaram que o pa\u00eds <strong>n\u00e3o ficar\u00e1 isolado na \u00e1rea da sa\u00fade<\/strong>. A estrat\u00e9gia \u00e9 manter acordos bilaterais e regionais, al\u00e9m da coopera\u00e7\u00e3o com a <strong>Organiza\u00e7\u00e3o Pan-Americana da Sa\u00fade (Opas)<\/strong>.<\/p>\n\n\n\n<p>O governo tamb\u00e9m garantiu que continuar\u00e1 seguindo normas internacionais, como a notifica\u00e7\u00e3o de surtos e emerg\u00eancias sanit\u00e1rias.<\/p>\n\n\n\n<p>A decis\u00e3o n\u00e3o altera rela\u00e7\u00f5es diretas com o Brasil, mas marca uma diferen\u00e7a de posicionamento entre os dois pa\u00edses. Enquanto a Argentina deixa a OMS, o Brasil permanece como membro ativo e participante das decis\u00f5es globais em sa\u00fade.<\/p>\n\n\n\n<p>Especialistas apontam que a sa\u00edda pode reduzir o acesso da Argentina a programas de financiamento, suporte t\u00e9cnico e f\u00f3runs internacionais, al\u00e9m de limitar sua influ\u00eancia em pol\u00edticas globais de sa\u00fade.<\/p>\n","protected":false},"excerpt":{"rendered":"<p>O governo da Argentina formalizou, nesta ter\u00e7a-feira (17), sua sa\u00edda da Organiza\u00e7\u00e3o Mundial da Sa\u00fade (OMS), em um movimento alinhado \u00e0 decis\u00e3o adotada anteriormente pelos Estados Unidos. A medida, no entanto, n\u00e3o envolve qualquer rompimento de tratados diretos com o Brasil, que segue como integrante da entidade internacional. A retirada foi oficializada ap\u00f3s o cumprimento [&hellip;]<\/p>\n","protected":false},"author":9,"featured_media":20124,"comment_status":"closed","ping_status":"closed","sticky":false,"template":"","format":"standard","meta":{"jnews-multi-image_gallery":[],"jnews_single_post":{"format":"standard"},"jnews_primary_category":[],"jnews_social_meta":[],"jnews_override_counter":[],"jnews_post_split":[],"footnotes":""},"categories":[1],"tags":[],"class_list":["post-38932","post","type-post","status-publish","format-standard","has-post-thumbnail","hentry","category-geral"],"_referencia":"","_links":{"self":[{"href":"https:\/\/diariodocomercio.com.br\/mix\/wp-json\/wp\/v2\/posts\/38932","targetHints":{"allow":["GET"]}}],"collection":[{"href":"https:\/\/diariodocomercio.com.br\/mix\/wp-json\/wp\/v2\/posts"}],"about":[{"href":"https:\/\/diariodocomercio.com.br\/mix\/wp-json\/wp\/v2\/types\/post"}],"author":[{"embeddable":true,"href":"https:\/\/diariodocomercio.com.br\/mix\/wp-json\/wp\/v2\/users\/9"}],"replies":[{"embeddable":true,"href":"https:\/\/diariodocomercio.com.br\/mix\/wp-json\/wp\/v2\/comments?post=38932"}],"version-history":[{"count":1,"href":"https:\/\/diariodocomercio.com.br\/mix\/wp-json\/wp\/v2\/posts\/38932\/revisions"}],"predecessor-version":[{"id":38954,"href":"https:\/\/diariodocomercio.com.br\/mix\/wp-json\/wp\/v2\/posts\/38932\/revisions\/38954"}],"wp:featuredmedia":[{"embeddable":true,"href":"https:\/\/diariodocomercio.com.br\/mix\/wp-json\/wp\/v2\/media\/20124"}],"wp:attachment":[{"href":"https:\/\/diariodocomercio.com.br\/mix\/wp-json\/wp\/v2\/media?parent=38932"}],"wp:term":[{"taxonomy":"category","embeddable":true,"href":"https:\/\/diariodocomercio.com.br\/mix\/wp-json\/wp\/v2\/categories?post=38932"},{"taxonomy":"post_tag","embeddable":true,"href":"https:\/\/diariodocomercio.com.br\/mix\/wp-json\/wp\/v2\/tags?post=38932"}],"curies":[{"name":"wp","href":"https:\/\/api.w.org\/{rel}","templated":true}]}}