{"id":38939,"date":"2026-03-18T18:06:00","date_gmt":"2026-03-18T21:06:00","guid":{"rendered":"https:\/\/diariodocomercio.com.br\/mix\/?p=38939"},"modified":"2026-03-18T17:48:02","modified_gmt":"2026-03-18T20:48:02","slug":"inss-corrige-dado-de-renda-e-idoso-comeca-a-receber-o-bpc","status":"publish","type":"post","link":"https:\/\/diariodocomercio.com.br\/mix\/inss-corrige-dado-de-renda-e-idoso-comeca-a-receber-o-bpc\/","title":{"rendered":"INSS corrige dado de renda e idoso come\u00e7a a receber o BPC"},"content":{"rendered":"\n<p>Um erro administrativo recente no Instituto Nacional do Seguro Social (INSS) resultou na <strong>recusa de concess\u00e3o <\/strong>do <strong>Benef\u00edcio de Presta\u00e7\u00e3o Continuada<\/strong> (BPC) a um<strong> idoso apto ao recebimento<\/strong>. Este ano, ap\u00f3s uma revis\u00e3o do Conselho de Recursos da Previd\u00eancia Social, ficou evidente que houve uma falha ao contabilizar a renda familiar dos solicitantes.<\/p>\n\n\n\n<p>O processo foi julgado pela 01\u00aa Junta de Recursos do CRPS. O descuido foi detectado quando, ao revisar documentos, o conselho percebeu que a renda declarada estava incorreta devido a valores n\u00e3o corroborados.<\/p>\n\n\n\n<p>A aus\u00eancia de notifica\u00e7\u00e3o formal por parte do INSS aos benefici\u00e1rios impactou significativamente o processo de recurso. Com a falta de comunica\u00e7\u00e3o, os prazos recursais ficaram mal definidos, o que levou o Conselho a considerar o caso.<\/p>\n\n\n\n<p>Ap\u00f3s uma an\u00e1lise detalhada dos dados, constatou-se que os solicitantes preenchiam os crit\u00e9rios de baixa renda, resultando na concess\u00e3o do BPC.<\/p>\n\n\n\n<h2 class=\"wp-block-heading\">Processo de concess\u00e3o<\/h2>\n\n\n\n<p>O procedimento tradicional de an\u00e1lise inclui n\u00e3o considerar alguns rendimentos no c\u00e1lculo da renda per capita para o BPC. Isso garante que n\u00e3o haja distor\u00e7\u00f5es nos registros de vulnerabilidade econ\u00f4mica.<\/p>\n\n\n\n<p>No entanto, no caso espec\u00edfico, a falta de clareza e efici\u00eancia na comunica\u00e7\u00e3o do INSS teria prejudicado a correta interpreta\u00e7\u00e3o dos dados pela institui\u00e7\u00e3o.&nbsp;<\/p>\n\n\n\n<h2 class=\"wp-block-heading\">Crit\u00e9rios do BPC<\/h2>\n\n\n\n<p>O BPC destina-se a idosos de 65 anos ou mais, que n\u00e3o conseguem se sustentar financeiramente. Para estar apto, um idoso precisa cumprir tr\u00eas condi\u00e7\u00f5es: idade m\u00ednima, renda familiar per capita inferior a um quarto do sal\u00e1rio m\u00ednimo vigente, e inscri\u00e7\u00e3o atualizada no Cadastro \u00danico para Programas Sociais do Governo Federal (Cad\u00danico).<\/p>\n\n\n\n<p>Diante do erro, o INSS agora enfrenta demandas por melhorias nos processos administrativos.&nbsp;<\/p>\n","protected":false},"excerpt":{"rendered":"<p>O processo foi julgado pela 01\u00aa Junta de Recursos do CRPS. <\/p>\n","protected":false},"author":12,"featured_media":11031,"comment_status":"closed","ping_status":"closed","sticky":false,"template":"","format":"standard","meta":{"jnews-multi-image_gallery":[],"jnews_single_post":{"format":"standard"},"jnews_primary_category":[],"jnews_social_meta":[],"jnews_override_counter":[],"jnews_post_split":[],"footnotes":""},"categories":[1],"tags":[],"class_list":["post-38939","post","type-post","status-publish","format-standard","has-post-thumbnail","hentry","category-geral"],"_referencia":"","_links":{"self":[{"href":"https:\/\/diariodocomercio.com.br\/mix\/wp-json\/wp\/v2\/posts\/38939","targetHints":{"allow":["GET"]}}],"collection":[{"href":"https:\/\/diariodocomercio.com.br\/mix\/wp-json\/wp\/v2\/posts"}],"about":[{"href":"https:\/\/diariodocomercio.com.br\/mix\/wp-json\/wp\/v2\/types\/post"}],"author":[{"embeddable":true,"href":"https:\/\/diariodocomercio.com.br\/mix\/wp-json\/wp\/v2\/users\/12"}],"replies":[{"embeddable":true,"href":"https:\/\/diariodocomercio.com.br\/mix\/wp-json\/wp\/v2\/comments?post=38939"}],"version-history":[{"count":1,"href":"https:\/\/diariodocomercio.com.br\/mix\/wp-json\/wp\/v2\/posts\/38939\/revisions"}],"predecessor-version":[{"id":38943,"href":"https:\/\/diariodocomercio.com.br\/mix\/wp-json\/wp\/v2\/posts\/38939\/revisions\/38943"}],"wp:featuredmedia":[{"embeddable":true,"href":"https:\/\/diariodocomercio.com.br\/mix\/wp-json\/wp\/v2\/media\/11031"}],"wp:attachment":[{"href":"https:\/\/diariodocomercio.com.br\/mix\/wp-json\/wp\/v2\/media?parent=38939"}],"wp:term":[{"taxonomy":"category","embeddable":true,"href":"https:\/\/diariodocomercio.com.br\/mix\/wp-json\/wp\/v2\/categories?post=38939"},{"taxonomy":"post_tag","embeddable":true,"href":"https:\/\/diariodocomercio.com.br\/mix\/wp-json\/wp\/v2\/tags?post=38939"}],"curies":[{"name":"wp","href":"https:\/\/api.w.org\/{rel}","templated":true}]}}