{"id":38961,"date":"2026-03-18T19:34:00","date_gmt":"2026-03-18T22:34:00","guid":{"rendered":"https:\/\/diariodocomercio.com.br\/mix\/?p=38961"},"modified":"2026-03-18T19:08:14","modified_gmt":"2026-03-18T22:08:14","slug":"o-segredo-dos-chefes-de-cozinha-para-deixar-morangos-deliciosos-sem-precisar-de-acucar","status":"publish","type":"post","link":"https:\/\/diariodocomercio.com.br\/mix\/o-segredo-dos-chefes-de-cozinha-para-deixar-morangos-deliciosos-sem-precisar-de-acucar\/","title":{"rendered":"O segredo dos chefes de cozinha para deixar morangos deliciosos sem precisar de a\u00e7\u00facar"},"content":{"rendered":"\n<p>Para quem adora comer morangos, mas quer dar um toque extra de sabor nas frutas, tem um truque que muitos chefes de cozinha usam para fugir do clich\u00ea de jogar a\u00e7\u00facar neles. E sem muita demora: o segredo \u00e9 pimenta rosa, ingrediente que vai ajudar a intensificar o sabor das frutas e dar aquele tchan. Em seu blog Pastrypedia, o chef Jes\u00fas Escalera explica que a pimenta rosa tem um toque picante quando est\u00e1 mo\u00edda, o que a torna uma op\u00e7\u00e3o popular tanto para receitas doces quanto salgadas.<\/p>\n\n\n\n<p>Popularmente conhecida como pimenta rosa, a aroeira-vermelha nem \u00e9 uma pimenta de verdade, mas sim um fruto (apesar da pouqu\u00edssima polpa). Trata-se um condimento arom\u00e1tico e saboroso, levemente adocicado e picante.<\/p>\n\n\n\n<p>O sabor do ingrediente, que combina notas c\u00edtricas e florais com uma leve pic\u00e2ncia, vai ajudar a real\u00e7ar a do\u00e7ura do morango. Em seu blog, Escalera aponta que ela tamb\u00e9m pode ser combinada com outras frutas, como cerejas, framboesas, p\u00eassegos, toranjas, mangas, mel\u00f5es, entre outras.<\/p>\n\n\n\n<p>Se quiser testar a receita em casa, depois de lavar e cortar os morangos, polvilhe a pimenta rosa mo\u00edda na hora para consumir. Ainda achou muito \u00e1cido? Outras combina\u00e7\u00f5es s\u00e3o iogurte e algumas gotas de suco de lim\u00e3o.<\/p>\n\n\n\n<h2 class=\"wp-block-heading\">Quando \u00e9 a \u00e9poca de morango no Brasil?<\/h2>\n\n\n\n<p>Saber a \u00e9poca da safra de qualquer fruta \u00e9 uma \u00f3tima forma de garantir alimentos mais saborosos e com um precinho mais gentil para o bolso. Segundo a Embrapa, no Brasil, a \u00e9poca do morango costuma se concentrar entre maio e outubro, com o auge da produ\u00e7\u00e3o em junho, julho e agosto, nos meses do inverno.<\/p>\n\n\n\n<style>@media (min-width: 992px) {\n    .recomendadorV2Area1 {\n        width: 280px;\n    }\n    .recomendadorV2Area2 {\n        padding: 0px 20px;\n        width: calc(100% - 280px);\n    }\n}\n\n@media (max-width: 992px) {\n    .recomendadorV2Button {\n        margin: 0 auto;\n    }\n    .recomendadorV2Area {\n        flex-direction: column;\n        text-align: center;\n    }\n    .recomendadorV2Area2 {\n        padding: 0px 20px;\n    }\n}\n\n.recomendadorV2Area {\n    background: #eeeeee3d;\n    border-radius: 10px;\n    padding: 15px;\n    display: flex;\n    margin: 15px auto;\n    border: 1px solid #00000014;\n    max-width: 800px;\n}\n\n.recomendadorV2Area1 img {\n    width: 280px;\n    height: auto;\n    border-radius: 8px;\n}\n\n.linkrecomendadorv2 {\n    text-decoration: none !important;\n}\n\n.recomendadorV2Area2 .recomendadorV2Type {\n    text-transform: uppercase;\n    font-weight: 500;\n    font-size: 11px;\n    letter-spacing: 2px;\n    color: #666;\n    margin: 12px 0;\n    display: block;\n}\n\n.recomendadorV2Title h2 {\n    padding-top: 0px !important;\n    margin: 0px !important;\n    border-left: none !important;\n    padding-left: 0px !important;\n    line-height: 1.3;\n    color: #000 !important;\n    font-size: 24px;\n    margin-bottom: 12px !important;\n}\n\n.recomendadorV2Desc {\n    color: #333;\n    margin: 12px 0px !important;\n    font-size: 15px;\n    line-height: 1.5;\n}\n\n.recomendadorV2Button {\n    width: auto;\n    max-width: 200px;\n    margin: 0;\n    display: inline-flex;\n    align-items: center;\n    background: #1D3557;\n    border-radius: 8px;\n    color: #fff;\n    height: 36px;\n    justify-content: center;\n    text-align: center;\n    font-size: 14px;\n    padding: 0 20px;\n    transition: background-color 0.2s ease;\n}\n\n.recomendadorV2Button:hover {\n    background: #2a4d7a;\n}\n\n.recomendadorV2Button:after {\n    margin-top: -2px;\n    content: \"\u2192\";\n    padding: 0px 0px 0px 8px;\n}\n\n.recomendadorV2Alert {\n    text-align: left;\n    font-size: 11px;\n    margin-top: 8px;\n    color: #666;\n}\n\n.recomendadorFixedArea {\n    width: 100%;\n    display: flex;\n    justify-content: center;\n    align-items: center;\n}\n\n@media (min-width: 992px) {\n    #recomendadorFixed {\n        width: 32% !important;\n        left: 5%;\n    }\n    .recomendadorCloseFixed{\n        right: inherit !important;\n        left: 378px !important;\n    }\n}\n\n#recomendadorFixed {\n    width: 90%;\n    box-shadow: 0 10px 20px 0px #00000057;\n    display: none;\n    height: 90px;\n    background: #F6F6F6;\n    position: fixed;\n    flex-direction: row;\n    bottom: 10px;\n    z-index: 9999;\n    border-radius: 16px;\n    padding: 7px 10px;\n}\n\n.recomendadorLeftArea {\n    width: 160px;\n}\n\n.recomendadorRightArea h2 {\n    padding-top: 0px;\n    margin: 2px 0px 4px 0px !important;\n    font-weight: 400;\n    text-align: center;\n    padding-left: 0px !important;\n    color: #000 !important;\n    border-left: none !important;\n    line-height: 20px;\n    font-size: 12px !important;\n}\n\n.recomendadorImgFixed {\n    overflow: hidden;\n    padding: 8px 6px;\n    height: 100%;\n}\n\n.recomendadorImgFixed img {\n    height: 100% !important;\n    border-radius: 16px;\n}\n\n.recomendadorRightArea {\n    padding-top: 6px;\n    display: flex;\n    width: calc(100% - 130px);\n    justify-content: space-between;\n    align-items: center;\n    flex-direction: column;\n}\n\n.recomendadorButtonFixed {\n    margin: 0 auto;\n    background: #1D3557;\n    width: 80%;\n    text-align: center;\n    font-size: 10px;\n    color: #FFF;\n    padding: 2px 10px;\n    border-radius: 3px;\n}\n\n.recomendadorButtonFixed:after {\n    margin-top: -3px;\n    content: \"\u2192\";\n    padding: 0px 0px 0px 10px;\n}\n\n.recomendadorAlertFixed {\n    font-weight: 400;\n    text-align: center;\n    color: #484848;\n    font-size: 8px;\n}\n\n.recomendadorCloseFixed {\n    z-index: 99999;\n    display: none;\n    right: 0px;\n    left: inherit;\n    bottom: 99px;\n    position: fixed;\n    justify-content: center;\n    background: #F6F6F6;\n    width: 25px;\n    align-items: center;\n    height: 25px;\n    font-weight: 800;\n    border-radius: 50%;\n    border: 1px solid #EBEBEB;\n}\n\n.recomendadorV2Desc{\n    color: #000000;\n    margin: 20px 0px;\n}\n\n@media (max-width: 576px) {\n    .recomendadorV2Area {\n      padding: 10px;\n      max-width: 100%;\n    }\n  \n    .recomendadorV2Area1 img {\n      width: 100%;\n      border-radius: 6px;\n    }\n  \n    .recomendadorV2Area2 .recomendadorV2Type {\n      font-size: 9px;\n      letter-spacing: 1px;\n      margin: 8px 0;\n    }\n  \n    .recomendadorV2Title h2 {\n      font-size: 18px !important;\n      margin-bottom: 8px !important;\n      line-height: 1.2;\n    }\n  \n    .recomendadorV2Desc {\n      font-size: 14px;\n      margin: 8px 0 !important;\n      line-height: 1.4;\n    }\n  \n    .recomendadorV2Button {\n      font-size: 14px;\n      height: 40px;\n      padding: 0 12px;\n      max-width: 100%;\n      width: 100%;\n    }\n  \n    .recomendadorV2Button:after {\n      padding-left: 6px;\n    }\n  }\n  <\/style>\n        <div class=\"lazyblock-recomendador-v2-2jDGz wp-block-lazyblock-recomendador-v2\">\n        <a class=\"linkrecomendadorv2\" href=\"https:\/\/diariodocomercio.com.br\/mix\/uma-pessoa-morre-e-mais-100-vao-parar-no-hospital-por-causa-de-pizza\/\">\n            <div class=\"recomendadorV2Area\">\n            <div class=\"recomendadorV2Area1\">\n                <div class=\"recomendadorV2Img\">\n                <img class=\"lazyloaded\" decoding=\"async\" src=\"https:\/\/diariodocomercio.com.br\/mix\/wp-content\/uploads\/2025\/09\/pizza.jpg\" data-src=\"https:\/\/diariodocomercio.com.br\/mix\/wp-content\/uploads\/2025\/09\/pizza.jpg\" alt=\"\">\n                <\/div>\n            <\/div>\n            <div class=\"recomendadorV2Area2\">\n                <div class=\"recomendadorV2Type\">\n                    <span>CASOS ESTRANHOS<\/span>\n                <\/div>\n                <div class=\"recomendadorV2Title\">\n                <h2><span>Uma pessoa morre e mais 100 v\u00e3o parar no hospital por causa de pizza<\/span><\/h2>\n                <\/div>\n                <div class=\"recomendadorV2Desc\">\n                <span>Talvez voc\u00ea j\u00e1 tenha passado pela situa\u00e7\u00e3o de comer uma pizza que n\u00e3o caiu t\u00e3o bem assim, mas n\u00f3s achamos \u2026<\/span>\n                <\/div>\n                <div class=\"recomendadorV2Button\">Leia mais<\/div>\n                <div class=\"recomendadorV2Alert\"><\/div>\n            <\/div>\n            <\/div>\n        <\/a>\n        <div>\n            <div style=\"z-index:99999;\" id=\"buttonClose\" onclick=\"closeRecomendadorFixed()\">\n            <div class=\"recomendadorCloseFixed\">X<\/div>\n            <\/div>\n            <a href=\"https:\/\/diariodocomercio.com.br\/mix\/uma-pessoa-morre-e-mais-100-vao-parar-no-hospital-por-causa-de-pizza\/\">\n            <div class=\"recomendadorFixedArea\">\n                <div id=\"recomendadorFixed\">\n                <div class=\"recomendadorLeftArea\">\n                    <div class=\"recomendadorImgFixed\">\n                    <img class=\"lazyload\" decoding=\"async\" src=\"https:\/\/diariodocomercio.com.br\/mix\/wp-content\/uploads\/2025\/09\/pizza.jpg\" alt=\"\">\n                    <\/div>\n                <\/div>\n                <div class=\"recomendadorRightArea\">\n                    <div class=\"recomendadorTitleFixed\">\n                    <h2><span>Uma pessoa morre e mais 100 v\u00e3o parar no hospital por causa de pizza<\/span><\/h2>\n                    <\/div>\n                    <div class=\"recomendadorButtonFixed\">Leia mais<\/div>\n                    <div class=\"recomendadorAlertFixed\"><\/div>\n                <\/div>\n                <\/div>\n            <\/div>\n            <\/a>\n        <\/div>\n        <\/div>\n","protected":false},"excerpt":{"rendered":"<p>Para quem adora comer morangos, mas quer dar um toque extra de sabor nas frutas, tem um truque que muitos chefes de cozinha usam para fugir do clich\u00ea de jogar a\u00e7\u00facar neles. E sem muita demora: o segredo \u00e9 pimenta rosa, ingrediente que vai ajudar a intensificar o sabor das frutas e dar aquele tchan. [&hellip;]<\/p>\n","protected":false},"author":6,"featured_media":15413,"comment_status":"closed","ping_status":"closed","sticky":false,"template":"","format":"standard","meta":{"jnews-multi-image_gallery":[],"jnews_single_post":{"format":"standard"},"jnews_primary_category":[],"jnews_social_meta":[],"jnews_override_counter":[],"jnews_post_split":[],"footnotes":""},"categories":[1],"tags":[],"class_list":["post-38961","post","type-post","status-publish","format-standard","has-post-thumbnail","hentry","category-geral"],"_referencia":"","_links":{"self":[{"href":"https:\/\/diariodocomercio.com.br\/mix\/wp-json\/wp\/v2\/posts\/38961","targetHints":{"allow":["GET"]}}],"collection":[{"href":"https:\/\/diariodocomercio.com.br\/mix\/wp-json\/wp\/v2\/posts"}],"about":[{"href":"https:\/\/diariodocomercio.com.br\/mix\/wp-json\/wp\/v2\/types\/post"}],"author":[{"embeddable":true,"href":"https:\/\/diariodocomercio.com.br\/mix\/wp-json\/wp\/v2\/users\/6"}],"replies":[{"embeddable":true,"href":"https:\/\/diariodocomercio.com.br\/mix\/wp-json\/wp\/v2\/comments?post=38961"}],"version-history":[{"count":1,"href":"https:\/\/diariodocomercio.com.br\/mix\/wp-json\/wp\/v2\/posts\/38961\/revisions"}],"predecessor-version":[{"id":38963,"href":"https:\/\/diariodocomercio.com.br\/mix\/wp-json\/wp\/v2\/posts\/38961\/revisions\/38963"}],"wp:featuredmedia":[{"embeddable":true,"href":"https:\/\/diariodocomercio.com.br\/mix\/wp-json\/wp\/v2\/media\/15413"}],"wp:attachment":[{"href":"https:\/\/diariodocomercio.com.br\/mix\/wp-json\/wp\/v2\/media?parent=38961"}],"wp:term":[{"taxonomy":"category","embeddable":true,"href":"https:\/\/diariodocomercio.com.br\/mix\/wp-json\/wp\/v2\/categories?post=38961"},{"taxonomy":"post_tag","embeddable":true,"href":"https:\/\/diariodocomercio.com.br\/mix\/wp-json\/wp\/v2\/tags?post=38961"}],"curies":[{"name":"wp","href":"https:\/\/api.w.org\/{rel}","templated":true}]}}