{"id":38967,"date":"2026-03-18T19:33:19","date_gmt":"2026-03-18T22:33:19","guid":{"rendered":"https:\/\/diariodocomercio.com.br\/mix\/?p=38967"},"modified":"2026-03-18T19:33:21","modified_gmt":"2026-03-18T22:33:21","slug":"donald-trump-surpreende-o-mundo-e-fecha-acordo-com-o-governador-de-goias","status":"publish","type":"post","link":"https:\/\/diariodocomercio.com.br\/mix\/donald-trump-surpreende-o-mundo-e-fecha-acordo-com-o-governador-de-goias\/","title":{"rendered":"Donald Trump surpreende o mundo e fecha acordo com o governador de Goi\u00e1s"},"content":{"rendered":"\n<p>Os <strong>Estados Unidos <\/strong>e o Estado de <strong>Goi\u00e1s <\/strong>assinaram um acordo para <strong>explora\u00e7\u00e3o de minerais cr\u00edticos e terras raras, <\/strong>anunciado nesta quarta-feira, dia 18. A parceria estabelece diretrizes para mapear o potencial mineral goiano, visando aumentar o acesso de empresas americanas a esses recursos.<\/p>\n\n\n\n<p>O foco \u00e9 no territ\u00f3rio de Goi\u00e1s, estrat\u00e9gico pela presen\u00e7a de minerais como ni\u00f3bio e n\u00edquel, essenciais em tecnologias modernas.<\/p>\n\n\n\n<p>Este acordo \u00e9 in\u00e9dito, sendo a primeira vez que um estado brasileiro firma parceria diretamente com os EUA para explora\u00e7\u00e3o desses recursos. A inten\u00e7\u00e3o \u00e9 expandir o mercado e fortalecer o perfil industrial de Goi\u00e1s. As negocia\u00e7\u00f5es ocorreram em um cen\u00e1rio de crescente interesse global por minerais cr\u00edticos.<\/p>\n\n\n\n<h2 class=\"wp-block-heading\">Transforma\u00e7\u00e3o na minera\u00e7\u00e3o de Goi\u00e1s<\/h2>\n\n\n\n<p>O memorando de entendimento promove um levantamento detalhado das reservas minerais de Goi\u00e1s. Autoriza o estado a identificar \u00e1reas priorit\u00e1rias para explora\u00e7\u00e3o, com o apoio de pol\u00edticas p\u00fablicas espec\u00edficas.<\/p>\n\n\n\n<p>O objetivo \u00e9 desenvolver infraestrutura local para processamento dos minerais, agregando valor \u00e0 produ\u00e7\u00e3o. Essa iniciativa pode posicionar Goi\u00e1s como um importante polo tecnol\u00f3gico e minerador no Brasil.<\/p>\n\n\n\n<p>O projeto incentiva a constru\u00e7\u00e3o de uma cadeia produtiva inovadora, conectando diretamente o estado a mercados internacionais. A parceria prev\u00ea investimento em infraestrutura t\u00e9cnica, essencial para maximizar o potencial econ\u00f4mico da regi\u00e3o.<\/p>\n\n\n\n<h2 class=\"wp-block-heading\">Acordo estrat\u00e9gico com os EUA<\/h2>\n\n\n\n<p>Este acordo representa um marco importante na coopera\u00e7\u00e3o entre Goi\u00e1s e os Estados Unidos. Em n\u00edvel federal, o Brasil pode ampliar parcerias no setor mineral.<\/p>\n\n\n\n<p>O acordo visa refor\u00e7ar a posi\u00e7\u00e3o estrat\u00e9gica do pa\u00eds no mercado global de minerais cr\u00edticos, estimulando investimentos e inova\u00e7\u00e3o tecnol\u00f3gica.<\/p>\n\n\n\n<p>Negocia\u00e7\u00f5es complementares est\u00e3o em andamento para aprofundar essa colabora\u00e7\u00e3o, que pode trazer benef\u00edcios significativos para o desenvolvimento tecnol\u00f3gico nacional.&nbsp;<\/p>\n","protected":false},"excerpt":{"rendered":"<p>Acordo representa um marco importante na coopera\u00e7\u00e3o entre Goi\u00e1s e os Estados Unidos. <\/p>\n","protected":false},"author":12,"featured_media":12067,"comment_status":"closed","ping_status":"closed","sticky":false,"template":"","format":"standard","meta":{"jnews-multi-image_gallery":[],"jnews_single_post":{"format":"standard"},"jnews_primary_category":[],"jnews_social_meta":[],"jnews_override_counter":[],"jnews_post_split":[],"footnotes":""},"categories":[1],"tags":[],"class_list":["post-38967","post","type-post","status-publish","format-standard","has-post-thumbnail","hentry","category-geral"],"_referencia":"","_links":{"self":[{"href":"https:\/\/diariodocomercio.com.br\/mix\/wp-json\/wp\/v2\/posts\/38967","targetHints":{"allow":["GET"]}}],"collection":[{"href":"https:\/\/diariodocomercio.com.br\/mix\/wp-json\/wp\/v2\/posts"}],"about":[{"href":"https:\/\/diariodocomercio.com.br\/mix\/wp-json\/wp\/v2\/types\/post"}],"author":[{"embeddable":true,"href":"https:\/\/diariodocomercio.com.br\/mix\/wp-json\/wp\/v2\/users\/12"}],"replies":[{"embeddable":true,"href":"https:\/\/diariodocomercio.com.br\/mix\/wp-json\/wp\/v2\/comments?post=38967"}],"version-history":[{"count":1,"href":"https:\/\/diariodocomercio.com.br\/mix\/wp-json\/wp\/v2\/posts\/38967\/revisions"}],"predecessor-version":[{"id":38968,"href":"https:\/\/diariodocomercio.com.br\/mix\/wp-json\/wp\/v2\/posts\/38967\/revisions\/38968"}],"wp:featuredmedia":[{"embeddable":true,"href":"https:\/\/diariodocomercio.com.br\/mix\/wp-json\/wp\/v2\/media\/12067"}],"wp:attachment":[{"href":"https:\/\/diariodocomercio.com.br\/mix\/wp-json\/wp\/v2\/media?parent=38967"}],"wp:term":[{"taxonomy":"category","embeddable":true,"href":"https:\/\/diariodocomercio.com.br\/mix\/wp-json\/wp\/v2\/categories?post=38967"},{"taxonomy":"post_tag","embeddable":true,"href":"https:\/\/diariodocomercio.com.br\/mix\/wp-json\/wp\/v2\/tags?post=38967"}],"curies":[{"name":"wp","href":"https:\/\/api.w.org\/{rel}","templated":true}]}}