{"id":38985,"date":"2026-03-18T21:28:00","date_gmt":"2026-03-19T00:28:00","guid":{"rendered":"https:\/\/diariodocomercio.com.br\/mix\/?p=38985"},"modified":"2026-03-18T20:57:35","modified_gmt":"2026-03-18T23:57:35","slug":"neymar-desabafa-e-manda-recado-duro-para-ancelotti-apos-nao-ser-convocado-para-a-selecao-brasileira","status":"publish","type":"post","link":"https:\/\/diariodocomercio.com.br\/mix\/neymar-desabafa-e-manda-recado-duro-para-ancelotti-apos-nao-ser-convocado-para-a-selecao-brasileira\/","title":{"rendered":"Neymar desabafa e manda recado duro para Ancelotti ap\u00f3s n\u00e3o ser convocado para a sele\u00e7\u00e3o brasileira"},"content":{"rendered":"\n<p>A aus\u00eancia de <strong>Neymar <\/strong>na convoca\u00e7\u00e3o mais recente da Sele\u00e7\u00e3o Brasileira gerou grande repercuss\u00e3o no mundo do futebol. No dia 16 de mar\u00e7o, o t\u00e9cnico Carlo Ancelotti divulgou a lista de jogadores para os amistosos contra a Fran\u00e7a e a Cro\u00e1cia, sem incluir Neymar. O jogador tomou conhecimento desta decis\u00e3o em seu local de treino.<\/p>\n\n\n\n<p>A decis\u00e3o de Ancelotti reverberou rapidamente e a expectativa sobre a rea\u00e7\u00e3o de Neymar era grande. Um v\u00eddeo divulgado nas redes sociais mostra que o atacante acompanhou a divulga\u00e7\u00e3o da lista em transmiss\u00e3o pelo celular, enquanto fazia tratamento. Ao ver que n\u00e3o tinha sido convocado pelo italiano, brincou: <em>&#8220;P\u00f4, Ancelotti, e eu?&#8221;.<\/em> Na sequ\u00eancia, explicou um pouco do que sentiu.<\/p>\n\n\n\n<blockquote class=\"instagram-media\" data-instgrm-permalink=\"https:\/\/www.instagram.com\/reel\/DWCUBZUgjYB\/?utm_source=ig_embed&amp;utm_campaign=loading\" data-instgrm-version=\"14\" style=\"background:#FFF;border:0;border-radius:3px;margin: 1px;max-width:540px;min-width:326px;padding:0;width:99.375%;width:-webkit-calc(100% - 2px);width:calc(100% - 2px)\"><div style=\"padding:16px\"> <a href=\"https:\/\/www.instagram.com\/reel\/DWCUBZUgjYB\/?utm_source=ig_embed&amp;utm_campaign=loading\" style=\"background:#FFFFFF;line-height:0;padding:0 0;text-align:center;text-decoration:none;width:100%\" target=\"_blank\" rel=\"noopener\"> <div style=\"flex-direction: row;align-items: center\"> <div style=\"background-color: #F4F4F4;border-radius: 50%;flex-grow: 0;height: 40px;margin-right: 14px;width: 40px\"><\/div> <div style=\"flex-direction: column;flex-grow: 1;justify-content: center\"> <div style=\"background-color: #F4F4F4;border-radius: 4px;flex-grow: 0;height: 14px;margin-bottom: 6px;width: 100px\"><\/div> <div style=\"background-color: #F4F4F4;border-radius: 4px;flex-grow: 0;height: 14px;width: 60px\"><\/div><\/div><\/div><div style=\"padding: 19% 0\"><\/div> <div style=\"height:50px;margin:0 auto 12px;width:50px\"><\/div><div style=\"padding-top: 8px\"> <div style=\"color:#3897f0;font-family:Arial,sans-serif;font-size:14px;font-style:normal;font-weight:550;line-height:18px\">Ver essa foto no Instagram<\/div><\/div><div style=\"padding: 12.5% 0\"><\/div> <div style=\"flex-direction: row;margin-bottom: 14px;align-items: center\"><div> <div style=\"background-color: #F4F4F4;border-radius: 50%;height: 12.5px;width: 12.5px\"><\/div> <div style=\"background-color: #F4F4F4;height: 12.5px;width: 12.5px;flex-grow: 0;margin-right: 14px;margin-left: 2px\"><\/div> <div style=\"background-color: #F4F4F4;border-radius: 50%;height: 12.5px;width: 12.5px\"><\/div><\/div><div style=\"margin-left: 8px\"> <div style=\"background-color: #F4F4F4;border-radius: 50%;flex-grow: 0;height: 20px;width: 20px\"><\/div> <div style=\"width: 0;height: 0;border-top: 2px solid transparent;border-left: 6px solid #f4f4f4;border-bottom: 2px solid transparent\"><\/div><\/div><div style=\"margin-left: auto\"> <div style=\"width: 0px;border-top: 8px solid #F4F4F4;border-right: 8px solid transparent\"><\/div> <div style=\"background-color: #F4F4F4;flex-grow: 0;height: 12px;width: 16px\"><\/div> <div style=\"width: 0;height: 0;border-top: 8px solid #F4F4F4;border-left: 8px solid transparent\"><\/div><\/div><\/div> <div style=\"flex-direction: column;flex-grow: 1;justify-content: center;margin-bottom: 24px\"> <div style=\"background-color: #F4F4F4;border-radius: 4px;flex-grow: 0;height: 14px;margin-bottom: 6px;width: 224px\"><\/div> <div style=\"background-color: #F4F4F4;border-radius: 4px;flex-grow: 0;height: 14px;width: 144px\"><\/div><\/div><\/a><p style=\"color:#c9c8cd;font-family:Arial,sans-serif;font-size:14px;line-height:17px;margin-bottom:0;margin-top:8px;overflow:hidden;padding:8px 0 7px;text-align:center;white-space:nowrap\"><a href=\"https:\/\/www.instagram.com\/reel\/DWCUBZUgjYB\/?utm_source=ig_embed&amp;utm_campaign=loading\" style=\"color:#c9c8cd;font-family:Arial,sans-serif;font-size:14px;font-style:normal;font-weight:normal;line-height:17px;text-decoration:none\" target=\"_blank\" rel=\"noopener\">Um post compartilhado por Hugo Gloss (@hugogloss)<\/a><\/p><\/div><\/blockquote>\n<script async src=\"\/\/www.instagram.com\/embed.js\"><\/script>\n\n\n\n<p>Nas semanas que antecederam a convoca\u00e7\u00e3o, Neymar participou de atividades profissionais com o Santos. A aten\u00e7\u00e3o est\u00e1 voltada para seu desempenho e forma f\u00edsica, aspectos que podem influenciar em futuras convoca\u00e7\u00f5es.<\/p>\n\n\n\n<h2 class=\"wp-block-heading\">Foco de Neymar<\/h2>\n\n\n\n<p>O jogador admitiu tristeza com a decis\u00e3o, mas reiterou <strong>apoio incondicional \u00e0 equipe nacional.<\/strong> O camisa 10 afirmou que, independentemente de estar relacionado, torcer\u00e1 pelo Brasil e projetou a necessidade de dar continuidade ao trabalho de recupera\u00e7\u00e3o e aprimoramento t\u00e9cnico para estar preparado caso surja nova oportunidade.<\/p>\n\n\n\n<p>Ap\u00f3s o an\u00fancio, Neymar seguiu para Guarulhos, onde participou da King&#8217;s League, competi\u00e7\u00e3o de futebol society. No evento, integrou o time F\u00faria, derrotado pelo DesimpaiN. Durante a partida, cobrou a &#8220;carta especial&#8221; do presidente da liga, convertendo a penalidade. O jogador confessou nervosismo antes da cobran\u00e7a.<\/p>\n\n\n\n<p>A participa\u00e7\u00e3o ocorreu em meio a per\u00edodo de recupera\u00e7\u00e3o f\u00edsica. Neymar informou que retornar\u00e1 para casa, dar\u00e1 continuidade ao tratamento e descansar\u00e1.&nbsp;<\/p>\n","protected":false},"excerpt":{"rendered":"<p>A aus\u00eancia de Neymar na convoca\u00e7\u00e3o mais recente da Sele\u00e7\u00e3o Brasileira gerou grande repercuss\u00e3o.<\/p>\n","protected":false},"author":12,"featured_media":27757,"comment_status":"closed","ping_status":"closed","sticky":false,"template":"","format":"standard","meta":{"jnews-multi-image_gallery":[],"jnews_single_post":{"format":"standard"},"jnews_primary_category":[],"jnews_social_meta":[],"jnews_override_counter":[],"jnews_post_split":[],"footnotes":""},"categories":[1],"tags":[],"class_list":["post-38985","post","type-post","status-publish","format-standard","has-post-thumbnail","hentry","category-geral"],"_referencia":"","_links":{"self":[{"href":"https:\/\/diariodocomercio.com.br\/mix\/wp-json\/wp\/v2\/posts\/38985","targetHints":{"allow":["GET"]}}],"collection":[{"href":"https:\/\/diariodocomercio.com.br\/mix\/wp-json\/wp\/v2\/posts"}],"about":[{"href":"https:\/\/diariodocomercio.com.br\/mix\/wp-json\/wp\/v2\/types\/post"}],"author":[{"embeddable":true,"href":"https:\/\/diariodocomercio.com.br\/mix\/wp-json\/wp\/v2\/users\/12"}],"replies":[{"embeddable":true,"href":"https:\/\/diariodocomercio.com.br\/mix\/wp-json\/wp\/v2\/comments?post=38985"}],"version-history":[{"count":2,"href":"https:\/\/diariodocomercio.com.br\/mix\/wp-json\/wp\/v2\/posts\/38985\/revisions"}],"predecessor-version":[{"id":38987,"href":"https:\/\/diariodocomercio.com.br\/mix\/wp-json\/wp\/v2\/posts\/38985\/revisions\/38987"}],"wp:featuredmedia":[{"embeddable":true,"href":"https:\/\/diariodocomercio.com.br\/mix\/wp-json\/wp\/v2\/media\/27757"}],"wp:attachment":[{"href":"https:\/\/diariodocomercio.com.br\/mix\/wp-json\/wp\/v2\/media?parent=38985"}],"wp:term":[{"taxonomy":"category","embeddable":true,"href":"https:\/\/diariodocomercio.com.br\/mix\/wp-json\/wp\/v2\/categories?post=38985"},{"taxonomy":"post_tag","embeddable":true,"href":"https:\/\/diariodocomercio.com.br\/mix\/wp-json\/wp\/v2\/tags?post=38985"}],"curies":[{"name":"wp","href":"https:\/\/api.w.org\/{rel}","templated":true}]}}