{"id":42835,"date":"2026-04-26T08:51:00","date_gmt":"2026-04-26T11:51:00","guid":{"rendered":"https:\/\/diariodocomercio.com.br\/mix\/?p=42835"},"modified":"2026-04-22T14:28:47","modified_gmt":"2026-04-22T17:28:47","slug":"enquanto-no-brasil-maioridade-penal-e-18-anos-neste-pais-criancas-a-partir-de-12-anos-ja-podem-ser-presas","status":"publish","type":"post","link":"https:\/\/diariodocomercio.com.br\/mix\/enquanto-no-brasil-maioridade-penal-e-18-anos-neste-pais-criancas-a-partir-de-12-anos-ja-podem-ser-presas\/","title":{"rendered":"Enquanto no Brasil maioridade penal \u00e9 18 anos, neste pa\u00eds crian\u00e7as a partir de 12 anos j\u00e1 podem ser presas"},"content":{"rendered":"\n<p>Enquanto o Brasil mant\u00e9m a maioridade penal fixada aos 18 anos, El Salvador adotou uma das legisla\u00e7\u00f5es mais r\u00edgidas do mundo ao permitir que adolescentes a partir dos 12 anos possam ser condenados \u00e0 pris\u00e3o perp\u00e9tua por crimes graves. A medida passa a valer a partir de 26 de abril, ap\u00f3s aprova\u00e7\u00e3o de reformas constitucionais pelo Congresso local.<\/p>\n\n\n\n<p>As novas regras foram sancionadas pelo presidente Nayib Bukele e fazem parte de um pacote de endurecimento das pol\u00edticas de seguran\u00e7a p\u00fablica, especialmente no combate \u00e0s gangues. A legisla\u00e7\u00e3o prev\u00ea penas severas para crimes como homic\u00eddio, feminic\u00eddio, estupro e participa\u00e7\u00e3o em organiza\u00e7\u00f5es criminosas.<\/p>\n\n\n\n<p>Al\u00e9m de autorizar a pris\u00e3o perp\u00e9tua para menores, as mudan\u00e7as transformam tribunais juvenis em cortes criminais, respons\u00e1veis por julgar adolescentes em casos mais graves. A legisla\u00e7\u00e3o tamb\u00e9m estabelece revis\u00f5es peri\u00f3dicas das penas, que podem ocorrer ap\u00f3s d\u00e9cadas de cumprimento da condena\u00e7\u00e3o.<\/p>\n\n\n\n<p>A medida, no entanto, tem gerado forte rea\u00e7\u00e3o de organismos internacionais. Entidades como o Fundo das Na\u00e7\u00f5es Unidas para a Inf\u00e2ncia (Unicef) e o Alto Comissariado da ONU para Direitos Humanos apontam que a proposta contraria princ\u00edpios internacionais, que defendem a prioriza\u00e7\u00e3o da reabilita\u00e7\u00e3o de jovens infratores e o uso da pris\u00e3o apenas como \u00faltimo recurso.<\/p>\n\n\n\n<p>As reformas se inserem em um contexto mais amplo de endurecimento das pol\u00edticas de seguran\u00e7a em El Salvador, que vive sob estado de emerg\u00eancia desde 2022. Nesse per\u00edodo, milhares de pessoas foram presas em opera\u00e7\u00f5es contra o crime organizado, levantando questionamentos sobre poss\u00edveis deten\u00e7\u00f5es arbitr\u00e1rias.<\/p>\n\n\n\n<h2 class=\"wp-block-heading\"><strong>Brasil mant\u00e9m regra, mas debate segue no Congresso<\/strong><\/h2>\n\n\n\n<p>No Brasil, a maioridade penal permanece em 18 anos, conforme previsto na Constitui\u00e7\u00e3o. Adolescentes que cometem infra\u00e7\u00f5es s\u00e3o submetidos a medidas socioeducativas, como interna\u00e7\u00e3o, e n\u00e3o ao sistema prisional comum.<\/p>\n\n\n\n<p>Ainda assim, o tema segue em discuss\u00e3o no Congresso Nacional. Uma proposta de emenda \u00e0 Constitui\u00e7\u00e3o (PEC) apresentada em 2025 prev\u00ea a redu\u00e7\u00e3o da maioridade penal para 16 anos, especialmente em casos de crimes graves. A medida, no entanto, enfrenta resist\u00eancia e dependeria de aprova\u00e7\u00e3o legislativa e de referendo popular.<\/p>\n\n\n\n<p>Dados do Anu\u00e1rio Brasileiro de Seguran\u00e7a P\u00fablica indicam que cerca de 12 mil adolescentes cumprem medidas de interna\u00e7\u00e3o no pa\u00eds, menos de 2% da popula\u00e7\u00e3o carcer\u00e1ria total. A maioria dos casos envolve crimes como roubo, furto e tr\u00e1fico de drogas, enquanto delitos violentos representam uma parcela menor.<\/p>\n\n\n\n<h2 class=\"wp-block-heading\"><strong>Cen\u00e1rio internacional mostra regras variadas<\/strong><\/h2>\n\n\n\n<p>A idade de responsabiliza\u00e7\u00e3o criminal varia significativamente ao redor do mundo. Pa\u00edses como Canad\u00e1 permitem responsabiliza\u00e7\u00e3o a partir dos 12 anos, enquanto no Reino Unido jovens podem responder criminalmente a partir dos 10 anos.<\/p>\n\n\n\n<p>Outras na\u00e7\u00f5es, como Argentina e China, adotaram recentemente redu\u00e7\u00f5es na idade penal para 14 anos em casos espec\u00edficos. J\u00e1 pa\u00edses europeus como Fran\u00e7a e Portugal mant\u00eam sistemas que combinam responsabiliza\u00e7\u00e3o progressiva com medidas educativas.<\/p>\n","protected":false},"excerpt":{"rendered":"<p>Enquanto o Brasil mant\u00e9m a maioridade penal fixada aos 18 anos, El Salvador adotou uma das legisla\u00e7\u00f5es mais r\u00edgidas do mundo ao permitir que adolescentes a partir dos 12 anos possam ser condenados \u00e0 pris\u00e3o perp\u00e9tua por crimes graves. A medida passa a valer a partir de 26 de abril, ap\u00f3s aprova\u00e7\u00e3o de reformas constitucionais [&hellip;]<\/p>\n","protected":false},"author":9,"featured_media":28826,"comment_status":"closed","ping_status":"closed","sticky":false,"template":"","format":"standard","meta":{"jnews-multi-image_gallery":[],"jnews_single_post":{"format":"standard"},"jnews_primary_category":[],"jnews_social_meta":[],"jnews_override_counter":[],"jnews_post_split":[],"footnotes":""},"categories":[1],"tags":[],"class_list":["post-42835","post","type-post","status-publish","format-standard","has-post-thumbnail","hentry","category-geral"],"_referencia":"","_links":{"self":[{"href":"https:\/\/diariodocomercio.com.br\/mix\/wp-json\/wp\/v2\/posts\/42835","targetHints":{"allow":["GET"]}}],"collection":[{"href":"https:\/\/diariodocomercio.com.br\/mix\/wp-json\/wp\/v2\/posts"}],"about":[{"href":"https:\/\/diariodocomercio.com.br\/mix\/wp-json\/wp\/v2\/types\/post"}],"author":[{"embeddable":true,"href":"https:\/\/diariodocomercio.com.br\/mix\/wp-json\/wp\/v2\/users\/9"}],"replies":[{"embeddable":true,"href":"https:\/\/diariodocomercio.com.br\/mix\/wp-json\/wp\/v2\/comments?post=42835"}],"version-history":[{"count":1,"href":"https:\/\/diariodocomercio.com.br\/mix\/wp-json\/wp\/v2\/posts\/42835\/revisions"}],"predecessor-version":[{"id":42838,"href":"https:\/\/diariodocomercio.com.br\/mix\/wp-json\/wp\/v2\/posts\/42835\/revisions\/42838"}],"wp:featuredmedia":[{"embeddable":true,"href":"https:\/\/diariodocomercio.com.br\/mix\/wp-json\/wp\/v2\/media\/28826"}],"wp:attachment":[{"href":"https:\/\/diariodocomercio.com.br\/mix\/wp-json\/wp\/v2\/media?parent=42835"}],"wp:term":[{"taxonomy":"category","embeddable":true,"href":"https:\/\/diariodocomercio.com.br\/mix\/wp-json\/wp\/v2\/categories?post=42835"},{"taxonomy":"post_tag","embeddable":true,"href":"https:\/\/diariodocomercio.com.br\/mix\/wp-json\/wp\/v2\/tags?post=42835"}],"curies":[{"name":"wp","href":"https:\/\/api.w.org\/{rel}","templated":true}]}}