{"id":42856,"date":"2026-04-26T09:19:00","date_gmt":"2026-04-26T12:19:00","guid":{"rendered":"https:\/\/diariodocomercio.com.br\/mix\/?p=42856"},"modified":"2026-04-22T17:06:34","modified_gmt":"2026-04-22T20:06:34","slug":"governo-anuncia-decisao-e-brasileiros-vao-pagar-mais-caro-em-conta-essencial-a-partir-de-maio","status":"publish","type":"post","link":"https:\/\/diariodocomercio.com.br\/mix\/governo-anuncia-decisao-e-brasileiros-vao-pagar-mais-caro-em-conta-essencial-a-partir-de-maio\/","title":{"rendered":"Governo anuncia decis\u00e3o e brasileiros v\u00e3o pagar mais caro em conta essencial a partir de maio"},"content":{"rendered":"\n<p>A Ag\u00eancia Nacional de Energia El\u00e9trica (ANEEL) aprovou, nesta quarta-feira (22), uma s\u00e9rie de reajustes nas tarifas de energia el\u00e9trica que devem encarecer a conta de luz em diversas regi\u00f5es do Brasil a partir de maio. A medida impacta diretamente mais de 29 milh\u00f5es de unidades consumidoras, entre resid\u00eancias, com\u00e9rcios e ind\u00fastrias.<\/p>\n\n\n\n<p>Os aumentos fazem parte do ciclo anual de revis\u00e3o tarif\u00e1ria e consolidam o que especialistas j\u00e1 classificam como uma \u201csuper-quarta\u201d de reajustes no setor el\u00e9trico, diante do volume e da abrang\u00eancia das altas autorizadas.<\/p>\n\n\n\n<p>Entre as concession\u00e1rias afetadas est\u00e3o empresas de grande porte como CPFL Paulista, Neoenergia Coelba e Enel Cear\u00e1, al\u00e9m de distribuidoras do grupo Energisa e outras companhias regionais.<\/p>\n\n\n\n<p>Os \u00edndices variam conforme a localidade e o perfil do consumidor, ficando, em geral, entre 5% e 15%. Em alguns casos, como o da CPFL Santa Cruz, os reajustes ultrapassam esse patamar, com impactos mais elevados principalmente para consumidores residenciais.<\/p>\n\n\n\n<p>Na CPFL Paulista, que atende mais de 5 milh\u00f5es de clientes em S\u00e3o Paulo, o aumento m\u00e9dio aprovado foi de 12,13%. J\u00e1 em estados como Mato Grosso do Sul e Sergipe, as altas tamb\u00e9m superam os 10% em determinados segmentos.<\/p>\n\n\n\n<h2 class=\"wp-block-heading\"><strong>Press\u00e3o de custos e impacto no bolso<\/strong><\/h2>\n\n\n\n<p>Segundo a ag\u00eancia reguladora, os reajustes s\u00e3o motivados principalmente pelo aumento nos custos de transmiss\u00e3o, compra de energia e encargos setoriais. O cen\u00e1rio marca uma revers\u00e3o em rela\u00e7\u00e3o a 2025, quando parte das concess\u00f5es registrou estabilidade ou at\u00e9 redu\u00e7\u00e3o nas tarifas.<\/p>\n\n\n\n<p>Sem a ado\u00e7\u00e3o de medidas emergenciais por parte do governo para conter a alta, o impacto ser\u00e1 sentido diretamente nas contas a partir do pr\u00f3ximo ciclo de faturamento.<\/p>\n\n\n\n<p>Com a eleva\u00e7\u00e3o, especialistas apontam que o peso da energia el\u00e9trica no or\u00e7amento das fam\u00edlias tende a crescer, especialmente em regi\u00f5es mais dependentes de sistemas de distribui\u00e7\u00e3o com custos mais elevados.<\/p>\n","protected":false},"excerpt":{"rendered":"<p>A Ag\u00eancia Nacional de Energia El\u00e9trica (ANEEL) aprovou, nesta quarta-feira (22), uma s\u00e9rie de reajustes nas tarifas de energia el\u00e9trica que devem encarecer a conta de luz em diversas regi\u00f5es do Brasil a partir de maio. A medida impacta diretamente mais de 29 milh\u00f5es de unidades consumidoras, entre resid\u00eancias, com\u00e9rcios e ind\u00fastrias. Os aumentos fazem [&hellip;]<\/p>\n","protected":false},"author":9,"featured_media":5543,"comment_status":"closed","ping_status":"closed","sticky":false,"template":"","format":"standard","meta":{"jnews-multi-image_gallery":[],"jnews_single_post":{"format":"standard"},"jnews_primary_category":[],"jnews_social_meta":[],"jnews_override_counter":[],"jnews_post_split":[],"footnotes":""},"categories":[1],"tags":[],"class_list":["post-42856","post","type-post","status-publish","format-standard","has-post-thumbnail","hentry","category-geral"],"_referencia":"","_links":{"self":[{"href":"https:\/\/diariodocomercio.com.br\/mix\/wp-json\/wp\/v2\/posts\/42856","targetHints":{"allow":["GET"]}}],"collection":[{"href":"https:\/\/diariodocomercio.com.br\/mix\/wp-json\/wp\/v2\/posts"}],"about":[{"href":"https:\/\/diariodocomercio.com.br\/mix\/wp-json\/wp\/v2\/types\/post"}],"author":[{"embeddable":true,"href":"https:\/\/diariodocomercio.com.br\/mix\/wp-json\/wp\/v2\/users\/9"}],"replies":[{"embeddable":true,"href":"https:\/\/diariodocomercio.com.br\/mix\/wp-json\/wp\/v2\/comments?post=42856"}],"version-history":[{"count":1,"href":"https:\/\/diariodocomercio.com.br\/mix\/wp-json\/wp\/v2\/posts\/42856\/revisions"}],"predecessor-version":[{"id":42863,"href":"https:\/\/diariodocomercio.com.br\/mix\/wp-json\/wp\/v2\/posts\/42856\/revisions\/42863"}],"wp:featuredmedia":[{"embeddable":true,"href":"https:\/\/diariodocomercio.com.br\/mix\/wp-json\/wp\/v2\/media\/5543"}],"wp:attachment":[{"href":"https:\/\/diariodocomercio.com.br\/mix\/wp-json\/wp\/v2\/media?parent=42856"}],"wp:term":[{"taxonomy":"category","embeddable":true,"href":"https:\/\/diariodocomercio.com.br\/mix\/wp-json\/wp\/v2\/categories?post=42856"},{"taxonomy":"post_tag","embeddable":true,"href":"https:\/\/diariodocomercio.com.br\/mix\/wp-json\/wp\/v2\/tags?post=42856"}],"curies":[{"name":"wp","href":"https:\/\/api.w.org\/{rel}","templated":true}]}}