{"id":42875,"date":"2026-05-01T09:53:00","date_gmt":"2026-05-01T12:53:00","guid":{"rendered":"https:\/\/diariodocomercio.com.br\/mix\/?p=42875"},"modified":"2026-04-22T17:57:44","modified_gmt":"2026-04-22T20:57:44","slug":"apos-20-anos-governo-confirma-fim-de-imposto-no-brasil","status":"publish","type":"post","link":"https:\/\/diariodocomercio.com.br\/mix\/apos-20-anos-governo-confirma-fim-de-imposto-no-brasil\/","title":{"rendered":"Ap\u00f3s 20 anos, governo confirma fim de imposto no Brasil"},"content":{"rendered":"\n<p>Uma mudan\u00e7a na legisla\u00e7\u00e3o brasileira passou a garantir, a partir de 2026, a isen\u00e7\u00e3o do Imposto sobre a Propriedade de Ve\u00edculos Automotores (IPVA) para carros com 20 anos ou mais de fabrica\u00e7\u00e3o em todo o territ\u00f3rio nacional. A medida uniformiza a regra entre os estados e amplia o acesso ao benef\u00edcio, que antes dependia de legisla\u00e7\u00f5es regionais.<\/p>\n\n\n\n<p>Com a nova norma, ve\u00edculos fabricados at\u00e9 2006 passam a ser automaticamente dispensados do pagamento do imposto, sem necessidade de solicita\u00e7\u00e3o por parte do propriet\u00e1rio. O sistema das secretarias estaduais da Fazenda deve reconhecer a idade do autom\u00f3vel e eliminar a cobran\u00e7a de forma autom\u00e1tica.<\/p>\n\n\n\n<p>O IPVA \u00e9 um tributo estadual cobrado anualmente, mas a aprova\u00e7\u00e3o de uma emenda constitucional padronizou a idade m\u00ednima para isen\u00e7\u00e3o em todo o Brasil. Antes da mudan\u00e7a, cada estado adotava crit\u00e9rios pr\u00f3prios, com prazos que variavam e, em alguns casos, nem sequer previam o benef\u00edcio.<\/p>\n\n\n\n<p>Agora, a unifica\u00e7\u00e3o garante maior previsibilidade ao contribuinte e elimina a depend\u00eancia de decis\u00f5es pol\u00edticas locais. A expectativa \u00e9 de que milh\u00f5es de ve\u00edculos sejam contemplados com a nova regra.<\/p>\n\n\n\n<h2 class=\"wp-block-heading\"><strong>Outras categorias tamb\u00e9m t\u00eam direito<\/strong><\/h2>\n\n\n\n<p>Al\u00e9m dos carros com mais de duas d\u00e9cadas de uso, outras situa\u00e7\u00f5es seguem garantindo isen\u00e7\u00e3o do imposto. Entre elas est\u00e3o pessoas com defici\u00eancia (PcD) ou com transtorno do espectro autista, desde que atendam aos crit\u00e9rios legais e apresentem laudo m\u00e9dico oficial.<\/p>\n\n\n\n<p>Tamb\u00e9m h\u00e1 regras espec\u00edficas para ve\u00edculos com tecnologias mais limpas, como modelos movidos a hidrog\u00eanio ou h\u00edbridos plenos, que possuem isen\u00e7\u00e3o parcial ou total conforme o valor venal e caracter\u00edsticas t\u00e9cnicas. No entanto, nesse caso, o benef\u00edcio ser\u00e1 reduzido gradualmente a partir de 2027.<\/p>\n\n\n\n<p>No estado de S\u00e3o Paulo, por exemplo, motocicletas de at\u00e9 180 cilindradas tamb\u00e9m passaram a ter isen\u00e7\u00e3o para propriet\u00e1rios pessoas f\u00edsicas, desde que estejam com a documenta\u00e7\u00e3o regular.<\/p>\n\n\n\n<p>Apesar do al\u00edvio financeiro com o fim do IPVA para ve\u00edculos antigos, especialistas alertam que o custo total de manuten\u00e7\u00e3o n\u00e3o desaparece. Despesas como licenciamento, seguro, consumo de combust\u00edvel e manuten\u00e7\u00e3o mec\u00e2nica continuam sendo obrigat\u00f3rias e, em muitos casos, mais elevadas para carros mais antigos.<\/p>\n","protected":false},"excerpt":{"rendered":"<p>Uma mudan\u00e7a na legisla\u00e7\u00e3o brasileira passou a garantir, a partir de 2026, a isen\u00e7\u00e3o do Imposto sobre a Propriedade de Ve\u00edculos Automotores (IPVA) para carros com 20 anos ou mais de fabrica\u00e7\u00e3o em todo o territ\u00f3rio nacional. A medida uniformiza a regra entre os estados e amplia o acesso ao benef\u00edcio, que antes dependia de [&hellip;]<\/p>\n","protected":false},"author":9,"featured_media":6687,"comment_status":"closed","ping_status":"closed","sticky":false,"template":"","format":"standard","meta":{"jnews-multi-image_gallery":[],"jnews_single_post":{"format":"standard"},"jnews_primary_category":[],"jnews_social_meta":[],"jnews_override_counter":[],"jnews_post_split":[],"footnotes":""},"categories":[1],"tags":[],"class_list":["post-42875","post","type-post","status-publish","format-standard","has-post-thumbnail","hentry","category-geral"],"_referencia":"","_links":{"self":[{"href":"https:\/\/diariodocomercio.com.br\/mix\/wp-json\/wp\/v2\/posts\/42875","targetHints":{"allow":["GET"]}}],"collection":[{"href":"https:\/\/diariodocomercio.com.br\/mix\/wp-json\/wp\/v2\/posts"}],"about":[{"href":"https:\/\/diariodocomercio.com.br\/mix\/wp-json\/wp\/v2\/types\/post"}],"author":[{"embeddable":true,"href":"https:\/\/diariodocomercio.com.br\/mix\/wp-json\/wp\/v2\/users\/9"}],"replies":[{"embeddable":true,"href":"https:\/\/diariodocomercio.com.br\/mix\/wp-json\/wp\/v2\/comments?post=42875"}],"version-history":[{"count":1,"href":"https:\/\/diariodocomercio.com.br\/mix\/wp-json\/wp\/v2\/posts\/42875\/revisions"}],"predecessor-version":[{"id":42886,"href":"https:\/\/diariodocomercio.com.br\/mix\/wp-json\/wp\/v2\/posts\/42875\/revisions\/42886"}],"wp:featuredmedia":[{"embeddable":true,"href":"https:\/\/diariodocomercio.com.br\/mix\/wp-json\/wp\/v2\/media\/6687"}],"wp:attachment":[{"href":"https:\/\/diariodocomercio.com.br\/mix\/wp-json\/wp\/v2\/media?parent=42875"}],"wp:term":[{"taxonomy":"category","embeddable":true,"href":"https:\/\/diariodocomercio.com.br\/mix\/wp-json\/wp\/v2\/categories?post=42875"},{"taxonomy":"post_tag","embeddable":true,"href":"https:\/\/diariodocomercio.com.br\/mix\/wp-json\/wp\/v2\/tags?post=42875"}],"curies":[{"name":"wp","href":"https:\/\/api.w.org\/{rel}","templated":true}]}}