{"id":42880,"date":"2026-05-01T08:01:00","date_gmt":"2026-05-01T11:01:00","guid":{"rendered":"https:\/\/diariodocomercio.com.br\/mix\/?p=42880"},"modified":"2026-04-22T17:49:58","modified_gmt":"2026-04-22T20:49:58","slug":"justica-autoriza-empresas-a-cortarem-beneficio-de-trabalhadores-no-brasil","status":"publish","type":"post","link":"https:\/\/diariodocomercio.com.br\/mix\/justica-autoriza-empresas-a-cortarem-beneficio-de-trabalhadores-no-brasil\/","title":{"rendered":"Justi\u00e7a autoriza empresas a cortarem benef\u00edcio de trabalhadores no Brasil"},"content":{"rendered":"\n<p>No Brasil, a incerteza sobre o <strong>vale-alimenta\u00e7\u00e3o durante as f\u00e9rias <\/strong>\u00e9 um dilema enfrentado por muitos trabalhadores. Em 2026, a legisla\u00e7\u00e3o trabalhista <strong>n\u00e3o obriga <\/strong>as empresas a fornecer este benef\u00edcio.<\/p>\n\n\n\n<p>Contudo, se o vale constar no contrato de trabalho ou em conven\u00e7\u00e3o coletiva, sua suspens\u00e3o durante as f\u00e9rias pode ser considerada ilegal. Tal pr\u00e1tica se configuraria como uma mudan\u00e7a contratual desfavor\u00e1vel, sem acordo entre empregado e empregador.<\/p>\n\n\n\n<p>A legisla\u00e7\u00e3o brasileira, especificamente o artigo 468 da Consolida\u00e7\u00e3o das Leis do Trabalho (CLT), estabelece que qualquer altera\u00e7\u00e3o nas condi\u00e7\u00f5es de trabalho deve ter o consentimento m\u00fatuo das partes e n\u00e3o deve prejudicar o empregado.<\/p>\n\n\n\n<p>Dessa forma, o vale-alimenta\u00e7\u00e3o torna-se parte integrante de muitos contratos. Se esse benef\u00edcio for regular e cont\u00ednuo, sua retirada durante as f\u00e9rias \u00e9 pass\u00edvel de contesta\u00e7\u00e3o legal.<\/p>\n\n\n\n<p>Em caso do benef\u00edcio n\u00e3o estar previamente acordado e registrado, decis\u00f5es judiciais mostram que a suspens\u00e3o do repasse \u00e9 legal.<\/p>\n\n\n\n<h2 class=\"wp-block-heading\">Quando o benef\u00edcio se torna obrigat\u00f3rio?<\/h2>\n\n\n\n<p>O vale-alimenta\u00e7\u00e3o adquire car\u00e1ter obrigat\u00f3rio quando est\u00e1 previsto em acordos coletivos ou contratos de trabalho espec\u00edficos. Nesses casos, a empresa n\u00e3o pode interromper esse pagamento durante as f\u00e9rias sem violar compromissos legais.<\/p>\n\n\n\n<p>Al\u00e9m disso, o hist\u00f3rico de concess\u00e3o cont\u00ednua do benef\u00edcio refor\u00e7a a necessidade de sua manuten\u00e7\u00e3o, configurando uma pr\u00e1tica contratual consolidada.<\/p>\n\n\n\n<h2 class=\"wp-block-heading\">Implica\u00e7\u00f5es jur\u00eddicas em jogo<\/h2>\n\n\n\n<p>A Consolida\u00e7\u00e3o das Leis do Trabalho (CLT) n\u00e3o esclarece a obrigatoriedade do vale-alimenta\u00e7\u00e3o, mas impede a retirada de benef\u00edcios <strong>j\u00e1 integrados ao contrato <\/strong>sem o consentimento do trabalhador.<\/p>\n\n\n\n<p>Assim, a\u00e7\u00f5es judiciais podem surgir caso as empresas suspendam o pagamento nas f\u00e9rias sem respaldo contratual ou hist\u00f3rico de concess\u00e3o.<\/p>\n\n\n\n<p>Para assegurar o direito ao vale-alimenta\u00e7\u00e3o, os trabalhadores devem examinar contratos e acordos coletivos minuciosamente. Certificar-se de que o benef\u00edcio est\u00e1 documentado \u00e9 essencial. Em caso de corte indevido durante as f\u00e9rias, o trabalhador pode buscar respaldo legal para reverter a decis\u00e3o.<\/p>\n","protected":false},"excerpt":{"rendered":"<p>A Consolida\u00e7\u00e3o das Leis do Trabalho (CLT) n\u00e3o esclarece a obrigatoriedade de benef\u00edcio.<\/p>\n","protected":false},"author":12,"featured_media":15568,"comment_status":"closed","ping_status":"closed","sticky":false,"template":"","format":"standard","meta":{"jnews-multi-image_gallery":[],"jnews_single_post":{"format":"standard"},"jnews_primary_category":[],"jnews_social_meta":[],"jnews_override_counter":[],"jnews_post_split":[],"footnotes":""},"categories":[1],"tags":[],"class_list":["post-42880","post","type-post","status-publish","format-standard","has-post-thumbnail","hentry","category-geral"],"_referencia":"","_links":{"self":[{"href":"https:\/\/diariodocomercio.com.br\/mix\/wp-json\/wp\/v2\/posts\/42880","targetHints":{"allow":["GET"]}}],"collection":[{"href":"https:\/\/diariodocomercio.com.br\/mix\/wp-json\/wp\/v2\/posts"}],"about":[{"href":"https:\/\/diariodocomercio.com.br\/mix\/wp-json\/wp\/v2\/types\/post"}],"author":[{"embeddable":true,"href":"https:\/\/diariodocomercio.com.br\/mix\/wp-json\/wp\/v2\/users\/12"}],"replies":[{"embeddable":true,"href":"https:\/\/diariodocomercio.com.br\/mix\/wp-json\/wp\/v2\/comments?post=42880"}],"version-history":[{"count":3,"href":"https:\/\/diariodocomercio.com.br\/mix\/wp-json\/wp\/v2\/posts\/42880\/revisions"}],"predecessor-version":[{"id":42883,"href":"https:\/\/diariodocomercio.com.br\/mix\/wp-json\/wp\/v2\/posts\/42880\/revisions\/42883"}],"wp:featuredmedia":[{"embeddable":true,"href":"https:\/\/diariodocomercio.com.br\/mix\/wp-json\/wp\/v2\/media\/15568"}],"wp:attachment":[{"href":"https:\/\/diariodocomercio.com.br\/mix\/wp-json\/wp\/v2\/media?parent=42880"}],"wp:term":[{"taxonomy":"category","embeddable":true,"href":"https:\/\/diariodocomercio.com.br\/mix\/wp-json\/wp\/v2\/categories?post=42880"},{"taxonomy":"post_tag","embeddable":true,"href":"https:\/\/diariodocomercio.com.br\/mix\/wp-json\/wp\/v2\/tags?post=42880"}],"curies":[{"name":"wp","href":"https:\/\/api.w.org\/{rel}","templated":true}]}}